{"id":40175,"date":"2025-12-01T10:30:15","date_gmt":"2025-12-01T09:30:15","guid":{"rendered":"https:\/\/bergers-schlagerparadies.de\/?p=40175"},"modified":"2025-12-03T23:13:20","modified_gmt":"2025-12-03T22:13:20","slug":"adrian-laza-helden-%c2%b7-bergers-schlagerparadies","status":"publish","type":"post","link":"https:\/\/bergers-schlagerparadies.de\/?p=40175","title":{"rendered":"Adrian Laza &#8211; Helden \u00b7 Berger\u00b4s Schlagerparadies"},"content":{"rendered":"<p><img loading=\"lazy\" decoding=\"async\" class=\"size-medium wp-image-40176 alignleft\" src=\"https:\/\/bergers-schlagerparadies.de\/wp-content\/uploads\/2025\/11\/Adrian-Laza-Helden-300x300.jpeg\" alt=\"\" width=\"300\" height=\"300\" srcset=\"https:\/\/bergers-schlagerparadies.de\/wp-content\/uploads\/2025\/11\/Adrian-Laza-Helden-300x300.jpeg 300w, https:\/\/bergers-schlagerparadies.de\/wp-content\/uploads\/2025\/11\/Adrian-Laza-Helden-1024x1024.jpeg 1024w, https:\/\/bergers-schlagerparadies.de\/wp-content\/uploads\/2025\/11\/Adrian-Laza-Helden-150x150.jpeg 150w, https:\/\/bergers-schlagerparadies.de\/wp-content\/uploads\/2025\/11\/Adrian-Laza-Helden-768x768.jpeg 768w, https:\/\/bergers-schlagerparadies.de\/wp-content\/uploads\/2025\/11\/Adrian-Laza-Helden-1536x1536.jpeg 1536w, https:\/\/bergers-schlagerparadies.de\/wp-content\/uploads\/2025\/11\/Adrian-Laza-Helden-2048x2048.jpeg 2048w, https:\/\/bergers-schlagerparadies.de\/wp-content\/uploads\/2025\/11\/Adrian-Laza-Helden-1200x1200.jpeg 1200w, https:\/\/bergers-schlagerparadies.de\/wp-content\/uploads\/2025\/11\/Adrian-Laza-Helden-1188x1188.jpeg 1188w, https:\/\/bergers-schlagerparadies.de\/wp-content\/uploads\/2025\/11\/Adrian-Laza-Helden-100x100.jpeg 100w\" sizes=\"auto, (max-width: 300px) 100vw, 300px\" \/>Adrian Laza ver\u00f6ffentlicht emotionale Mut mach-Single \u201eHelden\u201c \u2013 eine Hymne f\u00fcr die<br \/>\nstillen K\u00e4mpfer unseres Alltags.<\/p>\n<p>Deutschland, 05. Dezember 2025 \u2013 Der deutsche Singer-Songwriter Adrian Laza, bekannt f\u00fcr seine mitrei\u00dfende Musik-Kom\u00f6die \u201eNiemals in New York\u201c, ver\u00f6ffentlicht am 05.12.2025 seine neue Single \u201eHelden\u201c.<\/p>\n<p>Mit \u201eHelden\u201c pr\u00e4sentiert Adrian Laza einen tiefgr\u00fcndigen, emotionalen Titel \u00fcber Menschen, die jeden Tag \u00fcber sich hinauswachsen \u2013 oftmals ohne gesehen zu werden: der Junge, der der \u00e4lteren Dame \u00fcber die Stra\u00dfe hilft, die Feuerwehrleute, die ins Ungewisse gehen, die Schichtarbeiter, die nachts alles am Laufen halten, und all jene, die im Stillen k\u00e4mpfen und trotzdem weitermachen.<\/p>\n<p>Adrian beschreibt seine Motivation so: \u201eIch glaube, dass dieses Lied etwas in jedem ber\u00fchren kann. Ich, als jemand, der immer Verbindung sucht, m\u00f6chte auf der B\u00fchne jeden einzelnen mitnehmen und ein St\u00fcck W\u00e4rme dalassen.<\/p>\n<p>Mit diesem Song will ich den stillen K\u00e4mpfern ein Licht schenken. Den Menschen, die am Rand des Aufgebens stehen, zufl\u00fcstern: Du wirst gebraucht.\u201c<\/p>\n<p>\u201eHelden\u201c ist eine musikalische Verbeugung vor den Alltagshelden \u2013 authentisch, ehrlich und getragen von Adrian Lazas intensiver Stimme, die bereits tausende mit seiner B\u00fchnenproduktion \u201eNiemals in New York\u201c ber\u00fchrt hat.<\/p>\n<p><span style=\"color: #800000;\"><strong>Quelle: Fiesta Records<\/strong><\/span><\/p>\n<p><span style=\"color: #800000;\"><strong>Dieser Song ist ab dem 05.12.2025 auf allen Download- und Streaming-Portalen erh\u00e4ltlich.\u00a0<\/strong><\/span><\/p>\n<p><span style=\"color: #800000;\"><strong>Airdate (f\u00fcr Radiosender): 03.12.2025<\/strong><\/span><\/p>\n","protected":false},"excerpt":{"rendered":"<p>Adrian Laza ver\u00f6ffentlicht emotionale Mut mach-Single \u201eHelden\u201c \u2013 eine Hymne f\u00fcr die stillen K\u00e4mpfer unseres Alltags. Deutschland, 05. Dezember 2025 \u2013 Der deutsche Singer-Songwriter Adrian Laza, bekannt f\u00fcr seine mitrei\u00dfende Musik-Kom\u00f6die \u201eNiemals in New York\u201c, ver\u00f6ffentlicht am 05.12.2025 seine neue Single \u201eHelden\u201c. Mit \u201eHelden\u201c pr\u00e4sentiert Adrian Laza einen tiefgr\u00fcndigen, emotionalen Titel \u00fcber Menschen, die jeden Tag \u00fcber sich hinauswachsen \u2013 oftmals ohne gesehen zu werden: der Junge, der der \u00e4lteren Dame \u00fcber die Stra\u00dfe hilft, die Feuerwehrleute, die ins Ungewisse gehen, die Schichtarbeiter, die nachts alles am Laufen halten, und all jene, die im Stillen k\u00e4mpfen und trotzdem weitermachen. Adrian beschreibt seine Motivation so: \u201eIch&#8230;<\/p>\n","protected":false},"author":1,"featured_media":40176,"comment_status":"open","ping_status":"open","sticky":false,"template":"","format":"standard","meta":{"footnotes":""},"categories":[3231,3255,3264,3232,2],"tags":[4450],"class_list":["post-40175","post","type-post","status-publish","format-standard","has-post-thumbnail","hentry","category-bergers-schlagerparadies","category-deutsch","category-deutsch-pop","category-fiesta-records","category-schlager","tag-adrian-laza","wpcat-3231-id","wpcat-3255-id","wpcat-3264-id","wpcat-3232-id","wpcat-2-id"],"_links":{"self":[{"href":"https:\/\/bergers-schlagerparadies.de\/index.php?rest_route=\/wp\/v2\/posts\/40175","targetHints":{"allow":["GET"]}}],"collection":[{"href":"https:\/\/bergers-schlagerparadies.de\/index.php?rest_route=\/wp\/v2\/posts"}],"about":[{"href":"https:\/\/bergers-schlagerparadies.de\/index.php?rest_route=\/wp\/v2\/types\/post"}],"author":[{"embeddable":true,"href":"https:\/\/bergers-schlagerparadies.de\/index.php?rest_route=\/wp\/v2\/users\/1"}],"replies":[{"embeddable":true,"href":"https:\/\/bergers-schlagerparadies.de\/index.php?rest_route=%2Fwp%2Fv2%2Fcomments&post=40175"}],"version-history":[{"count":2,"href":"https:\/\/bergers-schlagerparadies.de\/index.php?rest_route=\/wp\/v2\/posts\/40175\/revisions"}],"predecessor-version":[{"id":40301,"href":"https:\/\/bergers-schlagerparadies.de\/index.php?rest_route=\/wp\/v2\/posts\/40175\/revisions\/40301"}],"wp:featuredmedia":[{"embeddable":true,"href":"https:\/\/bergers-schlagerparadies.de\/index.php?rest_route=\/wp\/v2\/media\/40176"}],"wp:attachment":[{"href":"https:\/\/bergers-schlagerparadies.de\/index.php?rest_route=%2Fwp%2Fv2%2Fmedia&parent=40175"}],"wp:term":[{"taxonomy":"category","embeddable":true,"href":"https:\/\/bergers-schlagerparadies.de\/index.php?rest_route=%2Fwp%2Fv2%2Fcategories&post=40175"},{"taxonomy":"post_tag","embeddable":true,"href":"https:\/\/bergers-schlagerparadies.de\/index.php?rest_route=%2Fwp%2Fv2%2Ftags&post=40175"}],"curies":[{"name":"wp","href":"https:\/\/api.w.org\/{rel}","templated":true}]}}