{"id":40059,"date":"2025-11-21T16:03:14","date_gmt":"2025-11-21T15:03:14","guid":{"rendered":"https:\/\/bergers-schlagerparadies.de\/?p=40059"},"modified":"2025-11-21T16:03:14","modified_gmt":"2025-11-21T15:03:14","slug":"berit-finke-das-erste-weihnachtsfest-%c2%b7-bergers-schlagerparadies","status":"publish","type":"post","link":"https:\/\/bergers-schlagerparadies.de\/?p=40059","title":{"rendered":"Berit Finke &#8211; Das erste Weihnachtsfest \u00b7 Berger\u00b4s Schlagerparadies"},"content":{"rendered":"<p class=\"entry-title\"><img loading=\"lazy\" decoding=\"async\" class=\"size-medium wp-image-40060 alignleft\" src=\"https:\/\/bergers-schlagerparadies.de\/wp-content\/uploads\/2025\/11\/Berit-Finke-Das-erste-Weihnachtsfest-300x300.jpg\" alt=\"\" width=\"300\" height=\"300\" srcset=\"https:\/\/bergers-schlagerparadies.de\/wp-content\/uploads\/2025\/11\/Berit-Finke-Das-erste-Weihnachtsfest-300x300.jpg 300w, https:\/\/bergers-schlagerparadies.de\/wp-content\/uploads\/2025\/11\/Berit-Finke-Das-erste-Weihnachtsfest-1024x1024.jpg 1024w, https:\/\/bergers-schlagerparadies.de\/wp-content\/uploads\/2025\/11\/Berit-Finke-Das-erste-Weihnachtsfest-150x150.jpg 150w, https:\/\/bergers-schlagerparadies.de\/wp-content\/uploads\/2025\/11\/Berit-Finke-Das-erste-Weihnachtsfest-768x768.jpg 768w, https:\/\/bergers-schlagerparadies.de\/wp-content\/uploads\/2025\/11\/Berit-Finke-Das-erste-Weihnachtsfest-1200x1200.jpg 1200w, https:\/\/bergers-schlagerparadies.de\/wp-content\/uploads\/2025\/11\/Berit-Finke-Das-erste-Weihnachtsfest-1188x1188.jpg 1188w, https:\/\/bergers-schlagerparadies.de\/wp-content\/uploads\/2025\/11\/Berit-Finke-Das-erste-Weihnachtsfest-100x100.jpg 100w, https:\/\/bergers-schlagerparadies.de\/wp-content\/uploads\/2025\/11\/Berit-Finke-Das-erste-Weihnachtsfest.jpg 1400w\" sizes=\"auto, (max-width: 300px) 100vw, 300px\" \/>Mit ihrer neuen Weihnachtssingle pr\u00e4sentiert Berit Finke eine romantische Hymne an die Liebe in der besinnlichsten Zeit des Jahres. \u201eDas erste Weihnachtsfest\u201c verzaubert mit warmen Bildern von Schnee, Kerzenlicht, Kaminfeuer und der Vorfreude auf gemeinsame Momente unter dem Weihnachtsbaum.<\/p>\n<p>Musikalisch setzt die K\u00fcnstlerin dabei auf eing\u00e4ngigen Pop-Schlager-Sound, der festliche Stimmung mit emotionaler Tiefe verbindet. Produziert wurde der Titel vom erfahrenen Team Peter Werba &amp; Welzel, die bereits mit Stars wie Roland Kaiser, Maite Kelly oder Marianne Rosenberg gearbeitet haben. Der gef\u00fchlvolle Text stammt aus der Feder von Matthias Teriet.<\/p>\n<p>F\u00fcr Berit Finke markiert die Ver\u00f6ffentlichung auch einen wichtigen Karriereschritt: Nach ihrem Wechsel zu Palm Records \/ Telamo kommt mit dieser wundersch\u00f6nen Nummer die zweite Single Ver\u00f6ffentlichung mit neuem Team\u00a0\u00a0 \u2013 professionell, modern und voller Gef\u00fchl.<\/p>\n<p>\u201eDas erste Weihnachtsfest\u201c ist der perfekte Soundtrack f\u00fcr die Adventszeit \u2013 ein Lied \u00fcber Zweisamkeit, Geborgenheit und die Magie der Liebe an Weihnachten.<\/p>\n<p>\u201eDas erste Weihnachtsfest\u201c erscheint am 21.11.25 bei Palm Records\/Telamo<\/p>\n<p><span style=\"color: #800000;\"><strong>Quelle: Palm Records\/Telamo<\/strong><\/span><\/p>\n<p><span style=\"color: #800000;\"><strong>Dieser Song ist ab dem 21.11.2025 auf allen Download- und Streaming-Portalen erh\u00e4ltlich.\u00a0<\/strong><\/span><\/p>\n<p><span style=\"color: #800000;\"><strong>Airdate (f\u00fcr Radiosender): 21.11.2025<\/strong><\/span><\/p>\n","protected":false},"excerpt":{"rendered":"<p>Mit ihrer neuen Weihnachtssingle pr\u00e4sentiert Berit Finke eine romantische Hymne an die Liebe in der besinnlichsten Zeit des Jahres. \u201eDas erste Weihnachtsfest\u201c verzaubert mit warmen Bildern von Schnee, Kerzenlicht, Kaminfeuer und der Vorfreude auf gemeinsame Momente unter dem Weihnachtsbaum. Musikalisch setzt die K\u00fcnstlerin dabei auf eing\u00e4ngigen Pop-Schlager-Sound, der festliche Stimmung mit emotionaler Tiefe verbindet. Produziert wurde der Titel vom erfahrenen Team Peter Werba &amp; Welzel, die bereits mit Stars wie Roland Kaiser, Maite Kelly oder Marianne Rosenberg gearbeitet haben. Der gef\u00fchlvolle Text stammt aus der Feder von Matthias Teriet. F\u00fcr Berit Finke markiert die Ver\u00f6ffentlichung auch einen wichtigen Karriereschritt: Nach ihrem Wechsel zu Palm Records&#8230;<\/p>\n","protected":false},"author":1,"featured_media":40060,"comment_status":"open","ping_status":"open","sticky":false,"template":"","format":"standard","meta":{"footnotes":""},"categories":[3231,3684,2,3239,3234,3290],"tags":[2929],"class_list":["post-40059","post","type-post","status-publish","format-standard","has-post-thumbnail","hentry","category-bergers-schlagerparadies","category-palm-records","category-schlager","category-telamo","category-weihnachten","category-weihnachtslieder","tag-berit-finke","wpcat-3231-id","wpcat-3684-id","wpcat-2-id","wpcat-3239-id","wpcat-3234-id","wpcat-3290-id"],"_links":{"self":[{"href":"https:\/\/bergers-schlagerparadies.de\/index.php?rest_route=\/wp\/v2\/posts\/40059","targetHints":{"allow":["GET"]}}],"collection":[{"href":"https:\/\/bergers-schlagerparadies.de\/index.php?rest_route=\/wp\/v2\/posts"}],"about":[{"href":"https:\/\/bergers-schlagerparadies.de\/index.php?rest_route=\/wp\/v2\/types\/post"}],"author":[{"embeddable":true,"href":"https:\/\/bergers-schlagerparadies.de\/index.php?rest_route=\/wp\/v2\/users\/1"}],"replies":[{"embeddable":true,"href":"https:\/\/bergers-schlagerparadies.de\/index.php?rest_route=%2Fwp%2Fv2%2Fcomments&post=40059"}],"version-history":[{"count":1,"href":"https:\/\/bergers-schlagerparadies.de\/index.php?rest_route=\/wp\/v2\/posts\/40059\/revisions"}],"predecessor-version":[{"id":40061,"href":"https:\/\/bergers-schlagerparadies.de\/index.php?rest_route=\/wp\/v2\/posts\/40059\/revisions\/40061"}],"wp:featuredmedia":[{"embeddable":true,"href":"https:\/\/bergers-schlagerparadies.de\/index.php?rest_route=\/wp\/v2\/media\/40060"}],"wp:attachment":[{"href":"https:\/\/bergers-schlagerparadies.de\/index.php?rest_route=%2Fwp%2Fv2%2Fmedia&parent=40059"}],"wp:term":[{"taxonomy":"category","embeddable":true,"href":"https:\/\/bergers-schlagerparadies.de\/index.php?rest_route=%2Fwp%2Fv2%2Fcategories&post=40059"},{"taxonomy":"post_tag","embeddable":true,"href":"https:\/\/bergers-schlagerparadies.de\/index.php?rest_route=%2Fwp%2Fv2%2Ftags&post=40059"}],"curies":[{"name":"wp","href":"https:\/\/api.w.org\/{rel}","templated":true}]}}