{"id":3990,"date":"2021-04-29T10:58:40","date_gmt":"2021-04-29T08:58:40","guid":{"rendered":"http:\/\/bergers-schlagerparadies.de\/?p=3990"},"modified":"2021-04-29T10:58:40","modified_gmt":"2021-04-29T08:58:40","slug":"udo-wenders-meine-haare-sind-beim-teufel-bergers-schlagerparadies","status":"publish","type":"post","link":"https:\/\/bergers-schlagerparadies.de\/?p=3990","title":{"rendered":"Udo Wenders &#8211; Meine Haare sind beim Teufel | Berger\u00b4s Schlagerparadies"},"content":{"rendered":"<h3 class=\"entry-title\"><img loading=\"lazy\" decoding=\"async\" class=\"size-medium wp-image-3992 alignleft\" src=\"https:\/\/bergers-schlagerparadies.de\/wp-content\/uploads\/2021\/04\/Udo-Wenders-Meine-Haare-sind-beim-Teufel-300x300.jpeg\" alt=\"\" width=\"300\" height=\"300\" srcset=\"https:\/\/bergers-schlagerparadies.de\/wp-content\/uploads\/2021\/04\/Udo-Wenders-Meine-Haare-sind-beim-Teufel-300x300.jpeg 300w, https:\/\/bergers-schlagerparadies.de\/wp-content\/uploads\/2021\/04\/Udo-Wenders-Meine-Haare-sind-beim-Teufel-150x150.jpeg 150w, https:\/\/bergers-schlagerparadies.de\/wp-content\/uploads\/2021\/04\/Udo-Wenders-Meine-Haare-sind-beim-Teufel-100x100.jpeg 100w, https:\/\/bergers-schlagerparadies.de\/wp-content\/uploads\/2021\/04\/Udo-Wenders-Meine-Haare-sind-beim-Teufel.jpeg 768w\" sizes=\"auto, (max-width: 300px) 100vw, 300px\" \/>UDO WENDERS<br \/>\nUdo Wenders meldet sich mit selbst ironischem Song \u201eMeine Haare sind beim Teufel\u201c zur\u00fcck!<\/h3>\n<p>Augenzwinkernd fragt er:\u00a0<em>\u201eWer braucht schon Haare, wenn man so sch\u00f6n singt?\u201c<\/em>\u00a0\u2026:<span id=\"more-164288\"><\/span><\/p>\n<p>Bei unseren \u00f6sterreichischen Nachbarn ist der Name UDO WENDERS seit vielen Jahren ein Begriff in der Schlagerszene. Mit Alben wie \u201eDer letzte Zug, Cara mia\u201c, \u201eZ\u00e4rtliche Signale\u201c und \u201eJedesmal ist es f\u00fcr immer\u201c konnte er jeweils die Top-10 der \u00f6sterreichischen Albumcharts knacken. Das erstgenannte Album wurde nach seinem Beitrag beim Grand Prix der Volksmusik benannt (noch vor den KLOSTERTALERN gewann er damals den \u00f6sterreichischen Vorentscheid) und erreichte in \u00d6sterreich Platinstatus.<\/p>\n<p>UDO WENDERS ist schon von Kindesbeinen an von der Musik begeistert und absolvierte auch eine zweij\u00e4hrige klassische Gesangsausbildung. Die Liebe zur Musik hat er von seinen Eltern geerbt.<\/p>\n<p>Bislang war der charmante UDO eher f\u00fcr traditionellen Schlager bekannt. In fr\u00fcheren Jahren war er unter seinem b\u00fcrgerlichen Namen UDO EBNER als Kabarettist unterwegs \u2013 diese Wurzeln sind nun wohl wieder durchgekommen. Sein neuester Schlager strotzt n\u00e4mlich nur so von Selbstironie. Er machte n\u00e4mlich seine (nicht vorhandene) Haarpracht zum Thema eines Liedes.<\/p>\n<p>Augenzwinkernd beklagt UDO WENDERS: \u201eMeine Haare sind beim Teufel\u201c. Mit dem Spruch \u201eIch komme sicher in den Himmel, weil meine Haare schon beim Teufel sind\u201c hat UDO WENDERS seine Fans schon fr\u00fcher begeistert \u2013 nun hat er diesen Aspekt zum Thema eines Liedes gemacht. Motto: Aus der Not eine Tugend machen! Und genau das gelingt dem charismatischen S\u00e4nger beeindruckend.<\/p>\n<p>Zu sich selber zu stehen \u2013 das ist es, worauf es ankommt. Nach rund f\u00fcnf Jahren (das letzte Album von UWE WENDERS erschien 2016 (\u201eBorn to be WENDERS\u201c) startet der beliebte \u00d6sterreicher mit neuem Management (Adlmann Promotion) nun wieder richtig durch. UDO WENDERS macht sich einen Aspekt zunutze: Im Zweifel kommt Humor in der Damenwelt viel mehr an als volles Haar. Erst recht, wenn man \u00fcber sich selber lachen kann.<\/p>\n<p>Und das kann UDO WENDERS zweifelsohne, wenn er augenzwinkernd singt: \u201eKein Fris\u00f6r auf dieser Welt verdient mit mir sein Geld\u201c. Individualit\u00e4t ist eben Trumpf. Wenn er dann noch einen draufsetzt, indem er zurecht fragt: \u201eWer braucht schon Haare, wenn man so sch\u00f6n singt?\u201c, k\u00f6nnen wir nur sagen: 1:0 f\u00fcr UWE WENDERS.<br \/>\n<iframe style=\"width: 120px; height: 240px;\" src=\"\/\/ws-eu.amazon-adsystem.com\/widgets\/q?ServiceVersion=20070822&amp;OneJS=1&amp;Operation=GetAdHtml&amp;MarketPlace=DE&amp;source=ss&amp;ref=as_ss_li_til&amp;ad_type=product_link&amp;tracking_id=bergers-21&amp;language=de_DE&amp;marketplace=amazon&amp;region=DE&amp;placement=B0917K247T&amp;asins=B0917K247T&amp;linkId=266f22d3fa16c3025d1bedd8b9df90ea&amp;show_border=true&amp;link_opens_in_new_window=true\" frameborder=\"0\" marginwidth=\"0\" marginheight=\"0\" scrolling=\"no\"><\/iframe><\/p>\n","protected":false},"excerpt":{"rendered":"<p>UDO WENDERS Udo Wenders meldet sich mit selbst ironischem Song \u201eMeine Haare sind beim Teufel\u201c zur\u00fcck! Augenzwinkernd fragt er:\u00a0\u201eWer braucht schon Haare, wenn man so sch\u00f6n singt?\u201c\u00a0\u2026: Bei unseren \u00f6sterreichischen Nachbarn ist der Name UDO WENDERS seit vielen Jahren ein Begriff in der Schlagerszene. Mit Alben wie \u201eDer letzte Zug, Cara mia\u201c, \u201eZ\u00e4rtliche Signale\u201c und \u201eJedesmal ist es f\u00fcr immer\u201c konnte er jeweils die Top-10 der \u00f6sterreichischen Albumcharts knacken. Das erstgenannte Album wurde nach seinem Beitrag beim Grand Prix der Volksmusik benannt (noch vor den KLOSTERTALERN gewann er damals den \u00f6sterreichischen Vorentscheid) und erreichte in \u00d6sterreich Platinstatus. UDO WENDERS ist schon von Kindesbeinen an von&#8230;<\/p>\n","protected":false},"author":1,"featured_media":3992,"comment_status":"open","ping_status":"open","sticky":false,"template":"","format":"standard","meta":{"footnotes":""},"categories":[2],"tags":[540],"class_list":["post-3990","post","type-post","status-publish","format-standard","has-post-thumbnail","hentry","category-schlager","tag-udo-wenders","wpcat-2-id"],"_links":{"self":[{"href":"https:\/\/bergers-schlagerparadies.de\/index.php?rest_route=\/wp\/v2\/posts\/3990","targetHints":{"allow":["GET"]}}],"collection":[{"href":"https:\/\/bergers-schlagerparadies.de\/index.php?rest_route=\/wp\/v2\/posts"}],"about":[{"href":"https:\/\/bergers-schlagerparadies.de\/index.php?rest_route=\/wp\/v2\/types\/post"}],"author":[{"embeddable":true,"href":"https:\/\/bergers-schlagerparadies.de\/index.php?rest_route=\/wp\/v2\/users\/1"}],"replies":[{"embeddable":true,"href":"https:\/\/bergers-schlagerparadies.de\/index.php?rest_route=%2Fwp%2Fv2%2Fcomments&post=3990"}],"version-history":[{"count":1,"href":"https:\/\/bergers-schlagerparadies.de\/index.php?rest_route=\/wp\/v2\/posts\/3990\/revisions"}],"predecessor-version":[{"id":3993,"href":"https:\/\/bergers-schlagerparadies.de\/index.php?rest_route=\/wp\/v2\/posts\/3990\/revisions\/3993"}],"wp:featuredmedia":[{"embeddable":true,"href":"https:\/\/bergers-schlagerparadies.de\/index.php?rest_route=\/wp\/v2\/media\/3992"}],"wp:attachment":[{"href":"https:\/\/bergers-schlagerparadies.de\/index.php?rest_route=%2Fwp%2Fv2%2Fmedia&parent=3990"}],"wp:term":[{"taxonomy":"category","embeddable":true,"href":"https:\/\/bergers-schlagerparadies.de\/index.php?rest_route=%2Fwp%2Fv2%2Fcategories&post=3990"},{"taxonomy":"post_tag","embeddable":true,"href":"https:\/\/bergers-schlagerparadies.de\/index.php?rest_route=%2Fwp%2Fv2%2Ftags&post=3990"}],"curies":[{"name":"wp","href":"https:\/\/api.w.org\/{rel}","templated":true}]}}