{"id":39861,"date":"2025-11-24T10:30:43","date_gmt":"2025-11-24T09:30:43","guid":{"rendered":"https:\/\/bergers-schlagerparadies.de\/?p=39861"},"modified":"2025-11-22T12:08:15","modified_gmt":"2025-11-22T11:08:15","slug":"marcus-faber-ich-bin-im-falschen-film-%c2%b7-bergers-schlagerparadies","status":"publish","type":"post","link":"https:\/\/bergers-schlagerparadies.de\/?p=39861","title":{"rendered":"Marcus Faber &#8211; Ich bin im falschen Film \u00b7 Berger\u00b4s Schlagerparadies"},"content":{"rendered":"<p><img loading=\"lazy\" decoding=\"async\" class=\"size-medium wp-image-39862 alignleft\" src=\"https:\/\/bergers-schlagerparadies.de\/wp-content\/uploads\/2025\/11\/Marcus-Faber-Ich-bin-im-falschen-Film-300x300.jpeg\" alt=\"\" width=\"300\" height=\"300\" srcset=\"https:\/\/bergers-schlagerparadies.de\/wp-content\/uploads\/2025\/11\/Marcus-Faber-Ich-bin-im-falschen-Film-300x300.jpeg 300w, https:\/\/bergers-schlagerparadies.de\/wp-content\/uploads\/2025\/11\/Marcus-Faber-Ich-bin-im-falschen-Film-1024x1024.jpeg 1024w, https:\/\/bergers-schlagerparadies.de\/wp-content\/uploads\/2025\/11\/Marcus-Faber-Ich-bin-im-falschen-Film-150x150.jpeg 150w, https:\/\/bergers-schlagerparadies.de\/wp-content\/uploads\/2025\/11\/Marcus-Faber-Ich-bin-im-falschen-Film-768x768.jpeg 768w, https:\/\/bergers-schlagerparadies.de\/wp-content\/uploads\/2025\/11\/Marcus-Faber-Ich-bin-im-falschen-Film-1536x1536.jpeg 1536w, https:\/\/bergers-schlagerparadies.de\/wp-content\/uploads\/2025\/11\/Marcus-Faber-Ich-bin-im-falschen-Film-2048x2048.jpeg 2048w, https:\/\/bergers-schlagerparadies.de\/wp-content\/uploads\/2025\/11\/Marcus-Faber-Ich-bin-im-falschen-Film-1200x1200.jpeg 1200w, https:\/\/bergers-schlagerparadies.de\/wp-content\/uploads\/2025\/11\/Marcus-Faber-Ich-bin-im-falschen-Film-1188x1188.jpeg 1188w, https:\/\/bergers-schlagerparadies.de\/wp-content\/uploads\/2025\/11\/Marcus-Faber-Ich-bin-im-falschen-Film-100x100.jpeg 100w\" sizes=\"auto, (max-width: 300px) 100vw, 300px\" \/>Ein Song \u00fcber das Herz, das sich sicher f\u00fchlt in der Liebe, nur um zu erkennen, dass da eine andere Person im Bild auftaucht. Einer, der alles gibt, doch am Ende trotzdem verliert.<\/p>\n<p>Mit gef\u00fchlvollem Gesang, eindringlichen Melodien, im Stil vom unvergesslichen Ibo und einem Text, der unter die Haut geht, erz\u00e4hlt Marcus Faber von Vertrauen, Irrt\u00fcmern und schmerzhaften Erkenntnis, manchmal im falschen Film zu landen, auch wenn man glaubt, die Hautrolle zu spielen.<\/p>\n<p>Die neue Single klingt nach Offenbarung, Schmerz und der Hoffnung auf die Wahrheit.<\/p>\n<p>&#8222;Ich bin im falschen Film&#8220; ist eine Reise in den Schlager, der nicht nur von Freude und Heiterkeit handelt, aber dennoch eine tanzbare Melodie mit eing\u00e4ngigen Hooks, pulsierendem Beat und einer Prise Pop-Schlager bietet, die zum Zuh\u00f6ren animiert.<\/p>\n<p><span style=\"color: #800000;\"><strong>Quelle: Fiesta Records<\/strong><\/span><\/p>\n<p><span style=\"color: #800000;\"><strong>Dieser Song ist ab dem 21.11.2025 auf allen Download- und Streaming-Portalen erh\u00e4ltlich.\u00a0<\/strong><\/span><\/p>\n<p><span style=\"color: #800000;\"><strong>Airdate (f\u00fcr Radiosender): 20.11.2025<\/strong><\/span><\/p>\n","protected":false},"excerpt":{"rendered":"<p>Ein Song \u00fcber das Herz, das sich sicher f\u00fchlt in der Liebe, nur um zu erkennen, dass da eine andere Person im Bild auftaucht. Einer, der alles gibt, doch am Ende trotzdem verliert. Mit gef\u00fchlvollem Gesang, eindringlichen Melodien, im Stil vom unvergesslichen Ibo und einem Text, der unter die Haut geht, erz\u00e4hlt Marcus Faber von Vertrauen, Irrt\u00fcmern und schmerzhaften Erkenntnis, manchmal im falschen Film zu landen, auch wenn man glaubt, die Hautrolle zu spielen. Die neue Single klingt nach Offenbarung, Schmerz und der Hoffnung auf die Wahrheit. &#8222;Ich bin im falschen Film&#8220; ist eine Reise in den Schlager, der nicht nur von Freude und Heiterkeit&#8230;<\/p>\n","protected":false},"author":1,"featured_media":39862,"comment_status":"open","ping_status":"open","sticky":false,"template":"","format":"standard","meta":{"footnotes":""},"categories":[3231,3232,2],"tags":[2485],"class_list":["post-39861","post","type-post","status-publish","format-standard","has-post-thumbnail","hentry","category-bergers-schlagerparadies","category-fiesta-records","category-schlager","tag-marcus-faber","wpcat-3231-id","wpcat-3232-id","wpcat-2-id"],"_links":{"self":[{"href":"https:\/\/bergers-schlagerparadies.de\/index.php?rest_route=\/wp\/v2\/posts\/39861","targetHints":{"allow":["GET"]}}],"collection":[{"href":"https:\/\/bergers-schlagerparadies.de\/index.php?rest_route=\/wp\/v2\/posts"}],"about":[{"href":"https:\/\/bergers-schlagerparadies.de\/index.php?rest_route=\/wp\/v2\/types\/post"}],"author":[{"embeddable":true,"href":"https:\/\/bergers-schlagerparadies.de\/index.php?rest_route=\/wp\/v2\/users\/1"}],"replies":[{"embeddable":true,"href":"https:\/\/bergers-schlagerparadies.de\/index.php?rest_route=%2Fwp%2Fv2%2Fcomments&post=39861"}],"version-history":[{"count":2,"href":"https:\/\/bergers-schlagerparadies.de\/index.php?rest_route=\/wp\/v2\/posts\/39861\/revisions"}],"predecessor-version":[{"id":40089,"href":"https:\/\/bergers-schlagerparadies.de\/index.php?rest_route=\/wp\/v2\/posts\/39861\/revisions\/40089"}],"wp:featuredmedia":[{"embeddable":true,"href":"https:\/\/bergers-schlagerparadies.de\/index.php?rest_route=\/wp\/v2\/media\/39862"}],"wp:attachment":[{"href":"https:\/\/bergers-schlagerparadies.de\/index.php?rest_route=%2Fwp%2Fv2%2Fmedia&parent=39861"}],"wp:term":[{"taxonomy":"category","embeddable":true,"href":"https:\/\/bergers-schlagerparadies.de\/index.php?rest_route=%2Fwp%2Fv2%2Fcategories&post=39861"},{"taxonomy":"post_tag","embeddable":true,"href":"https:\/\/bergers-schlagerparadies.de\/index.php?rest_route=%2Fwp%2Fv2%2Ftags&post=39861"}],"curies":[{"name":"wp","href":"https:\/\/api.w.org\/{rel}","templated":true}]}}