{"id":39853,"date":"2025-11-17T10:30:44","date_gmt":"2025-11-17T09:30:44","guid":{"rendered":"https:\/\/bergers-schlagerparadies.de\/?p=39853"},"modified":"2025-11-17T18:19:45","modified_gmt":"2025-11-17T17:19:45","slug":"der-haenkel-in-der-stillen-winternacht-%c2%b7-bergers-schlagerparadies","status":"publish","type":"post","link":"https:\/\/bergers-schlagerparadies.de\/?p=39853","title":{"rendered":"Der H\u00e4nkel &#8211; In der stillen Winternacht \u00b7 Berger\u00b4s Schlagerparadies"},"content":{"rendered":"<p><img loading=\"lazy\" decoding=\"async\" class=\"size-medium wp-image-39854 alignleft\" src=\"https:\/\/bergers-schlagerparadies.de\/wp-content\/uploads\/2025\/11\/Der-Haenkel-In-der-stillen-Winternacht-300x300.jpeg\" alt=\"\" width=\"300\" height=\"300\" srcset=\"https:\/\/bergers-schlagerparadies.de\/wp-content\/uploads\/2025\/11\/Der-Haenkel-In-der-stillen-Winternacht-300x300.jpeg 300w, https:\/\/bergers-schlagerparadies.de\/wp-content\/uploads\/2025\/11\/Der-Haenkel-In-der-stillen-Winternacht-1024x1024.jpeg 1024w, https:\/\/bergers-schlagerparadies.de\/wp-content\/uploads\/2025\/11\/Der-Haenkel-In-der-stillen-Winternacht-150x150.jpeg 150w, https:\/\/bergers-schlagerparadies.de\/wp-content\/uploads\/2025\/11\/Der-Haenkel-In-der-stillen-Winternacht-768x768.jpeg 768w, https:\/\/bergers-schlagerparadies.de\/wp-content\/uploads\/2025\/11\/Der-Haenkel-In-der-stillen-Winternacht-1536x1536.jpeg 1536w, https:\/\/bergers-schlagerparadies.de\/wp-content\/uploads\/2025\/11\/Der-Haenkel-In-der-stillen-Winternacht-2048x2048.jpeg 2048w, https:\/\/bergers-schlagerparadies.de\/wp-content\/uploads\/2025\/11\/Der-Haenkel-In-der-stillen-Winternacht-1200x1200.jpeg 1200w, https:\/\/bergers-schlagerparadies.de\/wp-content\/uploads\/2025\/11\/Der-Haenkel-In-der-stillen-Winternacht-1188x1188.jpeg 1188w, https:\/\/bergers-schlagerparadies.de\/wp-content\/uploads\/2025\/11\/Der-Haenkel-In-der-stillen-Winternacht-100x100.jpeg 100w\" sizes=\"auto, (max-width: 300px) 100vw, 300px\" \/>Weihnachten ist die Zeit, in der Menschen zusammenkommen und Grenzen verschwinden \u2013 um gemeinsam dieses wundervolle Fest zu feiern. Und wie k\u00f6nnte das sch\u00f6ner sein als mit stimmungsvollen Weihnachtsliedern?<\/p>\n<p>Dieses besondere Gef\u00fchl m\u00f6chte der aus den Niederlanden stammende S\u00e4nger Der H\u00e4nkel mit seinem brandneuen Titel \u201eIn der Stillen Winternacht\u201c weitergeben. Seit vielen Jahren steht er in den Niederlanden auf der B\u00fchne und begeistert sein Publikum sowohl mit deutschen als auch mit niederl\u00e4ndischen Liedern.<\/p>\n<p>Der deutsche Schlager und die volkst\u00fcmliche Musik sind der rote Faden in seinem Leben. Mit \u201eIn der Stillen Winternacht\u201c pr\u00e4sentiert er nun eine volkst\u00fcmliche Single in einem zeitlosen Sound. Warm, herzlich und romantisch ber\u00fchrt er die Herzen seiner Zuh\u00f6rer mit seiner unverkennbaren, leicht klassisch anmutenden Stimme.<\/p>\n<p>Geschrieben und produziert wurde das Lied vom niederl\u00e4ndischen Hitproduzenten Martin Sterken, der bereits mehrfach mit Gold-Awards f\u00fcr seine erfolgreichen Schlagerproduktionen ausgezeichnet wurde.<\/p>\n<p><span style=\"color: #800000;\"><strong>Quelle: Fiesta Records<\/strong><\/span><\/p>\n<p><span style=\"color: #800000;\"><strong>Dieser Song ist ab dem 21.11.2025 auf allen Download- und Streaming-Portalen erh\u00e4ltlich.\u00a0<\/strong><\/span><\/p>\n<p><span style=\"color: #800000;\"><strong>Airdate (f\u00fcr Radiosender): 17.11.2025<\/strong><\/span><\/p>\n","protected":false},"excerpt":{"rendered":"<p>Weihnachten ist die Zeit, in der Menschen zusammenkommen und Grenzen verschwinden \u2013 um gemeinsam dieses wundervolle Fest zu feiern. Und wie k\u00f6nnte das sch\u00f6ner sein als mit stimmungsvollen Weihnachtsliedern? Dieses besondere Gef\u00fchl m\u00f6chte der aus den Niederlanden stammende S\u00e4nger Der H\u00e4nkel mit seinem brandneuen Titel \u201eIn der Stillen Winternacht\u201c weitergeben. Seit vielen Jahren steht er in den Niederlanden auf der B\u00fchne und begeistert sein Publikum sowohl mit deutschen als auch mit niederl\u00e4ndischen Liedern. Der deutsche Schlager und die volkst\u00fcmliche Musik sind der rote Faden in seinem Leben. Mit \u201eIn der Stillen Winternacht\u201c pr\u00e4sentiert er nun eine volkst\u00fcmliche Single in einem zeitlosen Sound. Warm, herzlich und&#8230;<\/p>\n","protected":false},"author":1,"featured_media":39854,"comment_status":"open","ping_status":"open","sticky":false,"template":"","format":"standard","meta":{"footnotes":""},"categories":[3231,3232,2,3234,3290],"tags":[4416],"class_list":["post-39853","post","type-post","status-publish","format-standard","has-post-thumbnail","hentry","category-bergers-schlagerparadies","category-fiesta-records","category-schlager","category-weihnachten","category-weihnachtslieder","tag-der-haenkel","wpcat-3231-id","wpcat-3232-id","wpcat-2-id","wpcat-3234-id","wpcat-3290-id"],"_links":{"self":[{"href":"https:\/\/bergers-schlagerparadies.de\/index.php?rest_route=\/wp\/v2\/posts\/39853","targetHints":{"allow":["GET"]}}],"collection":[{"href":"https:\/\/bergers-schlagerparadies.de\/index.php?rest_route=\/wp\/v2\/posts"}],"about":[{"href":"https:\/\/bergers-schlagerparadies.de\/index.php?rest_route=\/wp\/v2\/types\/post"}],"author":[{"embeddable":true,"href":"https:\/\/bergers-schlagerparadies.de\/index.php?rest_route=\/wp\/v2\/users\/1"}],"replies":[{"embeddable":true,"href":"https:\/\/bergers-schlagerparadies.de\/index.php?rest_route=%2Fwp%2Fv2%2Fcomments&post=39853"}],"version-history":[{"count":2,"href":"https:\/\/bergers-schlagerparadies.de\/index.php?rest_route=\/wp\/v2\/posts\/39853\/revisions"}],"predecessor-version":[{"id":39918,"href":"https:\/\/bergers-schlagerparadies.de\/index.php?rest_route=\/wp\/v2\/posts\/39853\/revisions\/39918"}],"wp:featuredmedia":[{"embeddable":true,"href":"https:\/\/bergers-schlagerparadies.de\/index.php?rest_route=\/wp\/v2\/media\/39854"}],"wp:attachment":[{"href":"https:\/\/bergers-schlagerparadies.de\/index.php?rest_route=%2Fwp%2Fv2%2Fmedia&parent=39853"}],"wp:term":[{"taxonomy":"category","embeddable":true,"href":"https:\/\/bergers-schlagerparadies.de\/index.php?rest_route=%2Fwp%2Fv2%2Fcategories&post=39853"},{"taxonomy":"post_tag","embeddable":true,"href":"https:\/\/bergers-schlagerparadies.de\/index.php?rest_route=%2Fwp%2Fv2%2Ftags&post=39853"}],"curies":[{"name":"wp","href":"https:\/\/api.w.org\/{rel}","templated":true}]}}