{"id":39848,"date":"2025-11-24T10:30:51","date_gmt":"2025-11-24T09:30:51","guid":{"rendered":"https:\/\/bergers-schlagerparadies.de\/?p=39848"},"modified":"2025-11-22T11:50:48","modified_gmt":"2025-11-22T10:50:48","slug":"andy-maine-die-wahrheit-%c2%b7-bergers-schlagerparadies","status":"publish","type":"post","link":"https:\/\/bergers-schlagerparadies.de\/?p=39848","title":{"rendered":"Andy Maine &#8211; Die Wahrheit \u00b7 Berger\u00b4s Schlagerparadies"},"content":{"rendered":"<p><img loading=\"lazy\" decoding=\"async\" class=\"size-medium wp-image-39849 alignleft\" src=\"https:\/\/bergers-schlagerparadies.de\/wp-content\/uploads\/2025\/11\/Andy-Maine-Die-Wahrheit-300x300.jpeg\" alt=\"\" width=\"300\" height=\"300\" srcset=\"https:\/\/bergers-schlagerparadies.de\/wp-content\/uploads\/2025\/11\/Andy-Maine-Die-Wahrheit-300x300.jpeg 300w, https:\/\/bergers-schlagerparadies.de\/wp-content\/uploads\/2025\/11\/Andy-Maine-Die-Wahrheit-1024x1024.jpeg 1024w, https:\/\/bergers-schlagerparadies.de\/wp-content\/uploads\/2025\/11\/Andy-Maine-Die-Wahrheit-150x150.jpeg 150w, https:\/\/bergers-schlagerparadies.de\/wp-content\/uploads\/2025\/11\/Andy-Maine-Die-Wahrheit-768x768.jpeg 768w, https:\/\/bergers-schlagerparadies.de\/wp-content\/uploads\/2025\/11\/Andy-Maine-Die-Wahrheit-1536x1536.jpeg 1536w, https:\/\/bergers-schlagerparadies.de\/wp-content\/uploads\/2025\/11\/Andy-Maine-Die-Wahrheit-2048x2048.jpeg 2048w, https:\/\/bergers-schlagerparadies.de\/wp-content\/uploads\/2025\/11\/Andy-Maine-Die-Wahrheit-1200x1200.jpeg 1200w, https:\/\/bergers-schlagerparadies.de\/wp-content\/uploads\/2025\/11\/Andy-Maine-Die-Wahrheit-1188x1188.jpeg 1188w, https:\/\/bergers-schlagerparadies.de\/wp-content\/uploads\/2025\/11\/Andy-Maine-Die-Wahrheit-100x100.jpeg 100w\" sizes=\"auto, (max-width: 300px) 100vw, 300px\" \/>Nach seinem sommerlichen Electro-Pop-Hit \u201eSommer im Herzen \u2013 Fly\u201c zeigt sich Andy Maine zum Jahresende von einer v\u00f6llig neuen, emotionalen Seite.<\/p>\n<p>Gemeinsam mit Produzent Michelle Schiller pr\u00e4sentiert er mit \u201eDie Wahrheit\u201c ein gef\u00fchlvolles, weihnachtliches Liebeslied. Ehrlich, tiefgehend und ohne \u00fcberfl\u00fcssige Schn\u00f6rkel.<\/p>\n<p>Der Song ist eine Hommage an die \u201eechte Liebe\u201c, an das Vertrauen, den Halt und die Verbundenheit zwischen Menschen.<\/p>\n<p>Andy Maine l\u00e4dt seine Zuh\u00f6rer dazu ein, an die Kraft der Liebe zu glauben und f\u00fcreinander da zu sein.<\/p>\n<p>Ein Weihnachtssong der besonderen Art, der Herz und Seele gleicherma\u00dfen ber\u00fchrt.<\/p>\n<p><span style=\"color: #800000;\"><strong>Quelle: Fiesta Records<\/strong><\/span><\/p>\n<p><span style=\"color: #800000;\"><strong>Dieser Song ist ab dem 21.11.2025 auf allen Download- und Streaming-Portalen erh\u00e4ltlich.\u00a0<\/strong><\/span><\/p>\n<p><span style=\"color: #800000;\"><strong>Airdate (f\u00fcr Radiosender): 21.11.2025<\/strong><\/span><\/p>\n","protected":false},"excerpt":{"rendered":"<p>Nach seinem sommerlichen Electro-Pop-Hit \u201eSommer im Herzen \u2013 Fly\u201c zeigt sich Andy Maine zum Jahresende von einer v\u00f6llig neuen, emotionalen Seite. Gemeinsam mit Produzent Michelle Schiller pr\u00e4sentiert er mit \u201eDie Wahrheit\u201c ein gef\u00fchlvolles, weihnachtliches Liebeslied. Ehrlich, tiefgehend und ohne \u00fcberfl\u00fcssige Schn\u00f6rkel. Der Song ist eine Hommage an die \u201eechte Liebe\u201c, an das Vertrauen, den Halt und die Verbundenheit zwischen Menschen. Andy Maine l\u00e4dt seine Zuh\u00f6rer dazu ein, an die Kraft der Liebe zu glauben und f\u00fcreinander da zu sein. Ein Weihnachtssong der besonderen Art, der Herz und Seele gleicherma\u00dfen ber\u00fchrt. Quelle: Fiesta Records Dieser Song ist ab dem 21.11.2025 auf allen Download- und Streaming-Portalen erh\u00e4ltlich.\u00a0&#8230;<\/p>\n","protected":false},"author":1,"featured_media":39849,"comment_status":"open","ping_status":"open","sticky":false,"template":"","format":"standard","meta":{"footnotes":""},"categories":[3231,3232,2,3234,3290],"tags":[3977],"class_list":["post-39848","post","type-post","status-publish","format-standard","has-post-thumbnail","hentry","category-bergers-schlagerparadies","category-fiesta-records","category-schlager","category-weihnachten","category-weihnachtslieder","tag-andy-maine","wpcat-3231-id","wpcat-3232-id","wpcat-2-id","wpcat-3234-id","wpcat-3290-id"],"_links":{"self":[{"href":"https:\/\/bergers-schlagerparadies.de\/index.php?rest_route=\/wp\/v2\/posts\/39848","targetHints":{"allow":["GET"]}}],"collection":[{"href":"https:\/\/bergers-schlagerparadies.de\/index.php?rest_route=\/wp\/v2\/posts"}],"about":[{"href":"https:\/\/bergers-schlagerparadies.de\/index.php?rest_route=\/wp\/v2\/types\/post"}],"author":[{"embeddable":true,"href":"https:\/\/bergers-schlagerparadies.de\/index.php?rest_route=\/wp\/v2\/users\/1"}],"replies":[{"embeddable":true,"href":"https:\/\/bergers-schlagerparadies.de\/index.php?rest_route=%2Fwp%2Fv2%2Fcomments&post=39848"}],"version-history":[{"count":2,"href":"https:\/\/bergers-schlagerparadies.de\/index.php?rest_route=\/wp\/v2\/posts\/39848\/revisions"}],"predecessor-version":[{"id":40080,"href":"https:\/\/bergers-schlagerparadies.de\/index.php?rest_route=\/wp\/v2\/posts\/39848\/revisions\/40080"}],"wp:featuredmedia":[{"embeddable":true,"href":"https:\/\/bergers-schlagerparadies.de\/index.php?rest_route=\/wp\/v2\/media\/39849"}],"wp:attachment":[{"href":"https:\/\/bergers-schlagerparadies.de\/index.php?rest_route=%2Fwp%2Fv2%2Fmedia&parent=39848"}],"wp:term":[{"taxonomy":"category","embeddable":true,"href":"https:\/\/bergers-schlagerparadies.de\/index.php?rest_route=%2Fwp%2Fv2%2Fcategories&post=39848"},{"taxonomy":"post_tag","embeddable":true,"href":"https:\/\/bergers-schlagerparadies.de\/index.php?rest_route=%2Fwp%2Fv2%2Ftags&post=39848"}],"curies":[{"name":"wp","href":"https:\/\/api.w.org\/{rel}","templated":true}]}}