{"id":39820,"date":"2025-11-13T22:15:56","date_gmt":"2025-11-13T21:15:56","guid":{"rendered":"https:\/\/bergers-schlagerparadies.de\/?p=39820"},"modified":"2025-11-13T22:15:56","modified_gmt":"2025-11-13T21:15:56","slug":"mark-marcel-creo-en-ti-%c2%b7-bergers-schlagerparadies","status":"publish","type":"post","link":"https:\/\/bergers-schlagerparadies.de\/?p=39820","title":{"rendered":"Mark Marcel &#8211; Creo en ti \u00b7 Berger\u00b4s Schlagerparadies"},"content":{"rendered":"<p><img loading=\"lazy\" decoding=\"async\" class=\"size-medium wp-image-39821 alignleft\" src=\"https:\/\/bergers-schlagerparadies.de\/wp-content\/uploads\/2025\/11\/Mark-Marcel-Creo-en-ti-300x300.jpg\" alt=\"\" width=\"300\" height=\"300\" srcset=\"https:\/\/bergers-schlagerparadies.de\/wp-content\/uploads\/2025\/11\/Mark-Marcel-Creo-en-ti-300x300.jpg 300w, https:\/\/bergers-schlagerparadies.de\/wp-content\/uploads\/2025\/11\/Mark-Marcel-Creo-en-ti-1024x1024.jpg 1024w, https:\/\/bergers-schlagerparadies.de\/wp-content\/uploads\/2025\/11\/Mark-Marcel-Creo-en-ti-150x150.jpg 150w, https:\/\/bergers-schlagerparadies.de\/wp-content\/uploads\/2025\/11\/Mark-Marcel-Creo-en-ti-768x768.jpg 768w, https:\/\/bergers-schlagerparadies.de\/wp-content\/uploads\/2025\/11\/Mark-Marcel-Creo-en-ti-1536x1536.jpg 1536w, https:\/\/bergers-schlagerparadies.de\/wp-content\/uploads\/2025\/11\/Mark-Marcel-Creo-en-ti-2048x2048.jpg 2048w, https:\/\/bergers-schlagerparadies.de\/wp-content\/uploads\/2025\/11\/Mark-Marcel-Creo-en-ti-1200x1200.jpg 1200w, https:\/\/bergers-schlagerparadies.de\/wp-content\/uploads\/2025\/11\/Mark-Marcel-Creo-en-ti-1188x1188.jpg 1188w, https:\/\/bergers-schlagerparadies.de\/wp-content\/uploads\/2025\/11\/Mark-Marcel-Creo-en-ti-100x100.jpg 100w\" sizes=\"auto, (max-width: 300px) 100vw, 300px\" \/>Danke sagen \u2013 mit \u201eCREO EN TI\u201c von Mark Marcel<\/p>\n<p>Es gibt viele Arten, um Danke zu sagen. Musik ist eine davon, mit einer riesengro\u00dfen Wirkung. Zum 30. B\u00fchnenjubil\u00e4um sagt Mark Marcel mit seiner neuesten Single, \u201eCreo en ti \u2013 Ich glaub\u2018 an Dich\u201c DANKE auf eine besondere Art und Weise.<br \/>\nOft ist es die Reise, oft sind es die Menschen, die Dich begleiten und oft ist es das Ziel, das man vor Augen hat, das Dich anspornt, immer weiter zu machen.<br \/>\n\u201eCreo en ti\u201c erscheint genau zur richtigen Zeit. Die perfekte Zeit, um DANKE zu sagen.<br \/>\nEinmal mehr stammt diese gef\u00fchlvolle Ballade aus der Feder des Grazer Erfolgskomponisten Hannes Marold, der einmal mehr zusammen mit seinen Autorenkollegen Andrea Gutmann und Helmut Hirner ein Werk in Wort und Musik geschaffen hat, das sch\u00f6ner nicht sein k\u00f6nnte.<br \/>\nMit seiner gef\u00fchlvollen, klaren Stimme verleiht Mark Marcel diesem Song einen ganz besonderen Glanz, er geht unter die Haut. In dem mehr als dreimin\u00fctigen Song entsteht<br \/>\nnicht nur der Eindruck, dass der K\u00fcnstler Danke sagt \u2013 mehr noch, Mark Marcel beschreibt eindrucksvoll den Weg, den er bisher gegangen ist.<br \/>\nDiese wundervolle Geschichte, eingebettet in ein formvollendetes Arrangement mit toller Instrumentierung entf\u00fchrt jeden auf eine Reise, die pers\u00f6nlicher nicht sein k\u00f6nnte.<br \/>\nTauchen auch Sie ein \u2013 in die kalte und dunkle Zeit des Jahres und lassen Sie dieses<br \/>\nkleine \u201eDanke\u201c strahlen \u2013 mit \u201eCREO EN TI\u201c.<\/p>\n<p><span style=\"color: #800000;\"><strong>Quelle: Schlagerhimmel<\/strong><\/span><\/p>\n<p><span style=\"color: #800000;\"><strong>Dieser Song ist ab dem 14.11.2025 auf allen Download- und Streaming-Portalen erh\u00e4ltlich.\u00a0<\/strong><\/span><\/p>\n<p><span style=\"color: #800000;\"><strong>Airdate (f\u00fcr Radiosender): 14.11.2025<\/strong><\/span><\/p>\n","protected":false},"excerpt":{"rendered":"<p>Danke sagen \u2013 mit \u201eCREO EN TI\u201c von Mark Marcel Es gibt viele Arten, um Danke zu sagen. Musik ist eine davon, mit einer riesengro\u00dfen Wirkung. Zum 30. B\u00fchnenjubil\u00e4um sagt Mark Marcel mit seiner neuesten Single, \u201eCreo en ti \u2013 Ich glaub\u2018 an Dich\u201c DANKE auf eine besondere Art und Weise. Oft ist es die Reise, oft sind es die Menschen, die Dich begleiten und oft ist es das Ziel, das man vor Augen hat, das Dich anspornt, immer weiter zu machen. \u201eCreo en ti\u201c erscheint genau zur richtigen Zeit. Die perfekte Zeit, um DANKE zu sagen. Einmal mehr stammt diese gef\u00fchlvolle Ballade aus der&#8230;<\/p>\n","protected":false},"author":1,"featured_media":39821,"comment_status":"open","ping_status":"open","sticky":false,"template":"","format":"standard","meta":{"footnotes":""},"categories":[3231,3255,2,3470],"tags":[4415],"class_list":["post-39820","post","type-post","status-publish","format-standard","has-post-thumbnail","hentry","category-bergers-schlagerparadies","category-deutsch","category-schlager","category-schlagerhimmel","tag-mark-marcel","wpcat-3231-id","wpcat-3255-id","wpcat-2-id","wpcat-3470-id"],"_links":{"self":[{"href":"https:\/\/bergers-schlagerparadies.de\/index.php?rest_route=\/wp\/v2\/posts\/39820","targetHints":{"allow":["GET"]}}],"collection":[{"href":"https:\/\/bergers-schlagerparadies.de\/index.php?rest_route=\/wp\/v2\/posts"}],"about":[{"href":"https:\/\/bergers-schlagerparadies.de\/index.php?rest_route=\/wp\/v2\/types\/post"}],"author":[{"embeddable":true,"href":"https:\/\/bergers-schlagerparadies.de\/index.php?rest_route=\/wp\/v2\/users\/1"}],"replies":[{"embeddable":true,"href":"https:\/\/bergers-schlagerparadies.de\/index.php?rest_route=%2Fwp%2Fv2%2Fcomments&post=39820"}],"version-history":[{"count":1,"href":"https:\/\/bergers-schlagerparadies.de\/index.php?rest_route=\/wp\/v2\/posts\/39820\/revisions"}],"predecessor-version":[{"id":39822,"href":"https:\/\/bergers-schlagerparadies.de\/index.php?rest_route=\/wp\/v2\/posts\/39820\/revisions\/39822"}],"wp:featuredmedia":[{"embeddable":true,"href":"https:\/\/bergers-schlagerparadies.de\/index.php?rest_route=\/wp\/v2\/media\/39821"}],"wp:attachment":[{"href":"https:\/\/bergers-schlagerparadies.de\/index.php?rest_route=%2Fwp%2Fv2%2Fmedia&parent=39820"}],"wp:term":[{"taxonomy":"category","embeddable":true,"href":"https:\/\/bergers-schlagerparadies.de\/index.php?rest_route=%2Fwp%2Fv2%2Fcategories&post=39820"},{"taxonomy":"post_tag","embeddable":true,"href":"https:\/\/bergers-schlagerparadies.de\/index.php?rest_route=%2Fwp%2Fv2%2Ftags&post=39820"}],"curies":[{"name":"wp","href":"https:\/\/api.w.org\/{rel}","templated":true}]}}