{"id":3978,"date":"2021-04-29T10:25:29","date_gmt":"2021-04-29T08:25:29","guid":{"rendered":"http:\/\/bergers-schlagerparadies.de\/?p=3978"},"modified":"2021-04-29T10:25:29","modified_gmt":"2021-04-29T08:25:29","slug":"stimmen-der-berge-unendlich-frei-bergers-schlagerparadies","status":"publish","type":"post","link":"https:\/\/bergers-schlagerparadies.de\/?p=3978","title":{"rendered":"Stimmen der Berge &#8211; Unendlich frei | Berger\u00b4s Schlagerparadies"},"content":{"rendered":"<h3 class=\"entry-title\"><img loading=\"lazy\" decoding=\"async\" class=\"size-medium wp-image-3980 alignleft\" src=\"https:\/\/bergers-schlagerparadies.de\/wp-content\/uploads\/2021\/04\/Stimmen-der-Berge-Unendlich-frei-300x300.jpg\" alt=\"\" width=\"300\" height=\"300\" srcset=\"https:\/\/bergers-schlagerparadies.de\/wp-content\/uploads\/2021\/04\/Stimmen-der-Berge-Unendlich-frei-300x300.jpg 300w, https:\/\/bergers-schlagerparadies.de\/wp-content\/uploads\/2021\/04\/Stimmen-der-Berge-Unendlich-frei-150x150.jpg 150w, https:\/\/bergers-schlagerparadies.de\/wp-content\/uploads\/2021\/04\/Stimmen-der-Berge-Unendlich-frei-768x768.jpg 768w, https:\/\/bergers-schlagerparadies.de\/wp-content\/uploads\/2021\/04\/Stimmen-der-Berge-Unendlich-frei-100x100.jpg 100w, https:\/\/bergers-schlagerparadies.de\/wp-content\/uploads\/2021\/04\/Stimmen-der-Berge-Unendlich-frei.jpg 800w\" sizes=\"auto, (max-width: 300px) 100vw, 300px\" \/>STIMMEN DER BERGE<br \/>\n\u201eWenn Stimmen auseinander geh\u2019n\u201c \u2026: Am 30.04.2021 erscheint ihre erste Single als QUARTETT \u2013 \u201eUnendlich frei\u201c!<\/h3>\n<div><span class=\"\">Da waren\u2019s nur noch vier: Die STIMMEN DER BERGE pr\u00e4sentieren sich ab sofort als Quartett. Bassist Simon K\u00e4sbauer hat auf SEINE innere Stimme geh\u00f6rt und sich \u2013 aufbauend auf seine bereits abgeschlossene Ausbildung als Physiotherapeut \u2013 vollumf\u00e4nglich seinem\u00a0Osteopathie-Studium widmen m\u00f6chte.<\/span><\/div>\n<div><span class=\"\">\u00a0<\/span><\/div>\n<div><span class=\"\">Wobei \u2013 und darauf legen die Stimmen der Berge gr\u00f6\u00dften Wert \u2013 die (vorl\u00e4ufige!) Trennung in aller Freundschaft erfolgt ist. Und das ist in diesem Fall auch wirklich keine hohle Phrase. Denn: Es muss nicht zwingend einen Abschied f\u00fcr immer sein. NUR: Simon musste sich f\u00fcr den Moment entscheiden. Denn leider stellte sich der Spagat zwischen seinem Studium und den (hoffentlich bald wieder beginnenden) Terminen der Stimmen der Berge zu vereinen, als nicht bew\u00e4ltigbar heraus.<\/span><\/div>\n<div><span class=\"\">\u00a0<\/span><\/div>\n<div><span class=\"\">Nachdem die Stimmen der Berge bereits mit ihrem Vorg\u00e4nger-Titel \u201eF\u00fcr einen Kuss\u201c (bislang elf Wochen in den Radio Charts \u201eDeutschland Konservativ Pop\u201c) bereits Top 20-Luft geschmeckt haben (der Song schaffte es bis auf Position 19) haben sie jetzt \u2013 mit ihrer neuen Single \u201eUnendlich frei\u201c \u2013 die Top 10 im Visier.<\/span><\/div>\n<div><span class=\"\">\u00a0<\/span><\/div>\n<div><span class=\"\">Auch der Sound ist neu. Die Stimmen der Berge werden ab sofort von Rainer Kalb produziert, der den neuen Hit-Anw\u00e4rter \u201eUnendlich frei\u201c auch gleich selbst komponiert und \u2013 mit Harry W. Sch\u00e4fer \u2013 getextet hat. Auf diese Weise ist ein v\u00f6llig neues Klangbild entstanden, welches die Stimmen der Berge noch deutlicher im Bereich des modernen Popschlagers etablieren soll (und wird!).\u00a0\u201eUnendlich frei\u201c ist durchaus ein traditionell komponierter Schlager, der aber modern produziert wurde und witzige Elemente in sich birgt.<\/span><\/div>\n<div><\/div>\n<div><em class=\"\">\u00a0<\/em><\/div>\n<div><em class=\"\">\u00a0<\/em><\/div>\n<div><em class=\"\">\u201eIch will die Hochh\u00e4user von Manhattan seh\u00b4 n\u00a0<\/em><\/div>\n<div><em class=\"\">Oder einfach mal nackt im Regen steh\u00b4 n\u00a0<\/em><\/div>\n<div><em class=\"\">Aus dreitausend Metern im freien Fall\u00a0<\/em><\/div>\n<div><em class=\"\">Und im Flugzeug fliegen mit \u00dcberschall (\u2026)\u201c<\/em><\/div>\n<div><span class=\"\">\u00a0<\/span><\/div>\n<div><span class=\"\">\u00a0<\/span><\/div>\n<div><span class=\"\">\u00a0<\/span><\/div>\n<div><span class=\"\">Auch in ihren Texten ist die einstige \u201eBoygroup der Vollksmusik\u201c deutlich frecher geworden. Die jungen Herren entfalten noch mehr von ihrem Lausbuben-Charme:<\/span><\/div>\n<div><em class=\"\">\u00a0<\/em><\/div>\n<div><em class=\"\">\u00a0<\/em><\/div>\n<div><em class=\"\">\u00a0<\/em><\/div>\n<div><em class=\"\">\u201eWas andere denken ist mir doch egal\u00a0<\/em><\/div>\n<div><em class=\"\">Und wenn\u00b4s mir gef\u00e4llt mache ich\u00b4s gleich nochmal.\u201c<\/em><\/div>\n<div><span class=\"\">\u00a0<\/span><\/div>\n<div><span class=\"\">\u00a0<\/span><\/div>\n<div><span class=\"\">\u00a0<\/span><\/div>\n<div><span class=\"\">Erstmalig \u00fcberhaupt wird bei den Stimmen der Berge\u00a0zum Song-Ende sogar \u201egerappt\u201c: Der Refrain wird im schnellen Sprechgesang vorgetragen.\u00a0Spannend auch die rhythmische Ver\u00e4nderung, wenn der Refrain pl\u00f6tzlich im Queen-Rhythmus \u00e0 la \u201eWe Will Rock You\u201c daherkommt.<\/span><\/div>\n<div><span class=\"\">\u00a0<\/span><\/div>\n<div><span class=\"\">Inhaltlich bringen die STIMMEN DER BERGE authentisch r\u00fcber, daf\u00fcr zu pl\u00e4dieren, die Zeit der Jugend zu genie\u00dfen und selbstbestimmt zu erleben: \u201eWas andere denken ist mir doch egal. Und wenn \u0301s mir gef\u00e4llt, mache ich \u0301s gleich noch mal!\u201c. Der im Schlager \u2013 gerade aktuell in Pandemie-Zeiten \u2013 immer gern zitierte \u201eCarpe diem\u201c-Gedanke gilt auch und gerade f\u00fcr junge Menschen, die ihre Tr\u00e4ume einfach ausleben wollen:<\/span><\/div>\n<div><em class=\"\">\u00a0<\/em><\/div>\n<div><em class=\"\">\u00a0<\/em><\/div>\n<div><em class=\"\">\u00a0<\/em><\/div>\n<div><em class=\"\">\u201eLass es uns tun, denn ich werd sonst verr\u00fcckt \u2013<\/em><\/div>\n<div><em class=\"\">die Uhr des Lebens dreht niemand zur\u00fcck!\u201c.\u00a0<\/em><\/div>\n<div><span class=\"\">\u00a0<\/span><\/div>\n<div><span class=\"\">\u00a0<\/span><\/div>\n<div><span class=\"\">\u00a0<\/span><\/div>\n<div><span class=\"\">Mit \u201eUnendlich frei\u201c gehen die STIMMEN DER BERGE ihren sehr erfolgreichen Weg, mit guten Stimmen auf gesanglich hohem Niveau auch moderne Schlager auf den Weg zu bringen, konsequent weiter.\u00a0<\/span><\/div>\n","protected":false},"excerpt":{"rendered":"<p>STIMMEN DER BERGE \u201eWenn Stimmen auseinander geh\u2019n\u201c \u2026: Am 30.04.2021 erscheint ihre erste Single als QUARTETT \u2013 \u201eUnendlich frei\u201c! Da waren\u2019s nur noch vier: Die STIMMEN DER BERGE pr\u00e4sentieren sich ab sofort als Quartett. Bassist Simon K\u00e4sbauer hat auf SEINE innere Stimme geh\u00f6rt und sich \u2013 aufbauend auf seine bereits abgeschlossene Ausbildung als Physiotherapeut \u2013 vollumf\u00e4nglich seinem\u00a0Osteopathie-Studium widmen m\u00f6chte. \u00a0 Wobei \u2013 und darauf legen die Stimmen der Berge gr\u00f6\u00dften Wert \u2013 die (vorl\u00e4ufige!) Trennung in aller Freundschaft erfolgt ist. Und das ist in diesem Fall auch wirklich keine hohle Phrase. Denn: Es muss nicht zwingend einen Abschied f\u00fcr immer sein. NUR: Simon musste sich&#8230;<\/p>\n","protected":false},"author":1,"featured_media":3980,"comment_status":"open","ping_status":"open","sticky":false,"template":"","format":"standard","meta":{"footnotes":""},"categories":[2],"tags":[296],"class_list":["post-3978","post","type-post","status-publish","format-standard","has-post-thumbnail","hentry","category-schlager","tag-stimmen-der-berge","wpcat-2-id"],"_links":{"self":[{"href":"https:\/\/bergers-schlagerparadies.de\/index.php?rest_route=\/wp\/v2\/posts\/3978","targetHints":{"allow":["GET"]}}],"collection":[{"href":"https:\/\/bergers-schlagerparadies.de\/index.php?rest_route=\/wp\/v2\/posts"}],"about":[{"href":"https:\/\/bergers-schlagerparadies.de\/index.php?rest_route=\/wp\/v2\/types\/post"}],"author":[{"embeddable":true,"href":"https:\/\/bergers-schlagerparadies.de\/index.php?rest_route=\/wp\/v2\/users\/1"}],"replies":[{"embeddable":true,"href":"https:\/\/bergers-schlagerparadies.de\/index.php?rest_route=%2Fwp%2Fv2%2Fcomments&post=3978"}],"version-history":[{"count":1,"href":"https:\/\/bergers-schlagerparadies.de\/index.php?rest_route=\/wp\/v2\/posts\/3978\/revisions"}],"predecessor-version":[{"id":3981,"href":"https:\/\/bergers-schlagerparadies.de\/index.php?rest_route=\/wp\/v2\/posts\/3978\/revisions\/3981"}],"wp:featuredmedia":[{"embeddable":true,"href":"https:\/\/bergers-schlagerparadies.de\/index.php?rest_route=\/wp\/v2\/media\/3980"}],"wp:attachment":[{"href":"https:\/\/bergers-schlagerparadies.de\/index.php?rest_route=%2Fwp%2Fv2%2Fmedia&parent=3978"}],"wp:term":[{"taxonomy":"category","embeddable":true,"href":"https:\/\/bergers-schlagerparadies.de\/index.php?rest_route=%2Fwp%2Fv2%2Fcategories&post=3978"},{"taxonomy":"post_tag","embeddable":true,"href":"https:\/\/bergers-schlagerparadies.de\/index.php?rest_route=%2Fwp%2Fv2%2Ftags&post=3978"}],"curies":[{"name":"wp","href":"https:\/\/api.w.org\/{rel}","templated":true}]}}