{"id":39772,"date":"2025-11-12T19:47:32","date_gmt":"2025-11-12T18:47:32","guid":{"rendered":"https:\/\/bergers-schlagerparadies.de\/?p=39772"},"modified":"2025-11-12T19:47:32","modified_gmt":"2025-11-12T18:47:32","slug":"gabriella-massa-fragile-die-weihnachtsversion-%c2%b7-bergers-schlagerparadies","status":"publish","type":"post","link":"https:\/\/bergers-schlagerparadies.de\/?p=39772","title":{"rendered":"Gabriella Massa &#8211; Fragile (Die Weihnachtsversion) \u00b7 Berger\u00b4s Schlagerparadies"},"content":{"rendered":"<p><img loading=\"lazy\" decoding=\"async\" class=\"size-medium wp-image-39773 alignleft\" src=\"https:\/\/bergers-schlagerparadies.de\/wp-content\/uploads\/2025\/11\/Gabriella-Massa-Fragile-Die-Weihnachtsversion-300x300.jpeg\" alt=\"\" width=\"300\" height=\"300\" srcset=\"https:\/\/bergers-schlagerparadies.de\/wp-content\/uploads\/2025\/11\/Gabriella-Massa-Fragile-Die-Weihnachtsversion-300x300.jpeg 300w, https:\/\/bergers-schlagerparadies.de\/wp-content\/uploads\/2025\/11\/Gabriella-Massa-Fragile-Die-Weihnachtsversion-1024x1024.jpeg 1024w, https:\/\/bergers-schlagerparadies.de\/wp-content\/uploads\/2025\/11\/Gabriella-Massa-Fragile-Die-Weihnachtsversion-150x150.jpeg 150w, https:\/\/bergers-schlagerparadies.de\/wp-content\/uploads\/2025\/11\/Gabriella-Massa-Fragile-Die-Weihnachtsversion-768x768.jpeg 768w, https:\/\/bergers-schlagerparadies.de\/wp-content\/uploads\/2025\/11\/Gabriella-Massa-Fragile-Die-Weihnachtsversion-1188x1188.jpeg 1188w, https:\/\/bergers-schlagerparadies.de\/wp-content\/uploads\/2025\/11\/Gabriella-Massa-Fragile-Die-Weihnachtsversion-100x100.jpeg 100w, https:\/\/bergers-schlagerparadies.de\/wp-content\/uploads\/2025\/11\/Gabriella-Massa-Fragile-Die-Weihnachtsversion.jpeg 1200w\" sizes=\"auto, (max-width: 300px) 100vw, 300px\" \/>Es ist Weihnachten \u2013 daher hat Gabriella Massa zum Jahresende eine ganz besondere \u00dcberraschung vorbereitet. Nach ihrer erfolgreichen ersten Ver\u00f6ffentlichung im Jahr 2023 mit \u201eFragile&#8220; unter ihrem Label Massa Musica Records, entstand schon damals die Idee, diesen gef\u00fchlvollen Song in eine neue, festliche Form zu wandeln. Nun ist es soweit: \u201eFragile (Die Weihnachtsversion)&#8220; l\u00e4dt Gro\u00df und Klein auf eine musikalische Reise in eine magische Welt ein. Mit orchestralen Arrangements und Kl\u00e4ngen klassischer Weihnachtslieder entsteht eine warme, ber\u00fchrende Atmosph\u00e4re, die Herzen \u00f6ffnet und zum Tr\u00e4umen einl\u00e4dt. \u201eLiebe ist nur ein Wort \u2013 so unscheinbar klein&#8220;, hei\u00dft es im Song. Doch in dieser besonderen Version entfaltet sich hinter diesem Wort eine ganze Welt aus Gef\u00fchl, Hoffnung und Weihnachtszauber.<br \/>\nMit \u201eFragile (Die Weihnachtsversion)&#8220; schenkt Gabriella Massa ihrem Publikum einen Moment des Innehaltens, der Liebe und des Mitgef\u00fchls \u2013 genau das, was Weihnachten ausmacht.<\/p>\n<p><span style=\"color: #800000;\"><strong>Quelle: Massa Musica Records<\/strong><\/span><\/p>\n<p><span style=\"color: #800000;\"><strong>Dieser Song ist ab dem 21.11.2025 auf allen Download- und Streaming-Portalen erh\u00e4ltlich.\u00a0<\/strong><\/span><\/p>\n<p><span style=\"color: #800000;\"><strong>Airdate (f\u00fcr Radiosender): 14.11.2025<\/strong><\/span><\/p>\n","protected":false},"excerpt":{"rendered":"<p>Es ist Weihnachten \u2013 daher hat Gabriella Massa zum Jahresende eine ganz besondere \u00dcberraschung vorbereitet. Nach ihrer erfolgreichen ersten Ver\u00f6ffentlichung im Jahr 2023 mit \u201eFragile&#8220; unter ihrem Label Massa Musica Records, entstand schon damals die Idee, diesen gef\u00fchlvollen Song in eine neue, festliche Form zu wandeln. Nun ist es soweit: \u201eFragile (Die Weihnachtsversion)&#8220; l\u00e4dt Gro\u00df und Klein auf eine musikalische Reise in eine magische Welt ein. Mit orchestralen Arrangements und Kl\u00e4ngen klassischer Weihnachtslieder entsteht eine warme, ber\u00fchrende Atmosph\u00e4re, die Herzen \u00f6ffnet und zum Tr\u00e4umen einl\u00e4dt. \u201eLiebe ist nur ein Wort \u2013 so unscheinbar klein&#8220;, hei\u00dft es im Song. Doch in dieser besonderen Version entfaltet sich&#8230;<\/p>\n","protected":false},"author":1,"featured_media":39773,"comment_status":"open","ping_status":"open","sticky":false,"template":"","format":"standard","meta":{"footnotes":""},"categories":[3231,4059,3237,2,3234,3277],"tags":[51],"class_list":["post-39772","post","type-post","status-publish","format-standard","has-post-thumbnail","hentry","category-bergers-schlagerparadies","category-massa-musica-records","category-pop","category-schlager","category-weihnachten","category-weihnachtspop","tag-gabriella-massa","wpcat-3231-id","wpcat-4059-id","wpcat-3237-id","wpcat-2-id","wpcat-3234-id","wpcat-3277-id"],"_links":{"self":[{"href":"https:\/\/bergers-schlagerparadies.de\/index.php?rest_route=\/wp\/v2\/posts\/39772","targetHints":{"allow":["GET"]}}],"collection":[{"href":"https:\/\/bergers-schlagerparadies.de\/index.php?rest_route=\/wp\/v2\/posts"}],"about":[{"href":"https:\/\/bergers-schlagerparadies.de\/index.php?rest_route=\/wp\/v2\/types\/post"}],"author":[{"embeddable":true,"href":"https:\/\/bergers-schlagerparadies.de\/index.php?rest_route=\/wp\/v2\/users\/1"}],"replies":[{"embeddable":true,"href":"https:\/\/bergers-schlagerparadies.de\/index.php?rest_route=%2Fwp%2Fv2%2Fcomments&post=39772"}],"version-history":[{"count":1,"href":"https:\/\/bergers-schlagerparadies.de\/index.php?rest_route=\/wp\/v2\/posts\/39772\/revisions"}],"predecessor-version":[{"id":39774,"href":"https:\/\/bergers-schlagerparadies.de\/index.php?rest_route=\/wp\/v2\/posts\/39772\/revisions\/39774"}],"wp:featuredmedia":[{"embeddable":true,"href":"https:\/\/bergers-schlagerparadies.de\/index.php?rest_route=\/wp\/v2\/media\/39773"}],"wp:attachment":[{"href":"https:\/\/bergers-schlagerparadies.de\/index.php?rest_route=%2Fwp%2Fv2%2Fmedia&parent=39772"}],"wp:term":[{"taxonomy":"category","embeddable":true,"href":"https:\/\/bergers-schlagerparadies.de\/index.php?rest_route=%2Fwp%2Fv2%2Fcategories&post=39772"},{"taxonomy":"post_tag","embeddable":true,"href":"https:\/\/bergers-schlagerparadies.de\/index.php?rest_route=%2Fwp%2Fv2%2Ftags&post=39772"}],"curies":[{"name":"wp","href":"https:\/\/api.w.org\/{rel}","templated":true}]}}