{"id":39746,"date":"2025-11-24T10:30:08","date_gmt":"2025-11-24T09:30:08","guid":{"rendered":"https:\/\/bergers-schlagerparadies.de\/?p=39746"},"modified":"2025-11-11T22:06:55","modified_gmt":"2025-11-11T21:06:55","slug":"anna-bourell-leben-und-lieben-%c2%b7-bergers-schlagerparadies","status":"publish","type":"post","link":"https:\/\/bergers-schlagerparadies.de\/?p=39746","title":{"rendered":"Anna Bourell &#8211; Leben und Lieben \u00b7 Berger\u00b4s Schlagerparadies"},"content":{"rendered":"<p><img loading=\"lazy\" decoding=\"async\" class=\"size-medium wp-image-39747 alignleft\" src=\"https:\/\/bergers-schlagerparadies.de\/wp-content\/uploads\/2025\/11\/Anna-Bourell-Leben-und-Lieben-300x300.jpeg\" alt=\"\" width=\"300\" height=\"300\" srcset=\"https:\/\/bergers-schlagerparadies.de\/wp-content\/uploads\/2025\/11\/Anna-Bourell-Leben-und-Lieben-300x300.jpeg 300w, https:\/\/bergers-schlagerparadies.de\/wp-content\/uploads\/2025\/11\/Anna-Bourell-Leben-und-Lieben-1024x1024.jpeg 1024w, https:\/\/bergers-schlagerparadies.de\/wp-content\/uploads\/2025\/11\/Anna-Bourell-Leben-und-Lieben-150x150.jpeg 150w, https:\/\/bergers-schlagerparadies.de\/wp-content\/uploads\/2025\/11\/Anna-Bourell-Leben-und-Lieben-768x768.jpeg 768w, https:\/\/bergers-schlagerparadies.de\/wp-content\/uploads\/2025\/11\/Anna-Bourell-Leben-und-Lieben-1200x1200.jpeg 1200w, https:\/\/bergers-schlagerparadies.de\/wp-content\/uploads\/2025\/11\/Anna-Bourell-Leben-und-Lieben-1188x1188.jpeg 1188w, https:\/\/bergers-schlagerparadies.de\/wp-content\/uploads\/2025\/11\/Anna-Bourell-Leben-und-Lieben-100x100.jpeg 100w, https:\/\/bergers-schlagerparadies.de\/wp-content\/uploads\/2025\/11\/Anna-Bourell-Leben-und-Lieben.jpeg 1417w\" sizes=\"auto, (max-width: 300px) 100vw, 300px\" \/>Am 27. November 2025 ver\u00f6ffentlicht Anna Bourell ihren neuen Song.<br \/>\n\u201eLeben und Lieben\u201c \u2013 eine ber\u00fchrende Hommage an Freundschaft, Vertrauen, das Leben und nat\u00fcrlich die Liebe. Aus der Feder von Hans-Werner Olm, erz\u00e4hlt der Song von den besonderen Momenten zwischen Menschen, die unser Herz ber\u00fchren.<br \/>\nF\u00fcr Anna Bourell ist Musik kein Genre, sondern ein Gl\u00fccksgef\u00fchl, das in vielen Farben erklingt. Ihre Stimme ist ebenso vielseitig wie ihr Herz: offen, bunt und immer echt.<br \/>\n\u201eLeben und Lieben\u201c ist ein Ausdruck dieser Vielseitigkeit und l\u00e4dt dazu ein, die eigenen Beziehungen und das Miteinander zu feiern.<br \/>\nMit diesem Song setzt Anna Bourell einen emotionalen Akzent, der sowohl ber\u00fchrt als auch inspiriert. Ob als musikalischer Begleiter f\u00fcr innige Momente oder als Hymne f\u00fcr besondere Freundschaften \u2013 \u201eLeben und Lieben\u201c ist ein Statement f\u00fcr alles, was im Leben z\u00e4hlt.<\/p>\n<p><span style=\"color: #800000;\"><strong>Quelle: HANS WERNER OLM &#8211; TONSTARK<\/strong><\/span><\/p>\n<p><span style=\"color: #800000;\"><strong>Dieser Song ist ab dem 27.11.2025 auf allen Download- und Streaming-Portalen erh\u00e4ltlich.\u00a0<\/strong><\/span><\/p>\n<p><span style=\"color: #800000;\"><strong>Airdate (f\u00fcr Radiosender): 27.11.2025<\/strong><\/span><\/p>\n","protected":false},"excerpt":{"rendered":"<p>Am 27. November 2025 ver\u00f6ffentlicht Anna Bourell ihren neuen Song. \u201eLeben und Lieben\u201c \u2013 eine ber\u00fchrende Hommage an Freundschaft, Vertrauen, das Leben und nat\u00fcrlich die Liebe. Aus der Feder von Hans-Werner Olm, erz\u00e4hlt der Song von den besonderen Momenten zwischen Menschen, die unser Herz ber\u00fchren. F\u00fcr Anna Bourell ist Musik kein Genre, sondern ein Gl\u00fccksgef\u00fchl, das in vielen Farben erklingt. Ihre Stimme ist ebenso vielseitig wie ihr Herz: offen, bunt und immer echt. \u201eLeben und Lieben\u201c ist ein Ausdruck dieser Vielseitigkeit und l\u00e4dt dazu ein, die eigenen Beziehungen und das Miteinander zu feiern. Mit diesem Song setzt Anna Bourell einen emotionalen Akzent, der sowohl ber\u00fchrt&#8230;<\/p>\n","protected":false},"author":1,"featured_media":39747,"comment_status":"open","ping_status":"open","sticky":false,"template":"","format":"standard","meta":{"footnotes":""},"categories":[3231,3255,3264,4408,3265],"tags":[4409],"class_list":["post-39746","post","type-post","status-publish","format-standard","has-post-thumbnail","hentry","category-bergers-schlagerparadies","category-deutsch","category-deutsch-pop","category-hans-werner-olm-tonstark","category-schlager-party","tag-anna-bourell","wpcat-3231-id","wpcat-3255-id","wpcat-3264-id","wpcat-4408-id","wpcat-3265-id"],"_links":{"self":[{"href":"https:\/\/bergers-schlagerparadies.de\/index.php?rest_route=\/wp\/v2\/posts\/39746","targetHints":{"allow":["GET"]}}],"collection":[{"href":"https:\/\/bergers-schlagerparadies.de\/index.php?rest_route=\/wp\/v2\/posts"}],"about":[{"href":"https:\/\/bergers-schlagerparadies.de\/index.php?rest_route=\/wp\/v2\/types\/post"}],"author":[{"embeddable":true,"href":"https:\/\/bergers-schlagerparadies.de\/index.php?rest_route=\/wp\/v2\/users\/1"}],"replies":[{"embeddable":true,"href":"https:\/\/bergers-schlagerparadies.de\/index.php?rest_route=%2Fwp%2Fv2%2Fcomments&post=39746"}],"version-history":[{"count":1,"href":"https:\/\/bergers-schlagerparadies.de\/index.php?rest_route=\/wp\/v2\/posts\/39746\/revisions"}],"predecessor-version":[{"id":39748,"href":"https:\/\/bergers-schlagerparadies.de\/index.php?rest_route=\/wp\/v2\/posts\/39746\/revisions\/39748"}],"wp:featuredmedia":[{"embeddable":true,"href":"https:\/\/bergers-schlagerparadies.de\/index.php?rest_route=\/wp\/v2\/media\/39747"}],"wp:attachment":[{"href":"https:\/\/bergers-schlagerparadies.de\/index.php?rest_route=%2Fwp%2Fv2%2Fmedia&parent=39746"}],"wp:term":[{"taxonomy":"category","embeddable":true,"href":"https:\/\/bergers-schlagerparadies.de\/index.php?rest_route=%2Fwp%2Fv2%2Fcategories&post=39746"},{"taxonomy":"post_tag","embeddable":true,"href":"https:\/\/bergers-schlagerparadies.de\/index.php?rest_route=%2Fwp%2Fv2%2Ftags&post=39746"}],"curies":[{"name":"wp","href":"https:\/\/api.w.org\/{rel}","templated":true}]}}