{"id":39734,"date":"2025-11-10T22:26:35","date_gmt":"2025-11-10T21:26:35","guid":{"rendered":"https:\/\/bergers-schlagerparadies.de\/?p=39734"},"modified":"2025-11-10T22:26:35","modified_gmt":"2025-11-10T21:26:35","slug":"corinna-anders-meine-seele-brennt-%c2%b7-bergers-schlagerparadies","status":"publish","type":"post","link":"https:\/\/bergers-schlagerparadies.de\/?p=39734","title":{"rendered":"Corinna Anders &#8211; Meine Seele brennt \u00b7 Berger\u00b4s Schlagerparadies"},"content":{"rendered":"<p><img loading=\"lazy\" decoding=\"async\" class=\"size-medium wp-image-39735 alignleft\" src=\"https:\/\/bergers-schlagerparadies.de\/wp-content\/uploads\/2025\/11\/Corinna-Anders-Meine-Seele-brennt-300x300.jpeg\" alt=\"\" width=\"300\" height=\"300\" srcset=\"https:\/\/bergers-schlagerparadies.de\/wp-content\/uploads\/2025\/11\/Corinna-Anders-Meine-Seele-brennt-300x300.jpeg 300w, https:\/\/bergers-schlagerparadies.de\/wp-content\/uploads\/2025\/11\/Corinna-Anders-Meine-Seele-brennt-1024x1024.jpeg 1024w, https:\/\/bergers-schlagerparadies.de\/wp-content\/uploads\/2025\/11\/Corinna-Anders-Meine-Seele-brennt-150x150.jpeg 150w, https:\/\/bergers-schlagerparadies.de\/wp-content\/uploads\/2025\/11\/Corinna-Anders-Meine-Seele-brennt-768x768.jpeg 768w, https:\/\/bergers-schlagerparadies.de\/wp-content\/uploads\/2025\/11\/Corinna-Anders-Meine-Seele-brennt-1188x1188.jpeg 1188w, https:\/\/bergers-schlagerparadies.de\/wp-content\/uploads\/2025\/11\/Corinna-Anders-Meine-Seele-brennt-100x100.jpeg 100w, https:\/\/bergers-schlagerparadies.de\/wp-content\/uploads\/2025\/11\/Corinna-Anders-Meine-Seele-brennt.jpeg 1200w\" sizes=\"auto, (max-width: 300px) 100vw, 300px\" \/>2024 wurde sie als Preistr\u00e4gerin in der Kategorie Schlager mit dem 42. Deutschen Rock- und Popp-Preis ausgezeichnet. Ihre Seele hat Feuer gefangen und ja, sie brennt f\u00fcr den deutschen Schlager: Corinna Anders. Mussten Sie im Leben bereits geliebte Menschen oder ihre \u00dcberzeugungen loslassen? &#8222;Meine Seele brennt&#8220; beschreibt das Zwischenspiel von Herz \u00fcber Kopf sowie das Urvertrauen ins eigene Bauchgef\u00fchl. Die Spannung der Emotionen l\u00e4sst sich mit ansteckender Leichtigkeit wegtanzen, der Ausdruckskraft ihrer Worte kann man sich nicht entziehen. Tiefste Empfindungen verpackt im modern und zeitgem\u00e4\u00df arrangierten Sound vom Erfolgsproduzenten Andr\u00e9 Stade.<br \/>\nDie k\u00fcnstlerische Entwicklung der S\u00e4ngerin und Songwriterin Corinna Anders, die sowohl textlich als auch musikalisch als Melodieerfinderin wirkt, ist deutlich erkennbar. Wie kein Zweiter versteht es Andr\u00e9 Stade seine K\u00fcnstlerin in den intensiven Prozess der Studioarbeit einzubinden und ihre Pr\u00e4gung sowie ihren pers\u00f6nlichen Stil in den Song einflie\u00dfen zu lassen. So entstehen authentische Kompositionen mit emotionalem Tiefgang und eigensinniger Hookline, die ihren Wiedererkennungswert ausmachen.<br \/>\nBeat und Rhythmus des Songs verdr\u00e4ngen den Alltagstress, vermitteln positive Gef\u00fchle und hinterlassen eine unmissverst\u00e4ndliche Botschaft: &#8222;\u2026 das passiert mir kein drittes Mal.&#8220; Corinna Anders l\u00e4sst Taten sprechen und singt sich in die Herzen ihrer Mitmenschen. Es gibt Millionen Gr\u00fcnde diesen Song zu lieben. Die Ver\u00f6ffentlichung erfolgt \u00fcber XENIA Records in bew\u00e4hrter Zusammenarbeit mit ihrem Label-Chef J\u00fcrgen Kerber und kn\u00fcpft an ihr erfolgreiches Deb\u00fct-Album &#8222;Gedankenspiele&#8220; an.<\/p>\n<p><span style=\"color: #800000;\"><strong>Quelle: XENIA Records<\/strong><\/span><\/p>\n<p><span style=\"color: #800000;\"><strong>Dieser Song ist ab dem 10.11.2025 auf allen Download- und Streaming-Portalen erh\u00e4ltlich.\u00a0<\/strong><\/span><\/p>\n<p><span style=\"color: #800000;\"><strong>Airdate (f\u00fcr Radiosender): 10.11.2025<\/strong><\/span><\/p>\n","protected":false},"excerpt":{"rendered":"<p>2024 wurde sie als Preistr\u00e4gerin in der Kategorie Schlager mit dem 42. Deutschen Rock- und Popp-Preis ausgezeichnet. Ihre Seele hat Feuer gefangen und ja, sie brennt f\u00fcr den deutschen Schlager: Corinna Anders. Mussten Sie im Leben bereits geliebte Menschen oder ihre \u00dcberzeugungen loslassen? &#8222;Meine Seele brennt&#8220; beschreibt das Zwischenspiel von Herz \u00fcber Kopf sowie das Urvertrauen ins eigene Bauchgef\u00fchl. Die Spannung der Emotionen l\u00e4sst sich mit ansteckender Leichtigkeit wegtanzen, der Ausdruckskraft ihrer Worte kann man sich nicht entziehen. Tiefste Empfindungen verpackt im modern und zeitgem\u00e4\u00df arrangierten Sound vom Erfolgsproduzenten Andr\u00e9 Stade. Die k\u00fcnstlerische Entwicklung der S\u00e4ngerin und Songwriterin Corinna Anders, die sowohl textlich als auch&#8230;<\/p>\n","protected":false},"author":1,"featured_media":39735,"comment_status":"open","ping_status":"open","sticky":false,"template":"","format":"standard","meta":{"footnotes":""},"categories":[3231,3255,3237,2,3311],"tags":[1464],"class_list":["post-39734","post","type-post","status-publish","format-standard","has-post-thumbnail","hentry","category-bergers-schlagerparadies","category-deutsch","category-pop","category-schlager","category-xenia-records","tag-corinna-anders","wpcat-3231-id","wpcat-3255-id","wpcat-3237-id","wpcat-2-id","wpcat-3311-id"],"_links":{"self":[{"href":"https:\/\/bergers-schlagerparadies.de\/index.php?rest_route=\/wp\/v2\/posts\/39734","targetHints":{"allow":["GET"]}}],"collection":[{"href":"https:\/\/bergers-schlagerparadies.de\/index.php?rest_route=\/wp\/v2\/posts"}],"about":[{"href":"https:\/\/bergers-schlagerparadies.de\/index.php?rest_route=\/wp\/v2\/types\/post"}],"author":[{"embeddable":true,"href":"https:\/\/bergers-schlagerparadies.de\/index.php?rest_route=\/wp\/v2\/users\/1"}],"replies":[{"embeddable":true,"href":"https:\/\/bergers-schlagerparadies.de\/index.php?rest_route=%2Fwp%2Fv2%2Fcomments&post=39734"}],"version-history":[{"count":1,"href":"https:\/\/bergers-schlagerparadies.de\/index.php?rest_route=\/wp\/v2\/posts\/39734\/revisions"}],"predecessor-version":[{"id":39736,"href":"https:\/\/bergers-schlagerparadies.de\/index.php?rest_route=\/wp\/v2\/posts\/39734\/revisions\/39736"}],"wp:featuredmedia":[{"embeddable":true,"href":"https:\/\/bergers-schlagerparadies.de\/index.php?rest_route=\/wp\/v2\/media\/39735"}],"wp:attachment":[{"href":"https:\/\/bergers-schlagerparadies.de\/index.php?rest_route=%2Fwp%2Fv2%2Fmedia&parent=39734"}],"wp:term":[{"taxonomy":"category","embeddable":true,"href":"https:\/\/bergers-schlagerparadies.de\/index.php?rest_route=%2Fwp%2Fv2%2Fcategories&post=39734"},{"taxonomy":"post_tag","embeddable":true,"href":"https:\/\/bergers-schlagerparadies.de\/index.php?rest_route=%2Fwp%2Fv2%2Ftags&post=39734"}],"curies":[{"name":"wp","href":"https:\/\/api.w.org\/{rel}","templated":true}]}}