{"id":39727,"date":"2025-11-10T21:53:43","date_gmt":"2025-11-10T20:53:43","guid":{"rendered":"https:\/\/bergers-schlagerparadies.de\/?p=39727"},"modified":"2025-11-10T21:53:43","modified_gmt":"2025-11-10T20:53:43","slug":"die-junx-wir-werden-wieder-tanzen-%c2%b7-bergers-schlagerparadies","status":"publish","type":"post","link":"https:\/\/bergers-schlagerparadies.de\/?p=39727","title":{"rendered":"Die JunX &#8211; Wir werden wieder tanzen \u00b7 Berger\u00b4s Schlagerparadies"},"content":{"rendered":"<p><img loading=\"lazy\" decoding=\"async\" class=\"size-medium wp-image-39728 alignleft\" src=\"https:\/\/bergers-schlagerparadies.de\/wp-content\/uploads\/2025\/11\/Die-JunX-Wir-werden-wieder-tanzen-300x300.jpeg\" alt=\"\" width=\"300\" height=\"300\" srcset=\"https:\/\/bergers-schlagerparadies.de\/wp-content\/uploads\/2025\/11\/Die-JunX-Wir-werden-wieder-tanzen-300x300.jpeg 300w, https:\/\/bergers-schlagerparadies.de\/wp-content\/uploads\/2025\/11\/Die-JunX-Wir-werden-wieder-tanzen-1024x1024.jpeg 1024w, https:\/\/bergers-schlagerparadies.de\/wp-content\/uploads\/2025\/11\/Die-JunX-Wir-werden-wieder-tanzen-150x150.jpeg 150w, https:\/\/bergers-schlagerparadies.de\/wp-content\/uploads\/2025\/11\/Die-JunX-Wir-werden-wieder-tanzen-768x768.jpeg 768w, https:\/\/bergers-schlagerparadies.de\/wp-content\/uploads\/2025\/11\/Die-JunX-Wir-werden-wieder-tanzen-1536x1536.jpeg 1536w, https:\/\/bergers-schlagerparadies.de\/wp-content\/uploads\/2025\/11\/Die-JunX-Wir-werden-wieder-tanzen-2048x2048.jpeg 2048w, https:\/\/bergers-schlagerparadies.de\/wp-content\/uploads\/2025\/11\/Die-JunX-Wir-werden-wieder-tanzen-1200x1200.jpeg 1200w, https:\/\/bergers-schlagerparadies.de\/wp-content\/uploads\/2025\/11\/Die-JunX-Wir-werden-wieder-tanzen-1188x1188.jpeg 1188w, https:\/\/bergers-schlagerparadies.de\/wp-content\/uploads\/2025\/11\/Die-JunX-Wir-werden-wieder-tanzen-100x100.jpeg 100w\" sizes=\"auto, (max-width: 300px) 100vw, 300px\" \/>Mit \u201eWir werden wieder tanzen\u201c bringen Die JunX (V\u00d6: 14.11.2025) pure Lebensfreude auf die Tanzfl\u00e4che!<br \/>\nDer mitrei\u00dfende Mix aus Schlager und Deutschpop erinnert daran: Auch nach dem Sturm scheint wieder die Sonne.<br \/>\nEin Song voller Hoffnung, Optimismus und Bewegung \u2013 perfekt f\u00fcr alle, die das Leben feiern wollen.<\/p>\n<p><span style=\"color: #800000;\"><strong>Quelle: Hammonia Music<\/strong><\/span><\/p>\n<p><span style=\"color: #800000;\"><strong>Dieser Song ist ab dem 14.11.2025 auf allen Download- und Streaming-Portalen erh\u00e4ltlich.\u00a0<\/strong><\/span><\/p>\n<p><span style=\"color: #800000;\"><strong>Airdate (f\u00fcr Radiosender): 14.11.2025<\/strong><\/span><\/p>\n","protected":false},"excerpt":{"rendered":"<p>Mit \u201eWir werden wieder tanzen\u201c bringen Die JunX (V\u00d6: 14.11.2025) pure Lebensfreude auf die Tanzfl\u00e4che! Der mitrei\u00dfende Mix aus Schlager und Deutschpop erinnert daran: Auch nach dem Sturm scheint wieder die Sonne. Ein Song voller Hoffnung, Optimismus und Bewegung \u2013 perfekt f\u00fcr alle, die das Leben feiern wollen. Quelle: Hammonia Music Dieser Song ist ab dem 14.11.2025 auf allen Download- und Streaming-Portalen erh\u00e4ltlich.\u00a0 Airdate (f\u00fcr Radiosender): 14.11.2025<\/p>\n","protected":false},"author":1,"featured_media":39728,"comment_status":"open","ping_status":"open","sticky":false,"template":"","format":"standard","meta":{"footnotes":""},"categories":[3231,3255,3264,3481,3265],"tags":[947],"class_list":["post-39727","post","type-post","status-publish","format-standard","has-post-thumbnail","hentry","category-bergers-schlagerparadies","category-deutsch","category-deutsch-pop","category-hammonia-music","category-schlager-party","tag-die-junx","wpcat-3231-id","wpcat-3255-id","wpcat-3264-id","wpcat-3481-id","wpcat-3265-id"],"_links":{"self":[{"href":"https:\/\/bergers-schlagerparadies.de\/index.php?rest_route=\/wp\/v2\/posts\/39727","targetHints":{"allow":["GET"]}}],"collection":[{"href":"https:\/\/bergers-schlagerparadies.de\/index.php?rest_route=\/wp\/v2\/posts"}],"about":[{"href":"https:\/\/bergers-schlagerparadies.de\/index.php?rest_route=\/wp\/v2\/types\/post"}],"author":[{"embeddable":true,"href":"https:\/\/bergers-schlagerparadies.de\/index.php?rest_route=\/wp\/v2\/users\/1"}],"replies":[{"embeddable":true,"href":"https:\/\/bergers-schlagerparadies.de\/index.php?rest_route=%2Fwp%2Fv2%2Fcomments&post=39727"}],"version-history":[{"count":1,"href":"https:\/\/bergers-schlagerparadies.de\/index.php?rest_route=\/wp\/v2\/posts\/39727\/revisions"}],"predecessor-version":[{"id":39730,"href":"https:\/\/bergers-schlagerparadies.de\/index.php?rest_route=\/wp\/v2\/posts\/39727\/revisions\/39730"}],"wp:featuredmedia":[{"embeddable":true,"href":"https:\/\/bergers-schlagerparadies.de\/index.php?rest_route=\/wp\/v2\/media\/39728"}],"wp:attachment":[{"href":"https:\/\/bergers-schlagerparadies.de\/index.php?rest_route=%2Fwp%2Fv2%2Fmedia&parent=39727"}],"wp:term":[{"taxonomy":"category","embeddable":true,"href":"https:\/\/bergers-schlagerparadies.de\/index.php?rest_route=%2Fwp%2Fv2%2Fcategories&post=39727"},{"taxonomy":"post_tag","embeddable":true,"href":"https:\/\/bergers-schlagerparadies.de\/index.php?rest_route=%2Fwp%2Fv2%2Ftags&post=39727"}],"curies":[{"name":"wp","href":"https:\/\/api.w.org\/{rel}","templated":true}]}}