{"id":39671,"date":"2025-11-07T10:47:43","date_gmt":"2025-11-07T09:47:43","guid":{"rendered":"https:\/\/bergers-schlagerparadies.de\/?p=39671"},"modified":"2025-11-07T10:47:43","modified_gmt":"2025-11-07T09:47:43","slug":"jens-bogner-in-venedig-faellt-regen-%c2%b7-bergers-schlagerparadies","status":"publish","type":"post","link":"https:\/\/bergers-schlagerparadies.de\/?p=39671","title":{"rendered":"Jens Bogner &#8211; In Venedig f\u00e4llt Regen \u00b7 Berger\u00b4s Schlagerparadies"},"content":{"rendered":"<p><img loading=\"lazy\" decoding=\"async\" class=\"size-medium wp-image-39672 alignleft\" src=\"https:\/\/bergers-schlagerparadies.de\/wp-content\/uploads\/2025\/11\/Jens-Bogner-In-Venedig-faellt-Regen-300x300.jpeg\" alt=\"\" width=\"300\" height=\"300\" srcset=\"https:\/\/bergers-schlagerparadies.de\/wp-content\/uploads\/2025\/11\/Jens-Bogner-In-Venedig-faellt-Regen-300x300.jpeg 300w, https:\/\/bergers-schlagerparadies.de\/wp-content\/uploads\/2025\/11\/Jens-Bogner-In-Venedig-faellt-Regen-1024x1024.jpeg 1024w, https:\/\/bergers-schlagerparadies.de\/wp-content\/uploads\/2025\/11\/Jens-Bogner-In-Venedig-faellt-Regen-150x150.jpeg 150w, https:\/\/bergers-schlagerparadies.de\/wp-content\/uploads\/2025\/11\/Jens-Bogner-In-Venedig-faellt-Regen-768x768.jpeg 768w, https:\/\/bergers-schlagerparadies.de\/wp-content\/uploads\/2025\/11\/Jens-Bogner-In-Venedig-faellt-Regen-1536x1536.jpeg 1536w, https:\/\/bergers-schlagerparadies.de\/wp-content\/uploads\/2025\/11\/Jens-Bogner-In-Venedig-faellt-Regen-2048x2048.jpeg 2048w, https:\/\/bergers-schlagerparadies.de\/wp-content\/uploads\/2025\/11\/Jens-Bogner-In-Venedig-faellt-Regen-1200x1200.jpeg 1200w, https:\/\/bergers-schlagerparadies.de\/wp-content\/uploads\/2025\/11\/Jens-Bogner-In-Venedig-faellt-Regen-1188x1188.jpeg 1188w, https:\/\/bergers-schlagerparadies.de\/wp-content\/uploads\/2025\/11\/Jens-Bogner-In-Venedig-faellt-Regen-100x100.jpeg 100w\" sizes=\"auto, (max-width: 300px) 100vw, 300px\" \/>JENS BOGNER \u201eIn Venedig f\u00e4llt Regen\u201c ist ein melancholisches Abschiedslied!<br \/>\nErz\u00e4hlt wird die Geschichte einer Liebe, die in der Lagunenstadt zu Ende geht!<br \/>\nMit seiner neuen Single \u201eIn Venedig f\u00e4llt Regen\u201c entf\u00fchrt JENS BOGNER sein Publikum mitten ins Herz einer Stadt, die sonst f\u00fcr Romantik und Lebensfreude steht, n\u00e4mlich nach Venedig. Doch anstelle von Gondeln, Menschenmengen und sonnendurchfluteten Pl\u00e4tzen liegt in diesem Lied eine ganz andere Stimmung in der Luft: Stille, Leere und Regen. Der Markusplatz ist verlassen, die Tauben fliegen nicht, und die engen Gassen wirken wie ausgestorben. Schon die ersten Zeilen schaffen ein eindrucksvolles Bild einer Stadt, die pl\u00f6tzlich ihr Gesicht ver\u00e4ndert \u2013 genau wie die Beziehung, die im Song zu Ende geht.<br \/>\nIm Zentrum der Erz\u00e4hlung steht eine Liebe, die zerbricht. Der Regen \u00fcber Venedig wird zum Spiegel der Tr\u00e4nen, die beim Abschied flie\u00dfen. \u201eSie sagen mir leise, dass du morgen fr\u00fch gehst\u201c \u2013 eine Zeile, die den Schmerz des Verlassenwerdens auf den Punkt bringt. Dabei spannt der Text einen Bogen in die \u00f6sterreichische Hauptstadt Wien, wo sich das Paar einst kennenlernte. So entsteht ein Kontrast zwischen dem euphorischen Beginn und dem bitteren Ende der gemeinsamen Reise.<br \/>\nMusikalisch bettet sich die Geschichte in ein gef\u00fchlvoll arrangiertes Lied, das sowohl von Wehmut als auch von Sehnsucht getragen wird. Die Melodie flie\u00dft wie ein stiller Canale Grande dahin, getragen von sanften Harmonien, die den Text noch intensiver wirken lassen. Das Saxophonende zum Song-Ende hin l\u00e4dt zum Nachdenken ein. Besonders eindrucksvoll ist, wie sich die Metaphern von Regen, leeren Br\u00fccken und verwaisten Pl\u00e4tzen mit den Gef\u00fchlen des Verlusts verweben \u2013 ein lyrischer Spiegel von Schmerz und Verg\u00e4nglichkeit.<br \/>\nVerantwortlich f\u00fcr die Musik sind die Erfolgsproduzenten WILLY KL\u00dcTER und MANFRED HOCHHOLZER, w\u00e4hrend JENS BOGNER selbst den Text beigesteuert hat. Gerade diese pers\u00f6nliche Note macht den Song so authentisch: Es ist nicht nur eine Geschichte, die erz\u00e4hlt wird, sondern ein Gef\u00fchl, das man direkt sp\u00fcren kann. Produziert wurde der Titel ebenfalls von WILLY KL\u00dcTER, der f\u00fcr seinen modernen und zugleich traditionsbewussten Schlagersound bekannt ist.<br \/>\nSchon fr\u00fch entdeckte JENS BOGNER seine Leidenschaft f\u00fcr Musik und begeisterte mit seiner unverwechselbaren Stimme, die ihm erste TV-Auftritte in Formaten wie der ZDF-Hitparade einbrachte. Pr\u00e4gend war f\u00fcr ihn sein Idol HOWARD CARPENDALE, den er so authentisch interpretierte, dass er sogar in einer Quizshow von RUDI CARRELL f\u00fcr das Original gehalten wurde. Heute konzentriert er sich mit ganzem Herzen auf hochwertigen deutschen Schlager \u2013 als S\u00e4nger, Textdichter und kreativer K\u00fcnstler.<br \/>\n\u201eIn Venedig f\u00e4llt Regen\u201c ist eine poetische Reise in das Innere einer Beziehung, die zu Ende geht. Ein Song, der zeigt: Selbst die sch\u00f6nsten Orte verlieren ihren Glanz, wenn die Liebe schwindet \u2013 und doch bleibt die Erinnerung, die wie ein Echo in den Gassen der Stadt nachklingt.<\/p>\n<p><span style=\"color: #800000;\"><strong>Quelle: KLONDIKE Records<\/strong><\/span><\/p>\n<p><span style=\"color: #800000;\"><strong>Dieser Song ist ab dem 07.11.2025 auf allen Download- und Streaming-Portalen erh\u00e4ltlich.\u00a0<\/strong><\/span><\/p>\n<p><span style=\"color: #800000;\"><strong>Airdate (f\u00fcr Radiosender): 07.11.2025<\/strong><\/span><\/p>\n","protected":false},"excerpt":{"rendered":"<p>JENS BOGNER \u201eIn Venedig f\u00e4llt Regen\u201c ist ein melancholisches Abschiedslied! Erz\u00e4hlt wird die Geschichte einer Liebe, die in der Lagunenstadt zu Ende geht! Mit seiner neuen Single \u201eIn Venedig f\u00e4llt Regen\u201c entf\u00fchrt JENS BOGNER sein Publikum mitten ins Herz einer Stadt, die sonst f\u00fcr Romantik und Lebensfreude steht, n\u00e4mlich nach Venedig. Doch anstelle von Gondeln, Menschenmengen und sonnendurchfluteten Pl\u00e4tzen liegt in diesem Lied eine ganz andere Stimmung in der Luft: Stille, Leere und Regen. Der Markusplatz ist verlassen, die Tauben fliegen nicht, und die engen Gassen wirken wie ausgestorben. Schon die ersten Zeilen schaffen ein eindrucksvolles Bild einer Stadt, die pl\u00f6tzlich ihr Gesicht ver\u00e4ndert \u2013&#8230;<\/p>\n","protected":false},"author":1,"featured_media":39672,"comment_status":"open","ping_status":"open","sticky":false,"template":"","format":"standard","meta":{"footnotes":""},"categories":[3231,3437,2],"tags":[775],"class_list":["post-39671","post","type-post","status-publish","format-standard","has-post-thumbnail","hentry","category-bergers-schlagerparadies","category-klondike-records-songs","category-schlager","tag-jens-bogner","wpcat-3231-id","wpcat-3437-id","wpcat-2-id"],"_links":{"self":[{"href":"https:\/\/bergers-schlagerparadies.de\/index.php?rest_route=\/wp\/v2\/posts\/39671","targetHints":{"allow":["GET"]}}],"collection":[{"href":"https:\/\/bergers-schlagerparadies.de\/index.php?rest_route=\/wp\/v2\/posts"}],"about":[{"href":"https:\/\/bergers-schlagerparadies.de\/index.php?rest_route=\/wp\/v2\/types\/post"}],"author":[{"embeddable":true,"href":"https:\/\/bergers-schlagerparadies.de\/index.php?rest_route=\/wp\/v2\/users\/1"}],"replies":[{"embeddable":true,"href":"https:\/\/bergers-schlagerparadies.de\/index.php?rest_route=%2Fwp%2Fv2%2Fcomments&post=39671"}],"version-history":[{"count":1,"href":"https:\/\/bergers-schlagerparadies.de\/index.php?rest_route=\/wp\/v2\/posts\/39671\/revisions"}],"predecessor-version":[{"id":39673,"href":"https:\/\/bergers-schlagerparadies.de\/index.php?rest_route=\/wp\/v2\/posts\/39671\/revisions\/39673"}],"wp:featuredmedia":[{"embeddable":true,"href":"https:\/\/bergers-schlagerparadies.de\/index.php?rest_route=\/wp\/v2\/media\/39672"}],"wp:attachment":[{"href":"https:\/\/bergers-schlagerparadies.de\/index.php?rest_route=%2Fwp%2Fv2%2Fmedia&parent=39671"}],"wp:term":[{"taxonomy":"category","embeddable":true,"href":"https:\/\/bergers-schlagerparadies.de\/index.php?rest_route=%2Fwp%2Fv2%2Fcategories&post=39671"},{"taxonomy":"post_tag","embeddable":true,"href":"https:\/\/bergers-schlagerparadies.de\/index.php?rest_route=%2Fwp%2Fv2%2Ftags&post=39671"}],"curies":[{"name":"wp","href":"https:\/\/api.w.org\/{rel}","templated":true}]}}