{"id":39646,"date":"2025-11-10T10:30:35","date_gmt":"2025-11-10T09:30:35","guid":{"rendered":"https:\/\/bergers-schlagerparadies.de\/?p=39646"},"modified":"2025-11-07T09:33:19","modified_gmt":"2025-11-07T08:33:19","slug":"tanja-und-ines-zur-weihnachtszeit-%c2%b7-bergers-schlagerparadies","status":"publish","type":"post","link":"https:\/\/bergers-schlagerparadies.de\/?p=39646","title":{"rendered":"Tanja und Ines &#8211; Zur Weihnachtszeit \u00b7 Berger\u00b4s Schlagerparadies"},"content":{"rendered":"<p><img loading=\"lazy\" decoding=\"async\" class=\"size-medium wp-image-39647 alignleft\" src=\"https:\/\/bergers-schlagerparadies.de\/wp-content\/uploads\/2025\/11\/Tanja-und-Ines-Zur-Weihnachtszeit-300x300.jpeg\" alt=\"\" width=\"300\" height=\"300\" srcset=\"https:\/\/bergers-schlagerparadies.de\/wp-content\/uploads\/2025\/11\/Tanja-und-Ines-Zur-Weihnachtszeit-300x300.jpeg 300w, https:\/\/bergers-schlagerparadies.de\/wp-content\/uploads\/2025\/11\/Tanja-und-Ines-Zur-Weihnachtszeit-1024x1024.jpeg 1024w, https:\/\/bergers-schlagerparadies.de\/wp-content\/uploads\/2025\/11\/Tanja-und-Ines-Zur-Weihnachtszeit-150x150.jpeg 150w, https:\/\/bergers-schlagerparadies.de\/wp-content\/uploads\/2025\/11\/Tanja-und-Ines-Zur-Weihnachtszeit-768x768.jpeg 768w, https:\/\/bergers-schlagerparadies.de\/wp-content\/uploads\/2025\/11\/Tanja-und-Ines-Zur-Weihnachtszeit-1536x1536.jpeg 1536w, https:\/\/bergers-schlagerparadies.de\/wp-content\/uploads\/2025\/11\/Tanja-und-Ines-Zur-Weihnachtszeit-2048x2048.jpeg 2048w, https:\/\/bergers-schlagerparadies.de\/wp-content\/uploads\/2025\/11\/Tanja-und-Ines-Zur-Weihnachtszeit-1200x1200.jpeg 1200w, https:\/\/bergers-schlagerparadies.de\/wp-content\/uploads\/2025\/11\/Tanja-und-Ines-Zur-Weihnachtszeit-1188x1188.jpeg 1188w, https:\/\/bergers-schlagerparadies.de\/wp-content\/uploads\/2025\/11\/Tanja-und-Ines-Zur-Weihnachtszeit-100x100.jpeg 100w\" sizes=\"auto, (max-width: 300px) 100vw, 300px\" \/>Ob vor Jahren als stimmstarke Frontladies bei den legend\u00e4ren Fischerch\u00f6ren oder jetzt im Duett als charismatisches Schlagerduo mit Platzierungen in den Radio- wie Amazon Charts: Tanja und Ines, das Stuttgarter Power Duo \u00fcberzeugt &#8211; und das seit mittlerweile 20 Jahren!<\/p>\n<p>Ihr gro\u00dfes Jubil\u00e4umsjahr begannen Sie unter dem Motto \u201eCrazy &amp; genial\u201c \u2013 beenden werden sie es ganz besinnlich mit dem Weichnachts-Song \u201eZur Weihnachtszeit\u201c, komponiert vom Waiblinger Produzenten Rodolfo Guzman Tenore, getextet von Autor und Moderator Edi Max und Tanja selbst. Die englische Version \u201eA Gift At The End Of The Year\u201c, stammt komplett aus der Feder von Rodolfo Guzman Tenore.<\/p>\n<p>\u201eMusik ist unser Leben\u201c sagen sie \u2013 und seit sie Schlager singen, ist ihr Engagement f\u00fcr feurige Live-Auftritte sogar noch gestiegen. Was Wunder &#8211; Denn mit Hits wie \u201eZeit zu leben\u201c, \u201eEuphorie\u201c, \u201eFeuerwerk der Liebe\u201c oder \u201eCrazy &amp; genial\u201c ersangen sich Tanja und Ines bereits in die Herzen vieler Schlagerfans \u2013 \u201eZur Weihnachtszeit\u201c bildet nochmals einen sch\u00f6nen Abschluss nach ihrem turbulenten Jubil\u00e4umsjahr.<\/p>\n<p>TV-Tipp: In der Sendung \u201eFrohes Fest\u201c werden Tanja und Ines, neben weiteren tollen Herz7-Acts, ihren Song performen. Ausgestrahlt wird die Sendung bei Regio TV an folgenden Terminen:<br \/>\nSamstag, 6.12: 18:30\/21:30 Uhr<br \/>\nSonntag, 7.12.: 07:30\/12:00\/19:00\/23:00 Uhr<br \/>\nWeitere Ausstrahlungen gibt es t\u00e4glich bis 26.12.<\/p>\n<p><span style=\"color: #800000;\"><strong>Quelle: Herz7<\/strong><\/span><\/p>\n<p><span style=\"color: #800000;\"><strong>Dieser Song ist ab dem 14.11.2025 auf allen Download- und Streaming-Portalen erh\u00e4ltlich.\u00a0<\/strong><\/span><\/p>\n<p><span style=\"color: #800000;\"><strong>Airdate (f\u00fcr Radiosender): 07.11.2025<\/strong><\/span><\/p>\n","protected":false},"excerpt":{"rendered":"<p>Ob vor Jahren als stimmstarke Frontladies bei den legend\u00e4ren Fischerch\u00f6ren oder jetzt im Duett als charismatisches Schlagerduo mit Platzierungen in den Radio- wie Amazon Charts: Tanja und Ines, das Stuttgarter Power Duo \u00fcberzeugt &#8211; und das seit mittlerweile 20 Jahren! Ihr gro\u00dfes Jubil\u00e4umsjahr begannen Sie unter dem Motto \u201eCrazy &amp; genial\u201c \u2013 beenden werden sie es ganz besinnlich mit dem Weichnachts-Song \u201eZur Weihnachtszeit\u201c, komponiert vom Waiblinger Produzenten Rodolfo Guzman Tenore, getextet von Autor und Moderator Edi Max und Tanja selbst. Die englische Version \u201eA Gift At The End Of The Year\u201c, stammt komplett aus der Feder von Rodolfo Guzman Tenore. \u201eMusik ist unser Leben\u201c sagen&#8230;<\/p>\n","protected":false},"author":1,"featured_media":39647,"comment_status":"open","ping_status":"open","sticky":false,"template":"","format":"standard","meta":{"footnotes":""},"categories":[3231,3232,3451,3298,2],"tags":[751],"class_list":["post-39646","post","type-post","status-publish","format-standard","has-post-thumbnail","hentry","category-bergers-schlagerparadies","category-fiesta-records","category-herz7","category-pop-deutschsprachig","category-schlager","tag-tanja-und-ines","wpcat-3231-id","wpcat-3232-id","wpcat-3451-id","wpcat-3298-id","wpcat-2-id"],"_links":{"self":[{"href":"https:\/\/bergers-schlagerparadies.de\/index.php?rest_route=\/wp\/v2\/posts\/39646","targetHints":{"allow":["GET"]}}],"collection":[{"href":"https:\/\/bergers-schlagerparadies.de\/index.php?rest_route=\/wp\/v2\/posts"}],"about":[{"href":"https:\/\/bergers-schlagerparadies.de\/index.php?rest_route=\/wp\/v2\/types\/post"}],"author":[{"embeddable":true,"href":"https:\/\/bergers-schlagerparadies.de\/index.php?rest_route=\/wp\/v2\/users\/1"}],"replies":[{"embeddable":true,"href":"https:\/\/bergers-schlagerparadies.de\/index.php?rest_route=%2Fwp%2Fv2%2Fcomments&post=39646"}],"version-history":[{"count":1,"href":"https:\/\/bergers-schlagerparadies.de\/index.php?rest_route=\/wp\/v2\/posts\/39646\/revisions"}],"predecessor-version":[{"id":39648,"href":"https:\/\/bergers-schlagerparadies.de\/index.php?rest_route=\/wp\/v2\/posts\/39646\/revisions\/39648"}],"wp:featuredmedia":[{"embeddable":true,"href":"https:\/\/bergers-schlagerparadies.de\/index.php?rest_route=\/wp\/v2\/media\/39647"}],"wp:attachment":[{"href":"https:\/\/bergers-schlagerparadies.de\/index.php?rest_route=%2Fwp%2Fv2%2Fmedia&parent=39646"}],"wp:term":[{"taxonomy":"category","embeddable":true,"href":"https:\/\/bergers-schlagerparadies.de\/index.php?rest_route=%2Fwp%2Fv2%2Fcategories&post=39646"},{"taxonomy":"post_tag","embeddable":true,"href":"https:\/\/bergers-schlagerparadies.de\/index.php?rest_route=%2Fwp%2Fv2%2Ftags&post=39646"}],"curies":[{"name":"wp","href":"https:\/\/api.w.org\/{rel}","templated":true}]}}