{"id":39638,"date":"2025-11-07T09:21:33","date_gmt":"2025-11-07T08:21:33","guid":{"rendered":"https:\/\/bergers-schlagerparadies.de\/?p=39638"},"modified":"2025-11-12T21:43:19","modified_gmt":"2025-11-12T20:43:19","slug":"siewr-weihnachtszeit-%c2%b7-bergers-schlagerparadies","status":"publish","type":"post","link":"https:\/\/bergers-schlagerparadies.de\/?p=39638","title":{"rendered":"Sie&#038;W!r &#8211; Weihnachtszeit \u00b7 Berger\u00b4s Schlagerparadies"},"content":{"rendered":"<p><img loading=\"lazy\" decoding=\"async\" class=\"size-medium wp-image-39639 alignleft\" src=\"https:\/\/bergers-schlagerparadies.de\/wp-content\/uploads\/2025\/11\/SieWr-Weihnachtszeit-300x300.jpeg\" alt=\"\" width=\"300\" height=\"300\" srcset=\"https:\/\/bergers-schlagerparadies.de\/wp-content\/uploads\/2025\/11\/SieWr-Weihnachtszeit-300x300.jpeg 300w, https:\/\/bergers-schlagerparadies.de\/wp-content\/uploads\/2025\/11\/SieWr-Weihnachtszeit-1024x1024.jpeg 1024w, https:\/\/bergers-schlagerparadies.de\/wp-content\/uploads\/2025\/11\/SieWr-Weihnachtszeit-150x150.jpeg 150w, https:\/\/bergers-schlagerparadies.de\/wp-content\/uploads\/2025\/11\/SieWr-Weihnachtszeit-768x768.jpeg 768w, https:\/\/bergers-schlagerparadies.de\/wp-content\/uploads\/2025\/11\/SieWr-Weihnachtszeit-1536x1536.jpeg 1536w, https:\/\/bergers-schlagerparadies.de\/wp-content\/uploads\/2025\/11\/SieWr-Weihnachtszeit-2048x2048.jpeg 2048w, https:\/\/bergers-schlagerparadies.de\/wp-content\/uploads\/2025\/11\/SieWr-Weihnachtszeit-1200x1200.jpeg 1200w, https:\/\/bergers-schlagerparadies.de\/wp-content\/uploads\/2025\/11\/SieWr-Weihnachtszeit-1188x1188.jpeg 1188w, https:\/\/bergers-schlagerparadies.de\/wp-content\/uploads\/2025\/11\/SieWr-Weihnachtszeit-100x100.jpeg 100w\" sizes=\"auto, (max-width: 300px) 100vw, 300px\" \/>Mit ihrer neuen Single \u201eWeihnachtszeit\u201c liefert die Sie &amp; W!r Band einen emotionalen Soundtrack f\u00fcr die besinnlichste Zeit des Jahres.<\/p>\n<p>Geschrieben von Bandmitglied Julia M\u00fcller, richtet sich der Song bewusst gegen die Hektik der Feiertage und erinnert daran, was wirklich z\u00e4hlt: Gemeinsamkeit, Dankbarkeit, Familie und das bewusste Innehalten.<\/p>\n<p>\u201eWeihnachtszeit\u201c l\u00e4dt zum Zur\u00fcckblicken ein. Zu einem Moment des Nachdenkens und der Wertsch\u00e4tzung f\u00fcr die Menschen, die unser Leben bereichern.<\/p>\n<p>Mit seiner gef\u00fchlvollen Melodie und den ehrlichen Worten schafft der Titel eine warme, herzensnahe Atmosph\u00e4re, die mitten ins Herz trifft.<\/p>\n<p>\u201eEs ist Familienzeit, es ist Weihnachtszeit!\u201c \u2013 dieser Satz bringt die Botschaft des Songs auf den Punkt.<\/p>\n<p>Eine bewegende musikalische Einladung, die echten Werte der Weihnacht wiederzuentdecken \u2013 authentisch, ber\u00fchrend und voller Gef\u00fchl.<\/p>\n<p><span style=\"color: #800000;\"><strong>Quelle: Herzrausch Musik<\/strong><\/span><\/p>\n<p><span style=\"color: #800000;\"><strong>Dieser Song ist ab dem 14.11.2025 auf allen Download- und Streaming-Portalen erh\u00e4ltlich.\u00a0<\/strong><\/span><\/p>\n<p><span style=\"color: #800000;\"><strong>Airdate (f\u00fcr Radiosender): 12.11.2025<\/strong><\/span><\/p>\n","protected":false},"excerpt":{"rendered":"<p>Mit ihrer neuen Single \u201eWeihnachtszeit\u201c liefert die Sie &amp; W!r Band einen emotionalen Soundtrack f\u00fcr die besinnlichste Zeit des Jahres. Geschrieben von Bandmitglied Julia M\u00fcller, richtet sich der Song bewusst gegen die Hektik der Feiertage und erinnert daran, was wirklich z\u00e4hlt: Gemeinsamkeit, Dankbarkeit, Familie und das bewusste Innehalten. \u201eWeihnachtszeit\u201c l\u00e4dt zum Zur\u00fcckblicken ein. Zu einem Moment des Nachdenkens und der Wertsch\u00e4tzung f\u00fcr die Menschen, die unser Leben bereichern. Mit seiner gef\u00fchlvollen Melodie und den ehrlichen Worten schafft der Titel eine warme, herzensnahe Atmosph\u00e4re, die mitten ins Herz trifft. \u201eEs ist Familienzeit, es ist Weihnachtszeit!\u201c \u2013 dieser Satz bringt die Botschaft des Songs auf den Punkt&#8230;.<\/p>\n","protected":false},"author":1,"featured_media":39639,"comment_status":"open","ping_status":"open","sticky":false,"template":"","format":"standard","meta":{"footnotes":""},"categories":[3231,3264,3573,2],"tags":[4401],"class_list":["post-39638","post","type-post","status-publish","format-standard","has-post-thumbnail","hentry","category-bergers-schlagerparadies","category-deutsch-pop","category-herzrausch-musik","category-schlager","tag-siewr","wpcat-3231-id","wpcat-3264-id","wpcat-3573-id","wpcat-2-id"],"_links":{"self":[{"href":"https:\/\/bergers-schlagerparadies.de\/index.php?rest_route=\/wp\/v2\/posts\/39638","targetHints":{"allow":["GET"]}}],"collection":[{"href":"https:\/\/bergers-schlagerparadies.de\/index.php?rest_route=\/wp\/v2\/posts"}],"about":[{"href":"https:\/\/bergers-schlagerparadies.de\/index.php?rest_route=\/wp\/v2\/types\/post"}],"author":[{"embeddable":true,"href":"https:\/\/bergers-schlagerparadies.de\/index.php?rest_route=\/wp\/v2\/users\/1"}],"replies":[{"embeddable":true,"href":"https:\/\/bergers-schlagerparadies.de\/index.php?rest_route=%2Fwp%2Fv2%2Fcomments&post=39638"}],"version-history":[{"count":2,"href":"https:\/\/bergers-schlagerparadies.de\/index.php?rest_route=\/wp\/v2\/posts\/39638\/revisions"}],"predecessor-version":[{"id":39795,"href":"https:\/\/bergers-schlagerparadies.de\/index.php?rest_route=\/wp\/v2\/posts\/39638\/revisions\/39795"}],"wp:featuredmedia":[{"embeddable":true,"href":"https:\/\/bergers-schlagerparadies.de\/index.php?rest_route=\/wp\/v2\/media\/39639"}],"wp:attachment":[{"href":"https:\/\/bergers-schlagerparadies.de\/index.php?rest_route=%2Fwp%2Fv2%2Fmedia&parent=39638"}],"wp:term":[{"taxonomy":"category","embeddable":true,"href":"https:\/\/bergers-schlagerparadies.de\/index.php?rest_route=%2Fwp%2Fv2%2Fcategories&post=39638"},{"taxonomy":"post_tag","embeddable":true,"href":"https:\/\/bergers-schlagerparadies.de\/index.php?rest_route=%2Fwp%2Fv2%2Ftags&post=39638"}],"curies":[{"name":"wp","href":"https:\/\/api.w.org\/{rel}","templated":true}]}}