{"id":39634,"date":"2025-11-10T10:30:48","date_gmt":"2025-11-10T09:30:48","guid":{"rendered":"https:\/\/bergers-schlagerparadies.de\/?p=39634"},"modified":"2025-11-07T09:09:58","modified_gmt":"2025-11-07T08:09:58","slug":"sarah-ann-eine-macht-die-wir-alle-unterschaetzen-%c2%b7-bergers-schlagerparadies","status":"publish","type":"post","link":"https:\/\/bergers-schlagerparadies.de\/?p=39634","title":{"rendered":"Sarah-ANN &#8211; Eine Macht die wir alle untersch\u00e4tzen \u00b7 Berger\u00b4s Schlagerparadies"},"content":{"rendered":"<p><img loading=\"lazy\" decoding=\"async\" class=\"size-medium wp-image-39635 alignleft\" src=\"https:\/\/bergers-schlagerparadies.de\/wp-content\/uploads\/2025\/11\/Sarah-ANN-Eine-Macht-die-wir-alle-unterschaetzen-300x300.jpeg\" alt=\"\" width=\"300\" height=\"300\" srcset=\"https:\/\/bergers-schlagerparadies.de\/wp-content\/uploads\/2025\/11\/Sarah-ANN-Eine-Macht-die-wir-alle-unterschaetzen-300x300.jpeg 300w, https:\/\/bergers-schlagerparadies.de\/wp-content\/uploads\/2025\/11\/Sarah-ANN-Eine-Macht-die-wir-alle-unterschaetzen-1024x1024.jpeg 1024w, https:\/\/bergers-schlagerparadies.de\/wp-content\/uploads\/2025\/11\/Sarah-ANN-Eine-Macht-die-wir-alle-unterschaetzen-150x150.jpeg 150w, https:\/\/bergers-schlagerparadies.de\/wp-content\/uploads\/2025\/11\/Sarah-ANN-Eine-Macht-die-wir-alle-unterschaetzen-768x768.jpeg 768w, https:\/\/bergers-schlagerparadies.de\/wp-content\/uploads\/2025\/11\/Sarah-ANN-Eine-Macht-die-wir-alle-unterschaetzen-1536x1536.jpeg 1536w, https:\/\/bergers-schlagerparadies.de\/wp-content\/uploads\/2025\/11\/Sarah-ANN-Eine-Macht-die-wir-alle-unterschaetzen-2048x2048.jpeg 2048w, https:\/\/bergers-schlagerparadies.de\/wp-content\/uploads\/2025\/11\/Sarah-ANN-Eine-Macht-die-wir-alle-unterschaetzen-1200x1200.jpeg 1200w, https:\/\/bergers-schlagerparadies.de\/wp-content\/uploads\/2025\/11\/Sarah-ANN-Eine-Macht-die-wir-alle-unterschaetzen-1188x1188.jpeg 1188w, https:\/\/bergers-schlagerparadies.de\/wp-content\/uploads\/2025\/11\/Sarah-ANN-Eine-Macht-die-wir-alle-unterschaetzen-100x100.jpeg 100w\" sizes=\"auto, (max-width: 300px) 100vw, 300px\" \/>Mit \u201eEine Macht, die wir alle untersch\u00e4tzen\u201c ver\u00f6ffentlicht Sarah-ANN eine au\u00dfergew\u00f6hnlich emotionale Ballade, die ber\u00fchrt und nachklingt. Der Song verbindet auf eindrucksvolle Weise tief empfundene Gef\u00fchle mit musikalischer Gr\u00f6\u00dfe \u2013 ehrlich, authentisch und voller Seele.<\/p>\n<p>Sarah-ANN, seit vielen Jahren fester Bestandteil der Schlagerwelt, zeigt einmal mehr ihre besondere St\u00e4rke: ihre F\u00e4higkeit, Emotionen nicht nur zu singen, sondern zu leben. Ihre Stimme tr\u00e4gt die H\u00f6rer durch die Geschichte von Verlust, Hoffnung und innerer Zerrissenheit \u2013 und macht sp\u00fcrbar, dass Sehnsucht und Liebe Kr\u00e4fte sind, die unser Leben formen.<\/p>\n<p>Jedes Wort trifft ins Herz, jede Note entfaltet eine eigene Intensit\u00e4t. Die Produktion \u00fcberzeugt mit einem kraftvollen, zugleich feinf\u00fchligen Arrangement, das die emotionale Tiefe des Songs perfekt unterstreicht.<\/p>\n<p>Geschrieben wurde \u201eEine Macht, die wir alle untersch\u00e4tzen\u201c von Edith Wohllab, Natascha Arnold und Erika Hagler \u2013 ein starkes Team, das hier ein Werk geschaffen hat, das G\u00e4nsehaut hinterl\u00e4sst.<\/p>\n<p>Ein Lied, das uns daran erinnert: Gef\u00fchle sind keine Schw\u00e4che \u2013 sie sind eine Macht, die wir alle oft untersch\u00e4tzen.<\/p>\n<p><span style=\"color: #800000;\"><strong>Quelle: Fiesta Records<\/strong><\/span><\/p>\n<p><span style=\"color: #800000;\"><strong>Dieser Song ist ab dem 14.11.2025 auf allen Download- und Streaming-Portalen erh\u00e4ltlich.\u00a0<\/strong><\/span><\/p>\n<p><span style=\"color: #800000;\"><strong>Airdate (f\u00fcr Radiosender): 07.11.2025<\/strong><\/span><\/p>\n","protected":false},"excerpt":{"rendered":"<p>Mit \u201eEine Macht, die wir alle untersch\u00e4tzen\u201c ver\u00f6ffentlicht Sarah-ANN eine au\u00dfergew\u00f6hnlich emotionale Ballade, die ber\u00fchrt und nachklingt. Der Song verbindet auf eindrucksvolle Weise tief empfundene Gef\u00fchle mit musikalischer Gr\u00f6\u00dfe \u2013 ehrlich, authentisch und voller Seele. Sarah-ANN, seit vielen Jahren fester Bestandteil der Schlagerwelt, zeigt einmal mehr ihre besondere St\u00e4rke: ihre F\u00e4higkeit, Emotionen nicht nur zu singen, sondern zu leben. Ihre Stimme tr\u00e4gt die H\u00f6rer durch die Geschichte von Verlust, Hoffnung und innerer Zerrissenheit \u2013 und macht sp\u00fcrbar, dass Sehnsucht und Liebe Kr\u00e4fte sind, die unser Leben formen. Jedes Wort trifft ins Herz, jede Note entfaltet eine eigene Intensit\u00e4t. Die Produktion \u00fcberzeugt mit einem kraftvollen, zugleich&#8230;<\/p>\n","protected":false},"author":1,"featured_media":39635,"comment_status":"open","ping_status":"open","sticky":false,"template":"","format":"standard","meta":{"footnotes":""},"categories":[3231,3232,2],"tags":[1468],"class_list":["post-39634","post","type-post","status-publish","format-standard","has-post-thumbnail","hentry","category-bergers-schlagerparadies","category-fiesta-records","category-schlager","tag-sarah-ann","wpcat-3231-id","wpcat-3232-id","wpcat-2-id"],"_links":{"self":[{"href":"https:\/\/bergers-schlagerparadies.de\/index.php?rest_route=\/wp\/v2\/posts\/39634","targetHints":{"allow":["GET"]}}],"collection":[{"href":"https:\/\/bergers-schlagerparadies.de\/index.php?rest_route=\/wp\/v2\/posts"}],"about":[{"href":"https:\/\/bergers-schlagerparadies.de\/index.php?rest_route=\/wp\/v2\/types\/post"}],"author":[{"embeddable":true,"href":"https:\/\/bergers-schlagerparadies.de\/index.php?rest_route=\/wp\/v2\/users\/1"}],"replies":[{"embeddable":true,"href":"https:\/\/bergers-schlagerparadies.de\/index.php?rest_route=%2Fwp%2Fv2%2Fcomments&post=39634"}],"version-history":[{"count":1,"href":"https:\/\/bergers-schlagerparadies.de\/index.php?rest_route=\/wp\/v2\/posts\/39634\/revisions"}],"predecessor-version":[{"id":39636,"href":"https:\/\/bergers-schlagerparadies.de\/index.php?rest_route=\/wp\/v2\/posts\/39634\/revisions\/39636"}],"wp:featuredmedia":[{"embeddable":true,"href":"https:\/\/bergers-schlagerparadies.de\/index.php?rest_route=\/wp\/v2\/media\/39635"}],"wp:attachment":[{"href":"https:\/\/bergers-schlagerparadies.de\/index.php?rest_route=%2Fwp%2Fv2%2Fmedia&parent=39634"}],"wp:term":[{"taxonomy":"category","embeddable":true,"href":"https:\/\/bergers-schlagerparadies.de\/index.php?rest_route=%2Fwp%2Fv2%2Fcategories&post=39634"},{"taxonomy":"post_tag","embeddable":true,"href":"https:\/\/bergers-schlagerparadies.de\/index.php?rest_route=%2Fwp%2Fv2%2Ftags&post=39634"}],"curies":[{"name":"wp","href":"https:\/\/api.w.org\/{rel}","templated":true}]}}