{"id":3962,"date":"2021-04-27T17:40:28","date_gmt":"2021-04-27T15:40:28","guid":{"rendered":"http:\/\/bergers-schlagerparadies.de\/?p=3962"},"modified":"2021-04-27T17:40:28","modified_gmt":"2021-04-27T15:40:28","slug":"micha-macho-rot-und-weiss-bergers-schlagerparadies","status":"publish","type":"post","link":"https:\/\/bergers-schlagerparadies.de\/?p=3962","title":{"rendered":"Micha Macho &#8211; Rot und weiss | Berger\u00b4s Schlagerparadies"},"content":{"rendered":"<p><img loading=\"lazy\" decoding=\"async\" class=\"size-medium wp-image-3964 alignleft\" src=\"https:\/\/bergers-schlagerparadies.de\/wp-content\/uploads\/2021\/04\/Micha-Macho-Rot-und-weiss-300x300.jpg\" alt=\"\" width=\"300\" height=\"300\" srcset=\"https:\/\/bergers-schlagerparadies.de\/wp-content\/uploads\/2021\/04\/Micha-Macho-Rot-und-weiss-300x300.jpg 300w, https:\/\/bergers-schlagerparadies.de\/wp-content\/uploads\/2021\/04\/Micha-Macho-Rot-und-weiss-150x150.jpg 150w, https:\/\/bergers-schlagerparadies.de\/wp-content\/uploads\/2021\/04\/Micha-Macho-Rot-und-weiss-100x100.jpg 100w, https:\/\/bergers-schlagerparadies.de\/wp-content\/uploads\/2021\/04\/Micha-Macho-Rot-und-weiss.jpg 580w\" sizes=\"auto, (max-width: 300px) 100vw, 300px\" \/>Micha Macho ist nicht nur ein begeisterter Party-S\u00e4nger, sondern auch treuer Fan des 1. FC K\u00f6ln &#8211; in guten wie in schlechten Tagen m\u00f6chte man fast sagen.<\/p>\n<p>Als mentale Unterst\u00fctzung seines Lieblingsclubs hat er den Song &#8222;Rot und weiss&#8220; verfasst und zusammen mit Stephan Weidenbr\u00fcck (MIXDOWNMUSIC) produziert. Ohr-Catcher ist dabei der legend\u00e4re Trib\u00fcnen-Chor &#8222;1. FC K\u00d6\u00d6\u00d6\u00d6LN&#8220;, der &#8211; vor der Pandemie &#8211; von zigtausend Fans gegr\u00f6lt wurde.<\/p>\n<p>Somit kann jeder Gei\u00dfbock-Fan direkt mitsingen und seinen Club an den letzten Spieltagen von zu Hause aus unterst\u00fctzen.<\/p>\n<div><strong>Dieser Song ist ab dem\u00a030.04.2021\u00a0in allen bekannten Onlineshops erh\u00e4ltlich!<\/strong><\/div>\n<div><\/div>\n<div><\/div>\n<div><\/div>\n<p><iframe style=\"width: 120px; height: 240px;\" src=\"\/\/ws-eu.amazon-adsystem.com\/widgets\/q?ServiceVersion=20070822&amp;OneJS=1&amp;Operation=GetAdHtml&amp;MarketPlace=DE&amp;source=ss&amp;ref=as_ss_li_til&amp;ad_type=product_link&amp;tracking_id=bergers-21&amp;language=de_DE&amp;marketplace=amazon&amp;region=DE&amp;placement=B0938RCG8B&amp;asins=B0938RCG8B&amp;linkId=d227d74e62fe7bb6e3f071facf60b757&amp;show_border=true&amp;link_opens_in_new_window=true\" frameborder=\"0\" marginwidth=\"0\" marginheight=\"0\" scrolling=\"no\"><\/iframe><\/p>\n","protected":false},"excerpt":{"rendered":"<p>Micha Macho ist nicht nur ein begeisterter Party-S\u00e4nger, sondern auch treuer Fan des 1. FC K\u00f6ln &#8211; in guten wie in schlechten Tagen m\u00f6chte man fast sagen. Als mentale Unterst\u00fctzung seines Lieblingsclubs hat er den Song &#8222;Rot und weiss&#8220; verfasst und zusammen mit Stephan Weidenbr\u00fcck (MIXDOWNMUSIC) produziert. Ohr-Catcher ist dabei der legend\u00e4re Trib\u00fcnen-Chor &#8222;1. FC K\u00d6\u00d6\u00d6\u00d6LN&#8220;, der &#8211; vor der Pandemie &#8211; von zigtausend Fans gegr\u00f6lt wurde. Somit kann jeder Gei\u00dfbock-Fan direkt mitsingen und seinen Club an den letzten Spieltagen von zu Hause aus unterst\u00fctzen. Dieser Song ist ab dem\u00a030.04.2021\u00a0in allen bekannten Onlineshops erh\u00e4ltlich!<\/p>\n","protected":false},"author":1,"featured_media":3964,"comment_status":"open","ping_status":"open","sticky":false,"template":"","format":"standard","meta":{"footnotes":""},"categories":[2],"tags":[23],"class_list":["post-3962","post","type-post","status-publish","format-standard","has-post-thumbnail","hentry","category-schlager","tag-micha-macho","wpcat-2-id"],"_links":{"self":[{"href":"https:\/\/bergers-schlagerparadies.de\/index.php?rest_route=\/wp\/v2\/posts\/3962","targetHints":{"allow":["GET"]}}],"collection":[{"href":"https:\/\/bergers-schlagerparadies.de\/index.php?rest_route=\/wp\/v2\/posts"}],"about":[{"href":"https:\/\/bergers-schlagerparadies.de\/index.php?rest_route=\/wp\/v2\/types\/post"}],"author":[{"embeddable":true,"href":"https:\/\/bergers-schlagerparadies.de\/index.php?rest_route=\/wp\/v2\/users\/1"}],"replies":[{"embeddable":true,"href":"https:\/\/bergers-schlagerparadies.de\/index.php?rest_route=%2Fwp%2Fv2%2Fcomments&post=3962"}],"version-history":[{"count":1,"href":"https:\/\/bergers-schlagerparadies.de\/index.php?rest_route=\/wp\/v2\/posts\/3962\/revisions"}],"predecessor-version":[{"id":3965,"href":"https:\/\/bergers-schlagerparadies.de\/index.php?rest_route=\/wp\/v2\/posts\/3962\/revisions\/3965"}],"wp:featuredmedia":[{"embeddable":true,"href":"https:\/\/bergers-schlagerparadies.de\/index.php?rest_route=\/wp\/v2\/media\/3964"}],"wp:attachment":[{"href":"https:\/\/bergers-schlagerparadies.de\/index.php?rest_route=%2Fwp%2Fv2%2Fmedia&parent=3962"}],"wp:term":[{"taxonomy":"category","embeddable":true,"href":"https:\/\/bergers-schlagerparadies.de\/index.php?rest_route=%2Fwp%2Fv2%2Fcategories&post=3962"},{"taxonomy":"post_tag","embeddable":true,"href":"https:\/\/bergers-schlagerparadies.de\/index.php?rest_route=%2Fwp%2Fv2%2Ftags&post=3962"}],"curies":[{"name":"wp","href":"https:\/\/api.w.org\/{rel}","templated":true}]}}