{"id":39614,"date":"2025-11-10T10:30:02","date_gmt":"2025-11-10T09:30:02","guid":{"rendered":"https:\/\/bergers-schlagerparadies.de\/?p=39614"},"modified":"2025-11-07T01:09:17","modified_gmt":"2025-11-07T00:09:17","slug":"ilka-groenewold-unikat-album-%c2%b7-bergers-schlagerparadies","status":"publish","type":"post","link":"https:\/\/bergers-schlagerparadies.de\/?p=39614","title":{"rendered":"Ilka Groenewold &#8211; Unikat (Album) \u00b7 Berger\u00b4s Schlagerparadies"},"content":{"rendered":"<p><img loading=\"lazy\" decoding=\"async\" class=\"size-medium wp-image-39615 alignleft\" src=\"https:\/\/bergers-schlagerparadies.de\/wp-content\/uploads\/2025\/11\/Ilka-Groenewold-Unikat-300x300.jpeg\" alt=\"\" width=\"300\" height=\"300\" srcset=\"https:\/\/bergers-schlagerparadies.de\/wp-content\/uploads\/2025\/11\/Ilka-Groenewold-Unikat-300x300.jpeg 300w, https:\/\/bergers-schlagerparadies.de\/wp-content\/uploads\/2025\/11\/Ilka-Groenewold-Unikat-1024x1024.jpeg 1024w, https:\/\/bergers-schlagerparadies.de\/wp-content\/uploads\/2025\/11\/Ilka-Groenewold-Unikat-150x150.jpeg 150w, https:\/\/bergers-schlagerparadies.de\/wp-content\/uploads\/2025\/11\/Ilka-Groenewold-Unikat-768x768.jpeg 768w, https:\/\/bergers-schlagerparadies.de\/wp-content\/uploads\/2025\/11\/Ilka-Groenewold-Unikat-1536x1536.jpeg 1536w, https:\/\/bergers-schlagerparadies.de\/wp-content\/uploads\/2025\/11\/Ilka-Groenewold-Unikat-2048x2048.jpeg 2048w, https:\/\/bergers-schlagerparadies.de\/wp-content\/uploads\/2025\/11\/Ilka-Groenewold-Unikat-1200x1200.jpeg 1200w, https:\/\/bergers-schlagerparadies.de\/wp-content\/uploads\/2025\/11\/Ilka-Groenewold-Unikat-1188x1188.jpeg 1188w, https:\/\/bergers-schlagerparadies.de\/wp-content\/uploads\/2025\/11\/Ilka-Groenewold-Unikat-100x100.jpeg 100w\" sizes=\"auto, (max-width: 300px) 100vw, 300px\" \/>Hamburg, September 2025 \u2013 F\u00fcr Ilka Groenewold ist \u201eUnikat\u201c weit mehr als ein Album \u2013 es ist ein Lebensgef\u00fchl, eine Geschichte voll Emotionen, Energie und ehrlicher Leidenschaft. Am 14. November 2025 erscheint ihr erstes Album, das zugleich auf CD und Vinyl erh\u00e4ltlich ist \u2013 ein Meilenstein in ihrer k\u00fcnstlerischen Reise.<\/p>\n<p>Ihre Stimme: mal vertr\u00e4umt, mal vor Lebenslust spr\u00fchend \u2013 die perfekte Verk\u00f6rperung ihrer Lebensfreude und k\u00fcnstlerischen Vielseitigkeit. Bereits mit den Singles \u201eWir leben hoch\u201c, \u201eDreh dich um\u201c und \u201eElektrisiert\u201c eroberte sie Deutschlands Airplay-Charts \u2013 ein beeindruckender Vorgeschmack auf das, was dieses Album verspricht.<\/p>\n<p>Das Deb\u00fctalbum \u201eUnikat\u201c zeigt Ilka in all ihren Facetten \u2013 von poppiger Euphorie bis zu gef\u00fchlvoller Tiefe, garniert mit orchestraler Eleganz. Jeder Song erz\u00e4hlt eine eigene Geschichte \u2013 mal ein Aufruf zur Lebensfreude (\u201eWir leben hoch\u201c), mal pure Emotion (\u201eUnd wenn ich tr\u00e4um\u201c), und immer wieder: pure Authentizit\u00e4t. Die orchestralen Versionen schenken dem Album zus\u00e4tzliche Tiefe und Intimit\u00e4t.<\/p>\n<p>\u201eUnikat\u201c ist das musikalische Herzst\u00fcck einer Frau, die schon in vielen Rollen gl\u00e4nzte \u2013 und nun ganz bei sich angelangt ist. Mit ihrem ersten Album schenkt Ilka Groenewold all jenen ein St\u00fcck ihrer Seele, die sie kennen lernen m\u00f6chten. Ein echtes Unikat \u2013 in Klang, Gef\u00fchl und Pers\u00f6nlichkeit.<\/p>\n<p><span style=\"color: #800000;\"><strong>Quelle: Fiesta Records<\/strong><\/span><\/p>\n<p><span style=\"color: #800000;\"><strong>Dieses Album ist ab dem 14.11.2025 auf allen Download- und Streaming-Portalen erh\u00e4ltlich.\u00a0<\/strong><\/span><\/p>\n<p><span style=\"color: #800000;\"><strong>Airdate (f\u00fcr Radiosender): 07.11.2025<\/strong><\/span><\/p>\n","protected":false},"excerpt":{"rendered":"<p>Hamburg, September 2025 \u2013 F\u00fcr Ilka Groenewold ist \u201eUnikat\u201c weit mehr als ein Album \u2013 es ist ein Lebensgef\u00fchl, eine Geschichte voll Emotionen, Energie und ehrlicher Leidenschaft. Am 14. November 2025 erscheint ihr erstes Album, das zugleich auf CD und Vinyl erh\u00e4ltlich ist \u2013 ein Meilenstein in ihrer k\u00fcnstlerischen Reise. Ihre Stimme: mal vertr\u00e4umt, mal vor Lebenslust spr\u00fchend \u2013 die perfekte Verk\u00f6rperung ihrer Lebensfreude und k\u00fcnstlerischen Vielseitigkeit. Bereits mit den Singles \u201eWir leben hoch\u201c, \u201eDreh dich um\u201c und \u201eElektrisiert\u201c eroberte sie Deutschlands Airplay-Charts \u2013 ein beeindruckender Vorgeschmack auf das, was dieses Album verspricht. Das Deb\u00fctalbum \u201eUnikat\u201c zeigt Ilka in all ihren Facetten \u2013 von poppiger&#8230;<\/p>\n","protected":false},"author":1,"featured_media":39615,"comment_status":"open","ping_status":"open","sticky":false,"template":"","format":"standard","meta":{"footnotes":""},"categories":[3257,3231,3232,2],"tags":[2195],"class_list":["post-39614","post","type-post","status-publish","format-standard","has-post-thumbnail","hentry","category-album","category-bergers-schlagerparadies","category-fiesta-records","category-schlager","tag-ilka-groenewold","wpcat-3257-id","wpcat-3231-id","wpcat-3232-id","wpcat-2-id"],"_links":{"self":[{"href":"https:\/\/bergers-schlagerparadies.de\/index.php?rest_route=\/wp\/v2\/posts\/39614","targetHints":{"allow":["GET"]}}],"collection":[{"href":"https:\/\/bergers-schlagerparadies.de\/index.php?rest_route=\/wp\/v2\/posts"}],"about":[{"href":"https:\/\/bergers-schlagerparadies.de\/index.php?rest_route=\/wp\/v2\/types\/post"}],"author":[{"embeddable":true,"href":"https:\/\/bergers-schlagerparadies.de\/index.php?rest_route=\/wp\/v2\/users\/1"}],"replies":[{"embeddable":true,"href":"https:\/\/bergers-schlagerparadies.de\/index.php?rest_route=%2Fwp%2Fv2%2Fcomments&post=39614"}],"version-history":[{"count":1,"href":"https:\/\/bergers-schlagerparadies.de\/index.php?rest_route=\/wp\/v2\/posts\/39614\/revisions"}],"predecessor-version":[{"id":39616,"href":"https:\/\/bergers-schlagerparadies.de\/index.php?rest_route=\/wp\/v2\/posts\/39614\/revisions\/39616"}],"wp:featuredmedia":[{"embeddable":true,"href":"https:\/\/bergers-schlagerparadies.de\/index.php?rest_route=\/wp\/v2\/media\/39615"}],"wp:attachment":[{"href":"https:\/\/bergers-schlagerparadies.de\/index.php?rest_route=%2Fwp%2Fv2%2Fmedia&parent=39614"}],"wp:term":[{"taxonomy":"category","embeddable":true,"href":"https:\/\/bergers-schlagerparadies.de\/index.php?rest_route=%2Fwp%2Fv2%2Fcategories&post=39614"},{"taxonomy":"post_tag","embeddable":true,"href":"https:\/\/bergers-schlagerparadies.de\/index.php?rest_route=%2Fwp%2Fv2%2Ftags&post=39614"}],"curies":[{"name":"wp","href":"https:\/\/api.w.org\/{rel}","templated":true}]}}