{"id":39611,"date":"2025-11-10T10:30:31","date_gmt":"2025-11-10T09:30:31","guid":{"rendered":"https:\/\/bergers-schlagerparadies.de\/?p=39611"},"modified":"2025-11-07T01:03:08","modified_gmt":"2025-11-07T00:03:08","slug":"franz-k-ich-mag-meine-familie-%c2%b7-bergers-schlagerparadies","status":"publish","type":"post","link":"https:\/\/bergers-schlagerparadies.de\/?p=39611","title":{"rendered":"Franz K. &#8211; Ich mag meine Familie \u00b7 Berger\u00b4s Schlagerparadies"},"content":{"rendered":"<p><img loading=\"lazy\" decoding=\"async\" class=\"size-medium wp-image-39612 alignleft\" src=\"https:\/\/bergers-schlagerparadies.de\/wp-content\/uploads\/2025\/11\/Franz-K.-Ich-mag-meine-Familie-300x300.jpeg\" alt=\"\" width=\"300\" height=\"300\" srcset=\"https:\/\/bergers-schlagerparadies.de\/wp-content\/uploads\/2025\/11\/Franz-K.-Ich-mag-meine-Familie-300x300.jpeg 300w, https:\/\/bergers-schlagerparadies.de\/wp-content\/uploads\/2025\/11\/Franz-K.-Ich-mag-meine-Familie-1024x1024.jpeg 1024w, https:\/\/bergers-schlagerparadies.de\/wp-content\/uploads\/2025\/11\/Franz-K.-Ich-mag-meine-Familie-150x150.jpeg 150w, https:\/\/bergers-schlagerparadies.de\/wp-content\/uploads\/2025\/11\/Franz-K.-Ich-mag-meine-Familie-768x768.jpeg 768w, https:\/\/bergers-schlagerparadies.de\/wp-content\/uploads\/2025\/11\/Franz-K.-Ich-mag-meine-Familie-1200x1200.jpeg 1200w, https:\/\/bergers-schlagerparadies.de\/wp-content\/uploads\/2025\/11\/Franz-K.-Ich-mag-meine-Familie-1188x1188.jpeg 1188w, https:\/\/bergers-schlagerparadies.de\/wp-content\/uploads\/2025\/11\/Franz-K.-Ich-mag-meine-Familie-100x100.jpeg 100w, https:\/\/bergers-schlagerparadies.de\/wp-content\/uploads\/2025\/11\/Franz-K.-Ich-mag-meine-Familie.jpeg 1440w\" sizes=\"auto, (max-width: 300px) 100vw, 300px\" \/>Die neuste Single der Band FRANZ K. heisst &#8222;Ich mag meine Familie&#8220;.<br \/>\nSie befasst sich mit einem speziellen Aspekt der Liebe: der Zuneigung zu seinen Angeh\u00f6rigen<\/p>\n<p>Auf Grund des Herumreisen wegen der Konzerte und des Lebens im Tonstudio hat sich bei der Gruppe aus Witten an der Ruhr ein heimisches Gef\u00fchl f\u00fcr eine pers\u00f6nliche Atmosph\u00e4re entwickelt. Ein richtiges Geborgensein stellt sich erst zu Hause ein, auch wenn man in Deutschland an vielen Orten unterwegs und gefragt ist. Durch sch\u00f6ne Kl\u00e4nge des Songs wird dieses Gef\u00fchl unterst\u00fctzt und verst\u00e4rkt. Es singt diesmal nicht wie sonst der Bassist der Band, Michael Momo Grimm, sondern Dirk Gottschalk, der ab der Reunion von FRANZ K. in 2009 der Gruppe als Toningeneur und Komponist verbunden ist. Den Text hat Stefan Josefus geschrieben, der auch f\u00fcr die Produktion verantwortlich ist. Die neue Single &#8222;Ich mag meine Familie&#8220; setzt eindeutig des bisherigen Weg von FRANZ K. fort.<\/p>\n<p><span style=\"color: #800000;\"><strong>Quelle: Steps Records<\/strong><\/span><\/p>\n<p><span style=\"color: #800000;\"><strong>Dieser Song ist ab dem 14.11.2025 auf allen Download- und Streaming-Portalen erh\u00e4ltlich.\u00a0<\/strong><\/span><\/p>\n<p><span style=\"color: #800000;\"><strong>Airdate (f\u00fcr Radiosender): 14.11.2025<\/strong><\/span><\/p>\n","protected":false},"excerpt":{"rendered":"<p>Die neuste Single der Band FRANZ K. heisst &#8222;Ich mag meine Familie&#8220;. Sie befasst sich mit einem speziellen Aspekt der Liebe: der Zuneigung zu seinen Angeh\u00f6rigen Auf Grund des Herumreisen wegen der Konzerte und des Lebens im Tonstudio hat sich bei der Gruppe aus Witten an der Ruhr ein heimisches Gef\u00fchl f\u00fcr eine pers\u00f6nliche Atmosph\u00e4re entwickelt. Ein richtiges Geborgensein stellt sich erst zu Hause ein, auch wenn man in Deutschland an vielen Orten unterwegs und gefragt ist. Durch sch\u00f6ne Kl\u00e4nge des Songs wird dieses Gef\u00fchl unterst\u00fctzt und verst\u00e4rkt. Es singt diesmal nicht wie sonst der Bassist der Band, Michael Momo Grimm, sondern Dirk Gottschalk, der&#8230;<\/p>\n","protected":false},"author":1,"featured_media":39612,"comment_status":"open","ping_status":"open","sticky":false,"template":"","format":"standard","meta":{"footnotes":""},"categories":[3231,3264,2,3553],"tags":[816],"class_list":["post-39611","post","type-post","status-publish","format-standard","has-post-thumbnail","hentry","category-bergers-schlagerparadies","category-deutsch-pop","category-schlager","category-steps-records","tag-franz-k","wpcat-3231-id","wpcat-3264-id","wpcat-2-id","wpcat-3553-id"],"_links":{"self":[{"href":"https:\/\/bergers-schlagerparadies.de\/index.php?rest_route=\/wp\/v2\/posts\/39611","targetHints":{"allow":["GET"]}}],"collection":[{"href":"https:\/\/bergers-schlagerparadies.de\/index.php?rest_route=\/wp\/v2\/posts"}],"about":[{"href":"https:\/\/bergers-schlagerparadies.de\/index.php?rest_route=\/wp\/v2\/types\/post"}],"author":[{"embeddable":true,"href":"https:\/\/bergers-schlagerparadies.de\/index.php?rest_route=\/wp\/v2\/users\/1"}],"replies":[{"embeddable":true,"href":"https:\/\/bergers-schlagerparadies.de\/index.php?rest_route=%2Fwp%2Fv2%2Fcomments&post=39611"}],"version-history":[{"count":1,"href":"https:\/\/bergers-schlagerparadies.de\/index.php?rest_route=\/wp\/v2\/posts\/39611\/revisions"}],"predecessor-version":[{"id":39613,"href":"https:\/\/bergers-schlagerparadies.de\/index.php?rest_route=\/wp\/v2\/posts\/39611\/revisions\/39613"}],"wp:featuredmedia":[{"embeddable":true,"href":"https:\/\/bergers-schlagerparadies.de\/index.php?rest_route=\/wp\/v2\/media\/39612"}],"wp:attachment":[{"href":"https:\/\/bergers-schlagerparadies.de\/index.php?rest_route=%2Fwp%2Fv2%2Fmedia&parent=39611"}],"wp:term":[{"taxonomy":"category","embeddable":true,"href":"https:\/\/bergers-schlagerparadies.de\/index.php?rest_route=%2Fwp%2Fv2%2Fcategories&post=39611"},{"taxonomy":"post_tag","embeddable":true,"href":"https:\/\/bergers-schlagerparadies.de\/index.php?rest_route=%2Fwp%2Fv2%2Ftags&post=39611"}],"curies":[{"name":"wp","href":"https:\/\/api.w.org\/{rel}","templated":true}]}}