{"id":39604,"date":"2025-11-07T00:44:17","date_gmt":"2025-11-06T23:44:17","guid":{"rendered":"https:\/\/bergers-schlagerparadies.de\/?p=39604"},"modified":"2025-11-07T00:44:17","modified_gmt":"2025-11-06T23:44:17","slug":"connor-meister-wenn-ich-sag-ich-liebe-dich-%c2%b7-bergers-schlagerparadies","status":"publish","type":"post","link":"https:\/\/bergers-schlagerparadies.de\/?p=39604","title":{"rendered":"Connor Meister &#8211; Wenn ich sag ich liebe dich \u00b7 Berger\u00b4s Schlagerparadies"},"content":{"rendered":"<p><img loading=\"lazy\" decoding=\"async\" class=\"size-medium wp-image-39605 alignleft\" src=\"https:\/\/bergers-schlagerparadies.de\/wp-content\/uploads\/2025\/11\/Connor-Meister-Wenn-ich-sag-ich-liebe-dich-300x300.jpeg\" alt=\"\" width=\"300\" height=\"300\" srcset=\"https:\/\/bergers-schlagerparadies.de\/wp-content\/uploads\/2025\/11\/Connor-Meister-Wenn-ich-sag-ich-liebe-dich-300x300.jpeg 300w, https:\/\/bergers-schlagerparadies.de\/wp-content\/uploads\/2025\/11\/Connor-Meister-Wenn-ich-sag-ich-liebe-dich-1024x1024.jpeg 1024w, https:\/\/bergers-schlagerparadies.de\/wp-content\/uploads\/2025\/11\/Connor-Meister-Wenn-ich-sag-ich-liebe-dich-150x150.jpeg 150w, https:\/\/bergers-schlagerparadies.de\/wp-content\/uploads\/2025\/11\/Connor-Meister-Wenn-ich-sag-ich-liebe-dich-768x768.jpeg 768w, https:\/\/bergers-schlagerparadies.de\/wp-content\/uploads\/2025\/11\/Connor-Meister-Wenn-ich-sag-ich-liebe-dich-1188x1188.jpeg 1188w, https:\/\/bergers-schlagerparadies.de\/wp-content\/uploads\/2025\/11\/Connor-Meister-Wenn-ich-sag-ich-liebe-dich-100x100.jpeg 100w, https:\/\/bergers-schlagerparadies.de\/wp-content\/uploads\/2025\/11\/Connor-Meister-Wenn-ich-sag-ich-liebe-dich.jpeg 1200w\" sizes=\"auto, (max-width: 300px) 100vw, 300px\" \/>Der Pop-Schlager-K\u00fcnstler Connor Meister meldet sich mit seiner neuen Single \u201eWenn ich sag ich liebe dich\u201c zur\u00fcck und liefert einen zutiefst emotionalen Song \u00fcber die Sehnsucht nach einem Neuanfang. Die Single verspricht, die H\u00f6rer mit einer Mischung aus eing\u00e4ngigen Melodien und einer ber\u00fchrenden Geschichte zu fesseln.<br \/>\n\u201eWenn ich sag ich liebe dich\u201c taucht tief in das schmerzhafte Dilemma der heimlichen Liebe ein. Der Song erz\u00e4hlt von dem Kampf, die wahre Liebe auszusprechen, w\u00e4hrend der geliebte Mensch noch in einer ungl\u00fccklichen und bindenden Situation feststeckt. Textlich brillant erfasst der Song die Ungewissheit jener N\u00e4chte, in denen man wach liegt und sich fragt: \u201eWarum du, du jetzt nicht da bist\u201c.<br \/>\nConnor Meister transportiert mit seiner eindringlichen Stimme die Gewissheit, dass die Verbindung tiefer geht als die Realit\u00e4t es zul\u00e4sst. Der zentrale Fokus liegt auf der ultimativen und alles entscheidenden Aussage, die dem Song den Titel gibt: \u201eWenn ich sag ich liebe dich\u201c. Es ist eine kraftvolle Bitte um die Chance, eine Liebe zu leben, die laut dem Songwriter im Grunde genommen schon l\u00e4ngst existiert.<br \/>\nHinter dem emotionalen Werk steht ein erfahrenes Team: Der gesamte Titel, von Text bis Komposition, wurde von Tom Marquardt geschaffen, der es versteht, universelle Gef\u00fchle in griffige Pop-Schlager-Melodien zu kleiden. Die Produktion \u00fcbernahm Eric Sylaar und veredelte den Song zu einer modernen und radiotauglichen Ballade, die die melancholische Tiefe des Textes perfekt unterstreicht, ohne die tanzbare Energie des Pop-Schlagers zu verlieren.<\/p>\n<p><span style=\"color: #800000;\"><strong>Quelle: Eventline Media KG<\/strong><\/span><\/p>\n<p><span style=\"color: #800000;\"><strong>Dieser Song ist ab dem 14.11.2025 auf allen Download- und Streaming-Portalen erh\u00e4ltlich.\u00a0<\/strong><\/span><\/p>\n<p><span style=\"color: #800000;\"><strong>Airdate (f\u00fcr Radiosender): 07.11.2025<\/strong><\/span><\/p>\n","protected":false},"excerpt":{"rendered":"<p>Der Pop-Schlager-K\u00fcnstler Connor Meister meldet sich mit seiner neuen Single \u201eWenn ich sag ich liebe dich\u201c zur\u00fcck und liefert einen zutiefst emotionalen Song \u00fcber die Sehnsucht nach einem Neuanfang. Die Single verspricht, die H\u00f6rer mit einer Mischung aus eing\u00e4ngigen Melodien und einer ber\u00fchrenden Geschichte zu fesseln. \u201eWenn ich sag ich liebe dich\u201c taucht tief in das schmerzhafte Dilemma der heimlichen Liebe ein. Der Song erz\u00e4hlt von dem Kampf, die wahre Liebe auszusprechen, w\u00e4hrend der geliebte Mensch noch in einer ungl\u00fccklichen und bindenden Situation feststeckt. Textlich brillant erfasst der Song die Ungewissheit jener N\u00e4chte, in denen man wach liegt und sich fragt: \u201eWarum du, du jetzt&#8230;<\/p>\n","protected":false},"author":1,"featured_media":39605,"comment_status":"open","ping_status":"open","sticky":false,"template":"","format":"standard","meta":{"footnotes":""},"categories":[3231,3255,3768,2,3265],"tags":[304],"class_list":["post-39604","post","type-post","status-publish","format-standard","has-post-thumbnail","hentry","category-bergers-schlagerparadies","category-deutsch","category-eventline-media-kg","category-schlager","category-schlager-party","tag-connor-meister","wpcat-3231-id","wpcat-3255-id","wpcat-3768-id","wpcat-2-id","wpcat-3265-id"],"_links":{"self":[{"href":"https:\/\/bergers-schlagerparadies.de\/index.php?rest_route=\/wp\/v2\/posts\/39604","targetHints":{"allow":["GET"]}}],"collection":[{"href":"https:\/\/bergers-schlagerparadies.de\/index.php?rest_route=\/wp\/v2\/posts"}],"about":[{"href":"https:\/\/bergers-schlagerparadies.de\/index.php?rest_route=\/wp\/v2\/types\/post"}],"author":[{"embeddable":true,"href":"https:\/\/bergers-schlagerparadies.de\/index.php?rest_route=\/wp\/v2\/users\/1"}],"replies":[{"embeddable":true,"href":"https:\/\/bergers-schlagerparadies.de\/index.php?rest_route=%2Fwp%2Fv2%2Fcomments&post=39604"}],"version-history":[{"count":1,"href":"https:\/\/bergers-schlagerparadies.de\/index.php?rest_route=\/wp\/v2\/posts\/39604\/revisions"}],"predecessor-version":[{"id":39607,"href":"https:\/\/bergers-schlagerparadies.de\/index.php?rest_route=\/wp\/v2\/posts\/39604\/revisions\/39607"}],"wp:featuredmedia":[{"embeddable":true,"href":"https:\/\/bergers-schlagerparadies.de\/index.php?rest_route=\/wp\/v2\/media\/39605"}],"wp:attachment":[{"href":"https:\/\/bergers-schlagerparadies.de\/index.php?rest_route=%2Fwp%2Fv2%2Fmedia&parent=39604"}],"wp:term":[{"taxonomy":"category","embeddable":true,"href":"https:\/\/bergers-schlagerparadies.de\/index.php?rest_route=%2Fwp%2Fv2%2Fcategories&post=39604"},{"taxonomy":"post_tag","embeddable":true,"href":"https:\/\/bergers-schlagerparadies.de\/index.php?rest_route=%2Fwp%2Fv2%2Ftags&post=39604"}],"curies":[{"name":"wp","href":"https:\/\/api.w.org\/{rel}","templated":true}]}}