{"id":39500,"date":"2025-11-03T21:39:07","date_gmt":"2025-11-03T20:39:07","guid":{"rendered":"https:\/\/bergers-schlagerparadies.de\/?p=39500"},"modified":"2025-11-03T21:39:07","modified_gmt":"2025-11-03T20:39:07","slug":"andrea-hoffmann-hanz-willi-moelders-medden-en-der-naach-mitten-in-der-nacht-koesche-version-%c2%b7-bergers-schlagerparadies","status":"publish","type":"post","link":"https:\/\/bergers-schlagerparadies.de\/?p=39500","title":{"rendered":"Andrea Hoffmann, Hanz-Willi M\u00f6lders &#8211; Medden en der Naach &#8211; Mitten in der Nacht (K\u00f6sche Version) \u00b7 Berger\u00b4s Schlagerparadies"},"content":{"rendered":"<p><img loading=\"lazy\" decoding=\"async\" class=\"size-medium wp-image-39501 alignleft\" src=\"https:\/\/bergers-schlagerparadies.de\/wp-content\/uploads\/2025\/11\/Andrea-Hoffmann-Hanz-Willi-Moelders-Medden-en-der-Naach-Mitten-in-der-Nacht-Koesche-Version-300x300.jpeg\" alt=\"\" width=\"300\" height=\"300\" srcset=\"https:\/\/bergers-schlagerparadies.de\/wp-content\/uploads\/2025\/11\/Andrea-Hoffmann-Hanz-Willi-Moelders-Medden-en-der-Naach-Mitten-in-der-Nacht-Koesche-Version-300x300.jpeg 300w, https:\/\/bergers-schlagerparadies.de\/wp-content\/uploads\/2025\/11\/Andrea-Hoffmann-Hanz-Willi-Moelders-Medden-en-der-Naach-Mitten-in-der-Nacht-Koesche-Version-1024x1024.jpeg 1024w, https:\/\/bergers-schlagerparadies.de\/wp-content\/uploads\/2025\/11\/Andrea-Hoffmann-Hanz-Willi-Moelders-Medden-en-der-Naach-Mitten-in-der-Nacht-Koesche-Version-150x150.jpeg 150w, https:\/\/bergers-schlagerparadies.de\/wp-content\/uploads\/2025\/11\/Andrea-Hoffmann-Hanz-Willi-Moelders-Medden-en-der-Naach-Mitten-in-der-Nacht-Koesche-Version-768x768.jpeg 768w, https:\/\/bergers-schlagerparadies.de\/wp-content\/uploads\/2025\/11\/Andrea-Hoffmann-Hanz-Willi-Moelders-Medden-en-der-Naach-Mitten-in-der-Nacht-Koesche-Version-1200x1200.jpeg 1200w, https:\/\/bergers-schlagerparadies.de\/wp-content\/uploads\/2025\/11\/Andrea-Hoffmann-Hanz-Willi-Moelders-Medden-en-der-Naach-Mitten-in-der-Nacht-Koesche-Version-1188x1188.jpeg 1188w, https:\/\/bergers-schlagerparadies.de\/wp-content\/uploads\/2025\/11\/Andrea-Hoffmann-Hanz-Willi-Moelders-Medden-en-der-Naach-Mitten-in-der-Nacht-Koesche-Version-100x100.jpeg 100w, https:\/\/bergers-schlagerparadies.de\/wp-content\/uploads\/2025\/11\/Andrea-Hoffmann-Hanz-Willi-Moelders-Medden-en-der-Naach-Mitten-in-der-Nacht-Koesche-Version.jpeg 1500w\" sizes=\"auto, (max-width: 300px) 100vw, 300px\" \/>Andrea Hoffmann und Hans-Willi M\u00f6lders stehen seit vielen Jahren als Solo-K\u00fcnstler auf der B\u00fchne und haben sich \u00fcber ihre Patenschaft und ihr Wirken f\u00fcr die Aktion &#8222;K\u00fcnstler helfen Kindern&#8220; kennengelernt, wo sie beide seit vielen Jahren unterst\u00fctzend zu Gunsten krebskranker Kinder aktiv sind.<\/p>\n<p>Durch die vielen gemeinsamen Auftritte f\u00fcr &#8222;K\u00fcnstler helfen Kindern&#8220; und eine gro\u00dfe Anzahl von Veranstaltungen rund um K\u00f6ln, insbesondere um die Weihnachtszeit, war es eigentlich nur eine Frage der Zeit, dass beide einmal zusammen im Studio stehen.<\/p>\n<p>Das Ergebnis ist der wundersch\u00f6ne Titel &#8222;Mitten in der Nacht&#8220; aus der Feder von Rolf Zuckowski, den Hans-Willi M\u00f6lders &#8211; nach einem Treffen mit ihm hinter der B\u00fchne &#8211; in die k\u00f6lsche Mundart \u00fcbersetzt hat. Rolf Zuckowski war begeistert und \u00f6ffnete damit die T\u00fcren f\u00fcr den Duett-Titel &#8222;Medden en der Naach&#8220; von Andrea Hoffmann &amp; Hans-Willi M\u00f6lders, der sehr gef\u00fchlvoll auf die sch\u00f6nste Zeit der Jahres einstimmt.<\/p>\n<p><span style=\"color: #800000;\"><strong>Quelle: Cosmonalva Records<\/strong><\/span><\/p>\n<p><span style=\"color: #800000;\"><strong>Dieser Song ist ab dem 07.11.2025 auf allen Download- und Streaming-Portalen erh\u00e4ltlich.\u00a0<\/strong><\/span><\/p>\n<p><span style=\"color: #800000;\"><strong>Airdate (f\u00fcr Radiosender): 07.11.2025<\/strong><\/span><\/p>\n","protected":false},"excerpt":{"rendered":"<p>Andrea Hoffmann und Hans-Willi M\u00f6lders stehen seit vielen Jahren als Solo-K\u00fcnstler auf der B\u00fchne und haben sich \u00fcber ihre Patenschaft und ihr Wirken f\u00fcr die Aktion &#8222;K\u00fcnstler helfen Kindern&#8220; kennengelernt, wo sie beide seit vielen Jahren unterst\u00fctzend zu Gunsten krebskranker Kinder aktiv sind. Durch die vielen gemeinsamen Auftritte f\u00fcr &#8222;K\u00fcnstler helfen Kindern&#8220; und eine gro\u00dfe Anzahl von Veranstaltungen rund um K\u00f6ln, insbesondere um die Weihnachtszeit, war es eigentlich nur eine Frage der Zeit, dass beide einmal zusammen im Studio stehen. Das Ergebnis ist der wundersch\u00f6ne Titel &#8222;Mitten in der Nacht&#8220; aus der Feder von Rolf Zuckowski, den Hans-Willi M\u00f6lders &#8211; nach einem Treffen mit ihm&#8230;<\/p>\n","protected":false},"author":1,"featured_media":39501,"comment_status":"open","ping_status":"open","sticky":false,"template":"","format":"standard","meta":{"footnotes":""},"categories":[3231,4388,4389,3290,3277],"tags":[4390,4391],"class_list":["post-39500","post","type-post","status-publish","format-standard","has-post-thumbnail","hentry","category-bergers-schlagerparadies","category-cosmonalva-records","category-traditionell","category-weihnachtslieder","category-weihnachtspop","tag-andrea-hoffmann","tag-hanz-willi-moelders","wpcat-3231-id","wpcat-4388-id","wpcat-4389-id","wpcat-3290-id","wpcat-3277-id"],"_links":{"self":[{"href":"https:\/\/bergers-schlagerparadies.de\/index.php?rest_route=\/wp\/v2\/posts\/39500","targetHints":{"allow":["GET"]}}],"collection":[{"href":"https:\/\/bergers-schlagerparadies.de\/index.php?rest_route=\/wp\/v2\/posts"}],"about":[{"href":"https:\/\/bergers-schlagerparadies.de\/index.php?rest_route=\/wp\/v2\/types\/post"}],"author":[{"embeddable":true,"href":"https:\/\/bergers-schlagerparadies.de\/index.php?rest_route=\/wp\/v2\/users\/1"}],"replies":[{"embeddable":true,"href":"https:\/\/bergers-schlagerparadies.de\/index.php?rest_route=%2Fwp%2Fv2%2Fcomments&post=39500"}],"version-history":[{"count":1,"href":"https:\/\/bergers-schlagerparadies.de\/index.php?rest_route=\/wp\/v2\/posts\/39500\/revisions"}],"predecessor-version":[{"id":39502,"href":"https:\/\/bergers-schlagerparadies.de\/index.php?rest_route=\/wp\/v2\/posts\/39500\/revisions\/39502"}],"wp:featuredmedia":[{"embeddable":true,"href":"https:\/\/bergers-schlagerparadies.de\/index.php?rest_route=\/wp\/v2\/media\/39501"}],"wp:attachment":[{"href":"https:\/\/bergers-schlagerparadies.de\/index.php?rest_route=%2Fwp%2Fv2%2Fmedia&parent=39500"}],"wp:term":[{"taxonomy":"category","embeddable":true,"href":"https:\/\/bergers-schlagerparadies.de\/index.php?rest_route=%2Fwp%2Fv2%2Fcategories&post=39500"},{"taxonomy":"post_tag","embeddable":true,"href":"https:\/\/bergers-schlagerparadies.de\/index.php?rest_route=%2Fwp%2Fv2%2Ftags&post=39500"}],"curies":[{"name":"wp","href":"https:\/\/api.w.org\/{rel}","templated":true}]}}