{"id":39492,"date":"2025-11-03T21:08:55","date_gmt":"2025-11-03T20:08:55","guid":{"rendered":"https:\/\/bergers-schlagerparadies.de\/?p=39492"},"modified":"2025-11-03T21:08:55","modified_gmt":"2025-11-03T20:08:55","slug":"sylvana-weihnachtsgeist-%c2%b7-bergers-schlagerparadies","status":"publish","type":"post","link":"https:\/\/bergers-schlagerparadies.de\/?p=39492","title":{"rendered":"Sylvana &#8211; Weihnachtsgeist \u00b7 Berger\u00b4s Schlagerparadies"},"content":{"rendered":"<p><img loading=\"lazy\" decoding=\"async\" class=\"size-medium wp-image-39493 alignleft\" src=\"https:\/\/bergers-schlagerparadies.de\/wp-content\/uploads\/2025\/11\/Sylvana-Weihnachtsgeist-300x300.jpeg\" alt=\"\" width=\"300\" height=\"300\" srcset=\"https:\/\/bergers-schlagerparadies.de\/wp-content\/uploads\/2025\/11\/Sylvana-Weihnachtsgeist-300x300.jpeg 300w, https:\/\/bergers-schlagerparadies.de\/wp-content\/uploads\/2025\/11\/Sylvana-Weihnachtsgeist-1024x1024.jpeg 1024w, https:\/\/bergers-schlagerparadies.de\/wp-content\/uploads\/2025\/11\/Sylvana-Weihnachtsgeist-150x150.jpeg 150w, https:\/\/bergers-schlagerparadies.de\/wp-content\/uploads\/2025\/11\/Sylvana-Weihnachtsgeist-768x768.jpeg 768w, https:\/\/bergers-schlagerparadies.de\/wp-content\/uploads\/2025\/11\/Sylvana-Weihnachtsgeist-1536x1536.jpeg 1536w, https:\/\/bergers-schlagerparadies.de\/wp-content\/uploads\/2025\/11\/Sylvana-Weihnachtsgeist-2048x2048.jpeg 2048w, https:\/\/bergers-schlagerparadies.de\/wp-content\/uploads\/2025\/11\/Sylvana-Weihnachtsgeist-1200x1200.jpeg 1200w, https:\/\/bergers-schlagerparadies.de\/wp-content\/uploads\/2025\/11\/Sylvana-Weihnachtsgeist-1188x1188.jpeg 1188w, https:\/\/bergers-schlagerparadies.de\/wp-content\/uploads\/2025\/11\/Sylvana-Weihnachtsgeist-100x100.jpeg 100w\" sizes=\"auto, (max-width: 300px) 100vw, 300px\" \/>Mit \u201eWeihnachtsgeist\u201c ver\u00f6ffentlicht Sylvana einen gef\u00fchlvollen, modernen Weihnachtssong, der den Zauber der stillen Zeit einf\u00e4ngt.<br \/>\nEin Lied \u00fcber Liebe, Hoffnung und Zusammenhalt, das mit warmem Klang, eing\u00e4ngigem Refrain und emotionaler Stimme ber\u00fchrt.<br \/>\nTraditionelle Weihnachtsstimmung trifft auf zeitgem\u00e4\u00dfen Pop Sound \u2013 ein Song, der Herzen \u00f6ffnet und perfekt in jede Advents-Playlist passt.<\/p>\n<p>&nbsp;<\/p>\n<p>&nbsp;<\/p>\n<p>&nbsp;<\/p>\n<p><span style=\"color: #800000;\"><strong>Quelle: Borsi Music<\/strong><\/span><\/p>\n<p><span style=\"color: #800000;\"><strong>Dieser Song ist ab dem 14.11.2025 auf allen Download- und Streaming-Portalen erh\u00e4ltlich.\u00a0<\/strong><\/span><\/p>\n<p><span style=\"color: #800000;\"><strong>Airdate (f\u00fcr Radiosender): 03.11.2025<\/strong><\/span><\/p>\n","protected":false},"excerpt":{"rendered":"<p>Mit \u201eWeihnachtsgeist\u201c ver\u00f6ffentlicht Sylvana einen gef\u00fchlvollen, modernen Weihnachtssong, der den Zauber der stillen Zeit einf\u00e4ngt. Ein Lied \u00fcber Liebe, Hoffnung und Zusammenhalt, das mit warmem Klang, eing\u00e4ngigem Refrain und emotionaler Stimme ber\u00fchrt. Traditionelle Weihnachtsstimmung trifft auf zeitgem\u00e4\u00dfen Pop Sound \u2013 ein Song, der Herzen \u00f6ffnet und perfekt in jede Advents-Playlist passt. &nbsp; &nbsp; &nbsp; Quelle: Borsi Music Dieser Song ist ab dem 14.11.2025 auf allen Download- und Streaming-Portalen erh\u00e4ltlich.\u00a0 Airdate (f\u00fcr Radiosender): 03.11.2025<\/p>\n","protected":false},"author":1,"featured_media":39493,"comment_status":"open","ping_status":"open","sticky":false,"template":"","format":"standard","meta":{"footnotes":""},"categories":[3231,4385,3255,3264,2,4386,3234,3290],"tags":[4387],"class_list":["post-39492","post","type-post","status-publish","format-standard","has-post-thumbnail","hentry","category-bergers-schlagerparadies","category-borsi-music","category-deutsch","category-deutsch-pop","category-schlager","category-sylvana-weihnachtsgeist","category-weihnachten","category-weihnachtslieder","tag-sylvana","wpcat-3231-id","wpcat-4385-id","wpcat-3255-id","wpcat-3264-id","wpcat-2-id","wpcat-4386-id","wpcat-3234-id","wpcat-3290-id"],"_links":{"self":[{"href":"https:\/\/bergers-schlagerparadies.de\/index.php?rest_route=\/wp\/v2\/posts\/39492","targetHints":{"allow":["GET"]}}],"collection":[{"href":"https:\/\/bergers-schlagerparadies.de\/index.php?rest_route=\/wp\/v2\/posts"}],"about":[{"href":"https:\/\/bergers-schlagerparadies.de\/index.php?rest_route=\/wp\/v2\/types\/post"}],"author":[{"embeddable":true,"href":"https:\/\/bergers-schlagerparadies.de\/index.php?rest_route=\/wp\/v2\/users\/1"}],"replies":[{"embeddable":true,"href":"https:\/\/bergers-schlagerparadies.de\/index.php?rest_route=%2Fwp%2Fv2%2Fcomments&post=39492"}],"version-history":[{"count":1,"href":"https:\/\/bergers-schlagerparadies.de\/index.php?rest_route=\/wp\/v2\/posts\/39492\/revisions"}],"predecessor-version":[{"id":39495,"href":"https:\/\/bergers-schlagerparadies.de\/index.php?rest_route=\/wp\/v2\/posts\/39492\/revisions\/39495"}],"wp:featuredmedia":[{"embeddable":true,"href":"https:\/\/bergers-schlagerparadies.de\/index.php?rest_route=\/wp\/v2\/media\/39493"}],"wp:attachment":[{"href":"https:\/\/bergers-schlagerparadies.de\/index.php?rest_route=%2Fwp%2Fv2%2Fmedia&parent=39492"}],"wp:term":[{"taxonomy":"category","embeddable":true,"href":"https:\/\/bergers-schlagerparadies.de\/index.php?rest_route=%2Fwp%2Fv2%2Fcategories&post=39492"},{"taxonomy":"post_tag","embeddable":true,"href":"https:\/\/bergers-schlagerparadies.de\/index.php?rest_route=%2Fwp%2Fv2%2Ftags&post=39492"}],"curies":[{"name":"wp","href":"https:\/\/api.w.org\/{rel}","templated":true}]}}