{"id":39477,"date":"2025-10-31T12:26:32","date_gmt":"2025-10-31T11:26:32","guid":{"rendered":"https:\/\/bergers-schlagerparadies.de\/?p=39477"},"modified":"2025-10-31T12:27:13","modified_gmt":"2025-10-31T11:27:13","slug":"juergen-drews-80-jahre-koenig-von-mallorca-album-%c2%b7-bergers-schlagerparadies","status":"publish","type":"post","link":"https:\/\/bergers-schlagerparadies.de\/?p=39477","title":{"rendered":"J\u00fcrgen Drews &#8211; 80 Jahre K\u00f6nig von Mallorca (Album) \u00b7 Berger\u00b4s Schlagerparadies"},"content":{"rendered":"<div class=\"_3Y0Lj\"><strong><img loading=\"lazy\" decoding=\"async\" class=\"size-full wp-image-39478 alignleft\" src=\"https:\/\/bergers-schlagerparadies.de\/wp-content\/uploads\/2025\/10\/Juergen-Drews-80-Jahre-Koenig-von-Mallorca.jpg\" alt=\"\" width=\"240\" height=\"240\" \/><\/strong>J\u00fcrgen Drews\u00a0feierte am 2. April 2025 seinen 80. Geburtstag, das ist ein Anlass, innezuhalten und einem K\u00fcnstler zu gratulieren, der wie kaum ein anderer das musikalische Lebensgef\u00fchl mehrerer Generationen gepr\u00e4gt hat. J\u00fcrgen Drews ist weit mehr als ein Schlagers\u00e4nger. Wer ihn einmal live erlebt hat, wei\u00df, mit welcher Energie und Lebensfreude er die B\u00fchne erf\u00fcllt. Ob in kleinen Clubs, gro\u00dfen Hallen oder unter freiem Himmel auf Mallorca: Drews war immer ganz bei seinem Publikum, nie abgehoben, immer nahbar.<\/div>\n<div class=\"_3Y0Lj\">Grund genug\u00a0J\u00fcrgen Drews\u00a0f\u00fcr sein Lebenswerk mit dem Album\u00a0\u201e80 Jahre \u2013 K\u00f6nig von Mallorca\u201c\u00a0zu w\u00fcrdigen. Neben den besten DJs, Partystars und Produzenten der Republik macht sich die Schlagerszene auf, einen der ganz Gro\u00dfen des Schlagergesch\u00e4fts zu w\u00fcrdigen. Dar\u00fcber hinaus hat Drews viele seiner bekannten Songs \u2013 auch die Duette \u2013 neu eingesungen, wodurch das Album nicht nur klanglich, sondern auch emotional an Aktualit\u00e4t gewinnt. Wichtig ist hier zu erw\u00e4hnen, dass es bei dem Album wirklich nur um eine CD zum 80. Geburtstag geht, an ein Comeback denkt J\u00fcrgen Drews nicht.<\/div>\n<div class=\"_3Y0Lj\">Geboren am 2. April 1945 in Nauen, aufgewachsen in Schleswig, war J\u00fcrgen Drews Lebensweg zun\u00e4chst nicht vorgezeichnet. Trotz seiner sich fr\u00fch zeigenden musikalischen Begabung, mit 15 wurde er als bester Banjo-Spieler Schleswig-Holsteins ausgezeichnet, begann er zun\u00e4chst ein Medizinstudium in Kiel. Nach vier Semestern entschied er sich dann doch seiner Bestimmung zu folgen, also f\u00fcr die B\u00fchne statt f\u00fcr das Krankenhaus. Seine Karriere begann dann in den 1960er Jahren mit der Band \u201eDie Anderen\u201c, sp\u00e4ter wurde er Teil der international erfolgreichen Les Humphries Singers. Doch der gro\u00dfe Durchbruch gelang ihm 1976 mit dem Hit \u201eEin Bett im Kornfeld\u201c, einer deutschen Version des Country Songs \u201eLet Your Love Flow\u201c von The Bellamy Brothers. Der Song wurde zum Sommerhit und machte Drews \u00fcber Nacht zum Star.<\/div>\n<div class=\"_3Y0Lj\">In den folgenden Jahrzehnten entwickelte sich\u00a0 zu einem der bekanntesten Gesichter des deutschen Schlagers. Mit seiner charmanten Art, seinem Humor und seiner unerm\u00fcdlichen Energie wurde er zum \u201eK\u00f6nig von Mallorca\u201c, ein Titel, den ihm 1999 Thomas Gottschalk bei \u201eWetten dass\u2026\u201c verpasste, den er mit einem Augenzwinkern trug, aber auch mit Stolz. Seine Auftritte auf Mallorca im \u201eMegapark\u201c wurden zu Kultveranstaltungen, seine Songs bis heute zu festen Bestandteilen jeder Party-Playlist. Doch J\u00fcrgen Drews war nie nur ein Stimmungsmacher, er war und ist immer auch ein Musiker mit Substanz. Als er 2011 mit \u201eIch bau dir ein Schloss\u201c erneut die Charts st\u00fcrmte, bewies er, dass man auch mit \u00fcber 65 noch musikalisch relevant sein kann. Seit 1995 ist er mit Ramona Drews verheiratet, Ihre Tochter Joelina tritt inzwischen in seine musikalischen Fu\u00dfstapfen. Drews\u2019 Abschied von der B\u00fchne im Jahr 2022, die durch seine Erkrankung an Polyneuropathie bedingt ist, war ein bewegender Moment.<\/div>\n<div class=\"_3Y0Lj\">\u201e80 Jahre \u2013 K\u00f6nig von Mallorca\u201c tr\u00e4gt dieser jahrzehntelangen erfolgreichen Karriere von J\u00fcrgen Drews Rechnung. Es ist ein besonderes Album und eine gelungene, zeitgem\u00e4\u00dfe Hommage an das musikalische Schaffen. Das Album l\u00e4sst hierzu viele seiner gr\u00f6\u00dften Hits in neuem Glanz erstrahlen. Die renommiertesten DJs der Szene, darunter Silverjam (\u201eWie im Himmel so auf Erden\u201c), Nur So! (\u201eIch hab nur ein Leben\u201c), DJ Herzbeat (\u201eUnd wir waren wie Vampire\u201c), DJ Aaron (\u201eIch greif mir ein St\u00fcck vom Himmel\u201c) und NoooN (\u201eDenn f\u00fcr immer &amp; f\u00fcr ewig\u201c), verleihen den Klassikern mit ihren modernen Mixen frische Energie und verwandeln sie in tanzbare Clubtracks mit zeitgem\u00e4\u00dfem Groove. Bereits am 19. September 2025 wurde das Album mit der Hit-Single \u201eK\u00f6nig von Mallorca\u201c im Xtreme Sound Dance Mix, gemeinsam mit Social-Media- und Party-Star Knossi, kraftvoll eingeleitet. Zusammen mit DJ Herzbeat Remix hat Drews auch die ultimative Schlagerhymne und seine pers\u00f6nliche Liebeserkl\u00e4rung an den Schlager \u201eWir leben Schlager\u201c neu produziert. Der Titel ist eine Hommage an das Lebensgef\u00fchl und die Gemeinschaft der Schlagergemeinde.<\/div>\n<div class=\"_3Y0Lj\">Neben den neuen Remixen enth\u00e4lt das Album wie schon erw\u00e4hnt zahlreiche Duette, die teils sehr pers\u00f6nliche Einblicke gew\u00e4hren. So erstrahlt der Kult-Hit \u201eEin Bett im Kornfeld\u201c in einem frischen Dance-Pop-Gewand. Der Hit aus den 70ern wurde von Joelina Drews in ein neues, modernes Gewand gepackt. Sie hat den Song so zu ihrer eigenen Version gemacht. Besonders ber\u00fchrend ist der zweite Duett-Song mit Joelina: \u201eHerzmelodie\u201c. Dieser pop-rockige Titel wurde eigens von Joelina f\u00fcr dieses Album neu geschrieben und z\u00e4hlt zu den emotionalen H\u00f6hepunkten der Platte. Er steht sinnbildlich f\u00fcr die tiefe und liebevolle Verbindung zwischen Vater und Tochter.<\/div>\n<div class=\"_3Y0Lj\">Das Legenden-Duett \u201eEs war alles am besten\u201c mit Howard Carpendale wurde f\u00fcr \u201e80 Jahre \u2013 K\u00f6nig von Mallorca\u201c nochmal remastered. Die beiden Schlagerlegenden pr\u00e4sentierten das Lied am 20. September 2025 live in der \u201eGiovanni Zarrella Show\u201c (ZDF). Zu den weiteren Highlights z\u00e4hlen gemeinsame Songs mit Oli.P (\u201eIrgendwann, Irgendwo, Irgendwie\u201c), Julian Reim (\u201eM\u00fcssen denn M\u00e4nner immer Helden sein\u201c) und Matze Knop (\u201ePilot). Ein besonderes Highlight des Albums bildet der gemeinsame Song mit Ehefrau Ramona (\u201eAbgest\u00fcrzt\u201c), der ebenfalls im Xtreme Sound Dance Mix auf \u201e80 Jahre \u2013 K\u00f6nig von Mallorca\u201c zu finden ist. Bis heute hat nie jemand gewusst, dass die geheimnisvolle Frauenstimme in diesem Song von Ramona Drews ist. Abgerundet wird das Werk durch weitere neue Titel wie \u201eK\u00f6nig bleibt K\u00f6nig\u201c \u2013 eine Hommage an J\u00fcrgen Drews\u2019 jahrzehntelange Karriere als Schlagerikone und seinen Kultstatus als \u201eK\u00f6nig von Mallorca\u201c. Ebenfalls neu ist das sehr pers\u00f6nliche St\u00fcck \u201eHier ist mein Herz\u201c, das Drews\u2019 tiefe Verbundenheit zu seinen Fans und seiner Familie widerspiegelt. Der Song erz\u00e4hlt von den H\u00f6hen und Tiefen einer bewegten Laufbahn und steht f\u00fcr seine Hingabe und Leidenschaft, die ihn \u00fcber Jahrzehnte hinweg begleitet haben.<\/div>\n<div class=\"_3Y0Lj\">Die Karriere von J\u00fcrgen Drews ist ein Beispiel f\u00fcr Best\u00e4ndigkeit, Wandelbarkeit und Leidenschaft. Zum 80. Geburtstag blicken wir mit dem Album \u201e80 Jahre \u2013 K\u00f6nig von Mallorca\u201c zur\u00fcck auf ein Leben voller Musik, Mut und Menschlichkeit. Und wir sagen: Danke, J\u00fcrgen \u2013 f\u00fcr die Lieder, die Erinnerungen an diesen positiv verr\u00fcckten Vollblutmusiker, der \u00fcber Jahrzehnte hinweg die deutsche Musiklandschaft mitgepr\u00e4gt hat.<\/div>\n<div>\n<p><span style=\"color: #800000;\"><strong>Quelle: Universal Music Group<\/strong><\/span><\/p>\n<p><span style=\"color: #800000;\"><strong>Dieses Album ist ab dem 31.10.2025 auf allen Download- und Streaming-Portalen erh\u00e4ltlich.\u00a0<\/strong><\/span><\/p>\n<p><span style=\"color: #800000;\"><strong>Airdate (f\u00fcr Radiosender): 31.10.2025<\/strong><\/span><\/p>\n<\/div>\n","protected":false},"excerpt":{"rendered":"<p>J\u00fcrgen Drews\u00a0feierte am 2. April 2025 seinen 80. Geburtstag, das ist ein Anlass, innezuhalten und einem K\u00fcnstler zu gratulieren, der wie kaum ein anderer das musikalische Lebensgef\u00fchl mehrerer Generationen gepr\u00e4gt hat. J\u00fcrgen Drews ist weit mehr als ein Schlagers\u00e4nger. Wer ihn einmal live erlebt hat, wei\u00df, mit welcher Energie und Lebensfreude er die B\u00fchne erf\u00fcllt. Ob in kleinen Clubs, gro\u00dfen Hallen oder unter freiem Himmel auf Mallorca: Drews war immer ganz bei seinem Publikum, nie abgehoben, immer nahbar. Grund genug\u00a0J\u00fcrgen Drews\u00a0f\u00fcr sein Lebenswerk mit dem Album\u00a0\u201e80 Jahre \u2013 K\u00f6nig von Mallorca\u201c\u00a0zu w\u00fcrdigen. Neben den besten DJs, Partystars und Produzenten der Republik macht sich die Schlagerszene&#8230;<\/p>\n","protected":false},"author":1,"featured_media":0,"comment_status":"open","ping_status":"open","sticky":false,"template":"","format":"standard","meta":{"footnotes":""},"categories":[3257,2,3402],"tags":[258],"class_list":["post-39477","post","type-post","status-publish","format-standard","hentry","category-album","category-schlager","category-universal-music-group","tag-juergen-drews","wpcat-3257-id","wpcat-2-id","wpcat-3402-id"],"_links":{"self":[{"href":"https:\/\/bergers-schlagerparadies.de\/index.php?rest_route=\/wp\/v2\/posts\/39477","targetHints":{"allow":["GET"]}}],"collection":[{"href":"https:\/\/bergers-schlagerparadies.de\/index.php?rest_route=\/wp\/v2\/posts"}],"about":[{"href":"https:\/\/bergers-schlagerparadies.de\/index.php?rest_route=\/wp\/v2\/types\/post"}],"author":[{"embeddable":true,"href":"https:\/\/bergers-schlagerparadies.de\/index.php?rest_route=\/wp\/v2\/users\/1"}],"replies":[{"embeddable":true,"href":"https:\/\/bergers-schlagerparadies.de\/index.php?rest_route=%2Fwp%2Fv2%2Fcomments&post=39477"}],"version-history":[{"count":2,"href":"https:\/\/bergers-schlagerparadies.de\/index.php?rest_route=\/wp\/v2\/posts\/39477\/revisions"}],"predecessor-version":[{"id":39480,"href":"https:\/\/bergers-schlagerparadies.de\/index.php?rest_route=\/wp\/v2\/posts\/39477\/revisions\/39480"}],"wp:attachment":[{"href":"https:\/\/bergers-schlagerparadies.de\/index.php?rest_route=%2Fwp%2Fv2%2Fmedia&parent=39477"}],"wp:term":[{"taxonomy":"category","embeddable":true,"href":"https:\/\/bergers-schlagerparadies.de\/index.php?rest_route=%2Fwp%2Fv2%2Fcategories&post=39477"},{"taxonomy":"post_tag","embeddable":true,"href":"https:\/\/bergers-schlagerparadies.de\/index.php?rest_route=%2Fwp%2Fv2%2Ftags&post=39477"}],"curies":[{"name":"wp","href":"https:\/\/api.w.org\/{rel}","templated":true}]}}