{"id":39447,"date":"2025-10-31T09:49:19","date_gmt":"2025-10-31T08:49:19","guid":{"rendered":"https:\/\/bergers-schlagerparadies.de\/?p=39447"},"modified":"2025-10-31T09:49:19","modified_gmt":"2025-10-31T08:49:19","slug":"markus-polarlicht-%c2%b7-bergers-schlagerparadies","status":"publish","type":"post","link":"https:\/\/bergers-schlagerparadies.de\/?p=39447","title":{"rendered":"MARKUS &#8211; Polarlicht \u00b7 Berger\u00b4s Schlagerparadies"},"content":{"rendered":"<p><img loading=\"lazy\" decoding=\"async\" class=\"size-medium wp-image-39448 alignleft\" src=\"https:\/\/bergers-schlagerparadies.de\/wp-content\/uploads\/2025\/10\/MARKUS-Polarlicht-300x300.jpeg\" alt=\"\" width=\"300\" height=\"300\" \/>Markus: Seine neue Single \u201ePolarlicht\u201c ist ein Bekenntnis zu Liebe, Hoffnung und zeitlosem Pop!<br \/>\nMit \u201ePolarlicht\u201c ver\u00f6ffentlicht NDW-Ikone Markus eine Single, die wie ein leuchtendes Schauspiel am Himmel wirkt: atmosph\u00e4risch, strahlend und voller Sehnsucht. Der Titel entfaltet eine bildgewaltige, poetische Sprache: Das Polarlicht wird zum Sinnbild einer Liebe, die strahlt, Orientierung schenkt und selbst in dunklen Momenten Hoffnung vermittelt. Die Verbindung von Naturmetaphern und emotionaler Tiefe macht den Song zu einem atmosph\u00e4rischen Highlight, das weit \u00fcber eine klassische Pop-Single hinausgeht.<br \/>\nDer Text ist reich an Bildern, die das Universum und menschliche Gef\u00fchle kunstvoll miteinander verweben. Wenn die Sonne als \u201eFeuerball\u201c im Meer versinkt oder die Stille \u201ekalte Tr\u00e4ume\u201c hervorruft, entsteht eine Kulisse, in der Emotionen greifbar werden. Das Polarlicht selbst wird zum Symbol einer Liebe, die die Dunkelheit durchbricht, Orientierung schenkt und selbst \u00fcber Distanz hinweg besteht. Markus gelingt es, Sehnsucht und N\u00e4he, Verg\u00e4nglichkeit und Best\u00e4ndigkeit in poetischen Versen zu vereinen.<br \/>\nMusikalisch liefert Produzent Simon Allert den perfekten Rahmen: ein tanzbarer Sound, der mit schimmernden Synthesizer Fl\u00e4chen und energiegeladenem Beat die Atmosph\u00e4re der 80er-Jahre sp\u00fcrbar macht, ohne nostalgisch zu wirken. Vielmehr vereint \u201ePolarlicht\u201c Retro-Charme mit zeitgem\u00e4\u00dfer Pop-\u00c4sthetik \u2013 ein Klang, der sofort ins Ohr geht und zugleich emotionale Tiefe transportiert.<br \/>\nGeschrieben wurde der Song von Simon Allert, Jascha Welzel und Andreas Gero Schulze, die gemeinsam ein Werk geschaffen haben, das sowohl musikalisch als auch lyrisch \u00fcberzeugt. \u201ePolarlicht\u201c zeigt Markus von seiner gef\u00fchlvollen Seite und beweist, dass er auch Jahrzehnte nach seinem NDW-Durchbruch mit \u201eIch will Spa\u00df\u201c oder \u201eKleine Taschenlampe brenn\u2019\u201c relevante, bewegende Musik erschaffen kann.<br \/>\nSo ist \u201ePolarlicht\u201c ein strahlendes Statement, das mit seiner Mischung aus bildreicher Poesie, hymnischem Refrain und tanzbarer Energie die Herzen ber\u00fchrt \u2013 ein Song, der wie sein Titel leuchtet, Hoffnung schenkt und Liebe im wahrsten Sinne des Wortes zum Strahlen bringt.<\/p>\n<p><span style=\"color: #800000;\"><strong>Quelle: KLONDIKE Records<\/strong><\/span><\/p>\n<p><span style=\"color: #800000;\"><strong>Dieser Song ist ab dem 31.10.2025 auf allen Download- und Streaming-Portalen erh\u00e4ltlich.\u00a0<\/strong><\/span><\/p>\n<p><span style=\"color: #800000;\"><strong>Airdate (f\u00fcr Radiosender): 31.10.2025<\/strong><\/span><\/p>\n","protected":false},"excerpt":{"rendered":"<p>Markus: Seine neue Single \u201ePolarlicht\u201c ist ein Bekenntnis zu Liebe, Hoffnung und zeitlosem Pop! Mit \u201ePolarlicht\u201c ver\u00f6ffentlicht NDW-Ikone Markus eine Single, die wie ein leuchtendes Schauspiel am Himmel wirkt: atmosph\u00e4risch, strahlend und voller Sehnsucht. Der Titel entfaltet eine bildgewaltige, poetische Sprache: Das Polarlicht wird zum Sinnbild einer Liebe, die strahlt, Orientierung schenkt und selbst in dunklen Momenten Hoffnung vermittelt. Die Verbindung von Naturmetaphern und emotionaler Tiefe macht den Song zu einem atmosph\u00e4rischen Highlight, das weit \u00fcber eine klassische Pop-Single hinausgeht. Der Text ist reich an Bildern, die das Universum und menschliche Gef\u00fchle kunstvoll miteinander verweben. Wenn die Sonne als \u201eFeuerball\u201c im Meer versinkt oder die&#8230;<\/p>\n","protected":false},"author":1,"featured_media":0,"comment_status":"open","ping_status":"open","sticky":false,"template":"","format":"standard","meta":{"footnotes":""},"categories":[3231,3264,3437,3237,2],"tags":[1168],"class_list":["post-39447","post","type-post","status-publish","format-standard","hentry","category-bergers-schlagerparadies","category-deutsch-pop","category-klondike-records-songs","category-pop","category-schlager","tag-markus","wpcat-3231-id","wpcat-3264-id","wpcat-3437-id","wpcat-3237-id","wpcat-2-id"],"_links":{"self":[{"href":"https:\/\/bergers-schlagerparadies.de\/index.php?rest_route=\/wp\/v2\/posts\/39447","targetHints":{"allow":["GET"]}}],"collection":[{"href":"https:\/\/bergers-schlagerparadies.de\/index.php?rest_route=\/wp\/v2\/posts"}],"about":[{"href":"https:\/\/bergers-schlagerparadies.de\/index.php?rest_route=\/wp\/v2\/types\/post"}],"author":[{"embeddable":true,"href":"https:\/\/bergers-schlagerparadies.de\/index.php?rest_route=\/wp\/v2\/users\/1"}],"replies":[{"embeddable":true,"href":"https:\/\/bergers-schlagerparadies.de\/index.php?rest_route=%2Fwp%2Fv2%2Fcomments&post=39447"}],"version-history":[{"count":1,"href":"https:\/\/bergers-schlagerparadies.de\/index.php?rest_route=\/wp\/v2\/posts\/39447\/revisions"}],"predecessor-version":[{"id":39449,"href":"https:\/\/bergers-schlagerparadies.de\/index.php?rest_route=\/wp\/v2\/posts\/39447\/revisions\/39449"}],"wp:attachment":[{"href":"https:\/\/bergers-schlagerparadies.de\/index.php?rest_route=%2Fwp%2Fv2%2Fmedia&parent=39447"}],"wp:term":[{"taxonomy":"category","embeddable":true,"href":"https:\/\/bergers-schlagerparadies.de\/index.php?rest_route=%2Fwp%2Fv2%2Fcategories&post=39447"},{"taxonomy":"post_tag","embeddable":true,"href":"https:\/\/bergers-schlagerparadies.de\/index.php?rest_route=%2Fwp%2Fv2%2Ftags&post=39447"}],"curies":[{"name":"wp","href":"https:\/\/api.w.org\/{rel}","templated":true}]}}