{"id":39357,"date":"2025-10-29T18:27:41","date_gmt":"2025-10-29T17:27:41","guid":{"rendered":"https:\/\/bergers-schlagerparadies.de\/?p=39357"},"modified":"2025-10-29T18:27:41","modified_gmt":"2025-10-29T17:27:41","slug":"duo-wer-aufwind-album-%c2%b7-bergers-schlagerparadies","status":"publish","type":"post","link":"https:\/\/bergers-schlagerparadies.de\/?p=39357","title":{"rendered":"Duo WeR &#8211; Aufwind (Album)  \u00b7 Berger\u00b4s Schlagerparadies"},"content":{"rendered":"<p><img loading=\"lazy\" decoding=\"async\" class=\"size-medium wp-image-39358 alignleft\" src=\"https:\/\/bergers-schlagerparadies.de\/wp-content\/uploads\/2025\/10\/Duo-Wer-Aufwind-300x300.jpg\" alt=\"\" width=\"300\" height=\"300\" srcset=\"https:\/\/bergers-schlagerparadies.de\/wp-content\/uploads\/2025\/10\/Duo-Wer-Aufwind-300x300.jpg 300w, https:\/\/bergers-schlagerparadies.de\/wp-content\/uploads\/2025\/10\/Duo-Wer-Aufwind-1024x1024.jpg 1024w, https:\/\/bergers-schlagerparadies.de\/wp-content\/uploads\/2025\/10\/Duo-Wer-Aufwind-150x150.jpg 150w, https:\/\/bergers-schlagerparadies.de\/wp-content\/uploads\/2025\/10\/Duo-Wer-Aufwind-768x768.jpg 768w, https:\/\/bergers-schlagerparadies.de\/wp-content\/uploads\/2025\/10\/Duo-Wer-Aufwind-1536x1536.jpg 1536w, https:\/\/bergers-schlagerparadies.de\/wp-content\/uploads\/2025\/10\/Duo-Wer-Aufwind-2048x2048.jpg 2048w, https:\/\/bergers-schlagerparadies.de\/wp-content\/uploads\/2025\/10\/Duo-Wer-Aufwind-1200x1200.jpg 1200w, https:\/\/bergers-schlagerparadies.de\/wp-content\/uploads\/2025\/10\/Duo-Wer-Aufwind-1188x1188.jpg 1188w, https:\/\/bergers-schlagerparadies.de\/wp-content\/uploads\/2025\/10\/Duo-Wer-Aufwind-100x100.jpg 100w\" sizes=\"auto, (max-width: 300px) 100vw, 300px\" \/>Das Duo WeR besteht aus den beiden S\u00e4ngern Wolfgang Steiner und Reinhardt Helwig, deren Anfangsbuchstaben ihrer Vornamen sich auch in der Bezeichnung des Duos wiederfinden (\u201eWe\u201c wie Wolfgang und \u201eeR\u201c wie Reinhardt). Beide sind in Baden-W\u00fcrttemberg zu Hause und stammen aus dem sch\u00f6nen Siebenb\u00fcrgen im Karpatenbogen, dem heutigen Rum\u00e4nien. Schon in jungen Jahren fanden sie Gefallen am deutschen Schlager, dem sie bis heute verbunden geblieben sind.<br \/>\nNach ihrem Deb\u00fct-Album \u201eLiebesgefl\u00fcster\u201c pr\u00e4sentiert Duo WeR ihr neues Album Aufwind Ob Liebe, Hoffnung oder Lebensfreude \u2013 diese Songs sind die perfekte Begleitung f\u00fcr jeden Moment, der unvergesslich werden soll. Bereit f\u00fcr eine musikalische Reise, die dich packt und nicht mehr losl\u00e4sst?<br \/>\nEntdecke jetzt das neue Album von Duo WeR und erlebe Musik, die das Herz ber\u00fchrt!<br \/>\nDiese Lieder sind mehr als nur Musik \u2013 sie sind dein Begleiter f\u00fcr besondere Momente, f\u00fcr Liebe, Hoffnung und pure Lebensfreude. Eing\u00e4ngige Melodien,<br \/>\ntiefgr\u00fcndige Texte \u2013 hier trifft Herz auf Ohrwurm.<br \/>\nTauche ein in eine Welt voller Emotionen, Liebe und Lebensfreude<\/p>\n<p><span style=\"color: #800000;\"><strong>Quelle: <\/strong><strong>2herzpromotion<\/strong><\/span><\/p>\n<p><span style=\"color: #800000;\"><strong>Dieses Album ist ab dem 31.10.2025 auf allen Download- und Streaming-Portalen erh\u00e4ltlich.\u00a0<\/strong><\/span><\/p>\n<p><span style=\"color: #800000;\"><strong>Airdate (f\u00fcr Radiosender): 31.10.2025<\/strong><\/span><\/p>\n","protected":false},"excerpt":{"rendered":"<p>Das Duo WeR besteht aus den beiden S\u00e4ngern Wolfgang Steiner und Reinhardt Helwig, deren Anfangsbuchstaben ihrer Vornamen sich auch in der Bezeichnung des Duos wiederfinden (\u201eWe\u201c wie Wolfgang und \u201eeR\u201c wie Reinhardt). Beide sind in Baden-W\u00fcrttemberg zu Hause und stammen aus dem sch\u00f6nen Siebenb\u00fcrgen im Karpatenbogen, dem heutigen Rum\u00e4nien. Schon in jungen Jahren fanden sie Gefallen am deutschen Schlager, dem sie bis heute verbunden geblieben sind. Nach ihrem Deb\u00fct-Album \u201eLiebesgefl\u00fcster\u201c pr\u00e4sentiert Duo WeR ihr neues Album Aufwind Ob Liebe, Hoffnung oder Lebensfreude \u2013 diese Songs sind die perfekte Begleitung f\u00fcr jeden Moment, der unvergesslich werden soll. Bereit f\u00fcr eine musikalische Reise, die dich packt und&#8230;<\/p>\n","protected":false},"author":1,"featured_media":39358,"comment_status":"open","ping_status":"open","sticky":false,"template":"","format":"standard","meta":{"footnotes":""},"categories":[4373,3257,3231,2],"tags":[1458],"class_list":["post-39357","post","type-post","status-publish","format-standard","has-post-thumbnail","hentry","category-2herzpromotion","category-album","category-bergers-schlagerparadies","category-schlager","tag-duo-wer","wpcat-4373-id","wpcat-3257-id","wpcat-3231-id","wpcat-2-id"],"_links":{"self":[{"href":"https:\/\/bergers-schlagerparadies.de\/index.php?rest_route=\/wp\/v2\/posts\/39357","targetHints":{"allow":["GET"]}}],"collection":[{"href":"https:\/\/bergers-schlagerparadies.de\/index.php?rest_route=\/wp\/v2\/posts"}],"about":[{"href":"https:\/\/bergers-schlagerparadies.de\/index.php?rest_route=\/wp\/v2\/types\/post"}],"author":[{"embeddable":true,"href":"https:\/\/bergers-schlagerparadies.de\/index.php?rest_route=\/wp\/v2\/users\/1"}],"replies":[{"embeddable":true,"href":"https:\/\/bergers-schlagerparadies.de\/index.php?rest_route=%2Fwp%2Fv2%2Fcomments&post=39357"}],"version-history":[{"count":1,"href":"https:\/\/bergers-schlagerparadies.de\/index.php?rest_route=\/wp\/v2\/posts\/39357\/revisions"}],"predecessor-version":[{"id":39359,"href":"https:\/\/bergers-schlagerparadies.de\/index.php?rest_route=\/wp\/v2\/posts\/39357\/revisions\/39359"}],"wp:featuredmedia":[{"embeddable":true,"href":"https:\/\/bergers-schlagerparadies.de\/index.php?rest_route=\/wp\/v2\/media\/39358"}],"wp:attachment":[{"href":"https:\/\/bergers-schlagerparadies.de\/index.php?rest_route=%2Fwp%2Fv2%2Fmedia&parent=39357"}],"wp:term":[{"taxonomy":"category","embeddable":true,"href":"https:\/\/bergers-schlagerparadies.de\/index.php?rest_route=%2Fwp%2Fv2%2Fcategories&post=39357"},{"taxonomy":"post_tag","embeddable":true,"href":"https:\/\/bergers-schlagerparadies.de\/index.php?rest_route=%2Fwp%2Fv2%2Ftags&post=39357"}],"curies":[{"name":"wp","href":"https:\/\/api.w.org\/{rel}","templated":true}]}}