{"id":39343,"date":"2025-10-28T11:08:54","date_gmt":"2025-10-28T10:08:54","guid":{"rendered":"https:\/\/bergers-schlagerparadies.de\/?p=39343"},"modified":"2025-10-28T11:08:54","modified_gmt":"2025-10-28T10:08:54","slug":"oliver-fischer-du-siehst-die-traenen-nicht-originalversion-%c2%b7-bergers-schlagerparadies","status":"publish","type":"post","link":"https:\/\/bergers-schlagerparadies.de\/?p=39343","title":{"rendered":"Oliver Fischer &#8211; Du siehst die Tr\u00e4nen nicht (Originalversion) \u00b7 Berger\u00b4s Schlagerparadies"},"content":{"rendered":"<p><img loading=\"lazy\" decoding=\"async\" class=\"size-medium wp-image-39344 alignleft\" src=\"https:\/\/bergers-schlagerparadies.de\/wp-content\/uploads\/2025\/10\/Oliver-Fischer-Du-siehst-die-Traenen-nicht-Originalversion-300x300.jpg\" alt=\"\" width=\"300\" height=\"300\" srcset=\"https:\/\/bergers-schlagerparadies.de\/wp-content\/uploads\/2025\/10\/Oliver-Fischer-Du-siehst-die-Traenen-nicht-Originalversion-300x300.jpg 300w, https:\/\/bergers-schlagerparadies.de\/wp-content\/uploads\/2025\/10\/Oliver-Fischer-Du-siehst-die-Traenen-nicht-Originalversion-1024x1024.jpg 1024w, https:\/\/bergers-schlagerparadies.de\/wp-content\/uploads\/2025\/10\/Oliver-Fischer-Du-siehst-die-Traenen-nicht-Originalversion-150x150.jpg 150w, https:\/\/bergers-schlagerparadies.de\/wp-content\/uploads\/2025\/10\/Oliver-Fischer-Du-siehst-die-Traenen-nicht-Originalversion-768x768.jpg 768w, https:\/\/bergers-schlagerparadies.de\/wp-content\/uploads\/2025\/10\/Oliver-Fischer-Du-siehst-die-Traenen-nicht-Originalversion-1536x1536.jpg 1536w, https:\/\/bergers-schlagerparadies.de\/wp-content\/uploads\/2025\/10\/Oliver-Fischer-Du-siehst-die-Traenen-nicht-Originalversion-2048x2048.jpg 2048w, https:\/\/bergers-schlagerparadies.de\/wp-content\/uploads\/2025\/10\/Oliver-Fischer-Du-siehst-die-Traenen-nicht-Originalversion-1200x1200.jpg 1200w, https:\/\/bergers-schlagerparadies.de\/wp-content\/uploads\/2025\/10\/Oliver-Fischer-Du-siehst-die-Traenen-nicht-Originalversion-1188x1188.jpg 1188w, https:\/\/bergers-schlagerparadies.de\/wp-content\/uploads\/2025\/10\/Oliver-Fischer-Du-siehst-die-Traenen-nicht-Originalversion-100x100.jpg 100w\" sizes=\"auto, (max-width: 300px) 100vw, 300px\" \/>\u00abDu siehst die Tr\u00e4nen nicht\u00bb ist der bisher vielleicht ber\u00fchrende Titel des Schweizers Oliver Fischer und hat manchen H\u00f6rer\/in ins Herz getroffen, was sich auch in eindr\u00fcckliche Streaming werte von weit \u00fcber einer Viertelmillion widerspiegelt.<\/p>\n<p>Nun legt der sympathische Schweizer zusammen mit seinem Produzenten Michael Fischer zum ersten Mal einen Titel in seiner Schweizerdeutschen Sprache vor. \u00abGsehsch mini Tr\u00e4ne nid\u00bb ist die schweizerdeutsche Mundartversion von \u00abDu siehst die Tr\u00e4nen nicht\u00bb.<\/p>\n<p>Der Song verbindet ein Hauch Melancholie mit mitrei\u00dfenden Beats und einen melodi\u00f6sen und \u00e4u\u00dferst eing\u00e4ngigen Refrain mit der Kernzeile \u201eDoch wenn de Rege chunnt \u2013 gsehsch mini Tr\u00e4ne nid\u201c zu einem modernen Popschlager, der gleichzeitig ber\u00fchrt und zum Nachdenken anregt.<\/p>\n<p>Passend zu seiner ersten Schweizerdeutschen Ver\u00f6ffentlichung organisiert Oliver Fischer zum ersten Mal auch eine eigene Schlager Liveveranstaltung in seiner Heimat. Unter dem Moto \u00abDie ganz besondere Schlagershow\u00bb treten am Sa 07. M\u00e4rz 2026 live in Z\u00fcrich\/CH auf: Rosanna Rocci, Michael Fischer und Patricia Mathys. Tickets sind ab\u00a0sofort bestellbar.<\/p>\n<p><span style=\"color: #800000;\"><strong>Quelle: Fiesta Records<\/strong><\/span><\/p>\n<p><span style=\"color: #800000;\"><strong>Dieser Song ist ab dem 31.10.2025 auf allen Download- und Streaming-Portalen erh\u00e4ltlich.\u00a0<\/strong><\/span><\/p>\n<p><span style=\"color: #800000;\"><strong>Airdate (f\u00fcr Radiosender): 28.10.2025<\/strong><\/span><\/p>\n","protected":false},"excerpt":{"rendered":"<p>\u00abDu siehst die Tr\u00e4nen nicht\u00bb ist der bisher vielleicht ber\u00fchrende Titel des Schweizers Oliver Fischer und hat manchen H\u00f6rer\/in ins Herz getroffen, was sich auch in eindr\u00fcckliche Streaming werte von weit \u00fcber einer Viertelmillion widerspiegelt. Nun legt der sympathische Schweizer zusammen mit seinem Produzenten Michael Fischer zum ersten Mal einen Titel in seiner Schweizerdeutschen Sprache vor. \u00abGsehsch mini Tr\u00e4ne nid\u00bb ist die schweizerdeutsche Mundartversion von \u00abDu siehst die Tr\u00e4nen nicht\u00bb. Der Song verbindet ein Hauch Melancholie mit mitrei\u00dfenden Beats und einen melodi\u00f6sen und \u00e4u\u00dferst eing\u00e4ngigen Refrain mit der Kernzeile \u201eDoch wenn de Rege chunnt \u2013 gsehsch mini Tr\u00e4ne nid\u201c zu einem modernen Popschlager, der gleichzeitig&#8230;<\/p>\n","protected":false},"author":1,"featured_media":39344,"comment_status":"open","ping_status":"open","sticky":false,"template":"","format":"standard","meta":{"footnotes":""},"categories":[3231,3232,2],"tags":[2101],"class_list":["post-39343","post","type-post","status-publish","format-standard","has-post-thumbnail","hentry","category-bergers-schlagerparadies","category-fiesta-records","category-schlager","tag-oliver-fischer","wpcat-3231-id","wpcat-3232-id","wpcat-2-id"],"_links":{"self":[{"href":"https:\/\/bergers-schlagerparadies.de\/index.php?rest_route=\/wp\/v2\/posts\/39343","targetHints":{"allow":["GET"]}}],"collection":[{"href":"https:\/\/bergers-schlagerparadies.de\/index.php?rest_route=\/wp\/v2\/posts"}],"about":[{"href":"https:\/\/bergers-schlagerparadies.de\/index.php?rest_route=\/wp\/v2\/types\/post"}],"author":[{"embeddable":true,"href":"https:\/\/bergers-schlagerparadies.de\/index.php?rest_route=\/wp\/v2\/users\/1"}],"replies":[{"embeddable":true,"href":"https:\/\/bergers-schlagerparadies.de\/index.php?rest_route=%2Fwp%2Fv2%2Fcomments&post=39343"}],"version-history":[{"count":1,"href":"https:\/\/bergers-schlagerparadies.de\/index.php?rest_route=\/wp\/v2\/posts\/39343\/revisions"}],"predecessor-version":[{"id":39345,"href":"https:\/\/bergers-schlagerparadies.de\/index.php?rest_route=\/wp\/v2\/posts\/39343\/revisions\/39345"}],"wp:featuredmedia":[{"embeddable":true,"href":"https:\/\/bergers-schlagerparadies.de\/index.php?rest_route=\/wp\/v2\/media\/39344"}],"wp:attachment":[{"href":"https:\/\/bergers-schlagerparadies.de\/index.php?rest_route=%2Fwp%2Fv2%2Fmedia&parent=39343"}],"wp:term":[{"taxonomy":"category","embeddable":true,"href":"https:\/\/bergers-schlagerparadies.de\/index.php?rest_route=%2Fwp%2Fv2%2Fcategories&post=39343"},{"taxonomy":"post_tag","embeddable":true,"href":"https:\/\/bergers-schlagerparadies.de\/index.php?rest_route=%2Fwp%2Fv2%2Ftags&post=39343"}],"curies":[{"name":"wp","href":"https:\/\/api.w.org\/{rel}","templated":true}]}}