{"id":39256,"date":"2025-10-24T01:58:25","date_gmt":"2025-10-23T23:58:25","guid":{"rendered":"https:\/\/bergers-schlagerparadies.de\/?p=39256"},"modified":"2025-10-24T01:58:25","modified_gmt":"2025-10-23T23:58:25","slug":"danny-buller-tanze-mit-mir-in-den-morgen-%c2%b7-bergers-schlagerparadies","status":"publish","type":"post","link":"https:\/\/bergers-schlagerparadies.de\/?p=39256","title":{"rendered":"Danny Buller &#8211; Tanze mit mir in den Morgen \u00b7 Berger\u00b4s Schlagerparadies"},"content":{"rendered":"<p><img loading=\"lazy\" decoding=\"async\" class=\"size-medium wp-image-39257 alignleft\" src=\"https:\/\/bergers-schlagerparadies.de\/wp-content\/uploads\/2025\/10\/Danny-Buller-Tanze-mit-mir-in-den-Morgen-300x300.jpeg\" alt=\"\" width=\"300\" height=\"300\" srcset=\"https:\/\/bergers-schlagerparadies.de\/wp-content\/uploads\/2025\/10\/Danny-Buller-Tanze-mit-mir-in-den-Morgen-300x300.jpeg 300w, https:\/\/bergers-schlagerparadies.de\/wp-content\/uploads\/2025\/10\/Danny-Buller-Tanze-mit-mir-in-den-Morgen-1024x1024.jpeg 1024w, https:\/\/bergers-schlagerparadies.de\/wp-content\/uploads\/2025\/10\/Danny-Buller-Tanze-mit-mir-in-den-Morgen-150x150.jpeg 150w, https:\/\/bergers-schlagerparadies.de\/wp-content\/uploads\/2025\/10\/Danny-Buller-Tanze-mit-mir-in-den-Morgen-768x768.jpeg 768w, https:\/\/bergers-schlagerparadies.de\/wp-content\/uploads\/2025\/10\/Danny-Buller-Tanze-mit-mir-in-den-Morgen-1536x1536.jpeg 1536w, https:\/\/bergers-schlagerparadies.de\/wp-content\/uploads\/2025\/10\/Danny-Buller-Tanze-mit-mir-in-den-Morgen-2048x2048.jpeg 2048w, https:\/\/bergers-schlagerparadies.de\/wp-content\/uploads\/2025\/10\/Danny-Buller-Tanze-mit-mir-in-den-Morgen-1200x1200.jpeg 1200w, https:\/\/bergers-schlagerparadies.de\/wp-content\/uploads\/2025\/10\/Danny-Buller-Tanze-mit-mir-in-den-Morgen-1188x1188.jpeg 1188w, https:\/\/bergers-schlagerparadies.de\/wp-content\/uploads\/2025\/10\/Danny-Buller-Tanze-mit-mir-in-den-Morgen-100x100.jpeg 100w\" sizes=\"auto, (max-width: 300px) 100vw, 300px\" \/>\u00abDanny Buller\u00bb l\u00e4sst mit seiner neuen Single, eine der sch\u00f6nsten Melodien der 60er Jahre im neuen, modernen Gewand erstrahlen:<br \/>\nTanze mit mir in den Morgen\u2026<\/p>\n<p>Nostalgie und sch\u00f6ne Harmonien treffen hier auf zeitgem\u00e4\u00dfe Produktion, klassische Melodieb\u00f6gen verbinden sich mit modernen Sounds \u2013<br \/>\nohne den urspr\u00fcnglichen Zauber zu verlieren.<\/p>\n<p>Mit seiner neuen Single l\u00e4dt \u00abDanny Buller\u00bb ein, f\u00fcr einen Augenblick innezuhalten, zu l\u00e4cheln und sich von der Melodie tragen zu lassen \u2013<br \/>\nganz so, wie es damals war.<\/p>\n<p>Mit \u00abTanze mit mir in den Morgen\u00bb zeigt \u00abDanny Buller\u00bb, dass echte Melodien nie alt werden \u2013 sie ver\u00e4ndern nur ihr Kleid.<\/p>\n<p><span style=\"color: #800000;\"><strong>Quelle: B-exstage Music<\/strong><\/span><\/p>\n<p><span style=\"color: #800000;\"><strong>Dieser Song ist ab dem 24.10.2025 auf allen Download- und Streaming-Portalen erh\u00e4ltlich.\u00a0<\/strong><\/span><\/p>\n<p><span style=\"color: #800000;\"><strong>Airdate (f\u00fcr Radiosender): 24.10.2025<\/strong><\/span><\/p>\n","protected":false},"excerpt":{"rendered":"<p>\u00abDanny Buller\u00bb l\u00e4sst mit seiner neuen Single, eine der sch\u00f6nsten Melodien der 60er Jahre im neuen, modernen Gewand erstrahlen: Tanze mit mir in den Morgen\u2026 Nostalgie und sch\u00f6ne Harmonien treffen hier auf zeitgem\u00e4\u00dfe Produktion, klassische Melodieb\u00f6gen verbinden sich mit modernen Sounds \u2013 ohne den urspr\u00fcnglichen Zauber zu verlieren. Mit seiner neuen Single l\u00e4dt \u00abDanny Buller\u00bb ein, f\u00fcr einen Augenblick innezuhalten, zu l\u00e4cheln und sich von der Melodie tragen zu lassen \u2013 ganz so, wie es damals war. Mit \u00abTanze mit mir in den Morgen\u00bb zeigt \u00abDanny Buller\u00bb, dass echte Melodien nie alt werden \u2013 sie ver\u00e4ndern nur ihr Kleid. Quelle: B-exstage Music Dieser Song ist&#8230;<\/p>\n","protected":false},"author":1,"featured_media":39257,"comment_status":"open","ping_status":"open","sticky":false,"template":"","format":"standard","meta":{"footnotes":""},"categories":[3299,3231,2],"tags":[91],"class_list":["post-39256","post","type-post","status-publish","format-standard","has-post-thumbnail","hentry","category-b-exstage-music","category-bergers-schlagerparadies","category-schlager","tag-danny-buller","wpcat-3299-id","wpcat-3231-id","wpcat-2-id"],"_links":{"self":[{"href":"https:\/\/bergers-schlagerparadies.de\/index.php?rest_route=\/wp\/v2\/posts\/39256","targetHints":{"allow":["GET"]}}],"collection":[{"href":"https:\/\/bergers-schlagerparadies.de\/index.php?rest_route=\/wp\/v2\/posts"}],"about":[{"href":"https:\/\/bergers-schlagerparadies.de\/index.php?rest_route=\/wp\/v2\/types\/post"}],"author":[{"embeddable":true,"href":"https:\/\/bergers-schlagerparadies.de\/index.php?rest_route=\/wp\/v2\/users\/1"}],"replies":[{"embeddable":true,"href":"https:\/\/bergers-schlagerparadies.de\/index.php?rest_route=%2Fwp%2Fv2%2Fcomments&post=39256"}],"version-history":[{"count":1,"href":"https:\/\/bergers-schlagerparadies.de\/index.php?rest_route=\/wp\/v2\/posts\/39256\/revisions"}],"predecessor-version":[{"id":39258,"href":"https:\/\/bergers-schlagerparadies.de\/index.php?rest_route=\/wp\/v2\/posts\/39256\/revisions\/39258"}],"wp:featuredmedia":[{"embeddable":true,"href":"https:\/\/bergers-schlagerparadies.de\/index.php?rest_route=\/wp\/v2\/media\/39257"}],"wp:attachment":[{"href":"https:\/\/bergers-schlagerparadies.de\/index.php?rest_route=%2Fwp%2Fv2%2Fmedia&parent=39256"}],"wp:term":[{"taxonomy":"category","embeddable":true,"href":"https:\/\/bergers-schlagerparadies.de\/index.php?rest_route=%2Fwp%2Fv2%2Fcategories&post=39256"},{"taxonomy":"post_tag","embeddable":true,"href":"https:\/\/bergers-schlagerparadies.de\/index.php?rest_route=%2Fwp%2Fv2%2Ftags&post=39256"}],"curies":[{"name":"wp","href":"https:\/\/api.w.org\/{rel}","templated":true}]}}