{"id":39249,"date":"2025-10-24T01:41:33","date_gmt":"2025-10-23T23:41:33","guid":{"rendered":"https:\/\/bergers-schlagerparadies.de\/?p=39249"},"modified":"2025-10-24T01:41:33","modified_gmt":"2025-10-23T23:41:33","slug":"anna-maria-zivkov-forever-album-%c2%b7-bergers-schlagerparadies","status":"publish","type":"post","link":"https:\/\/bergers-schlagerparadies.de\/?p=39249","title":{"rendered":"Anna-Maria Zivkov &#8211; Forever (Album) \u00b7 Berger\u00b4s Schlagerparadies"},"content":{"rendered":"<p><img loading=\"lazy\" decoding=\"async\" class=\"size-medium wp-image-39250 alignleft\" src=\"https:\/\/bergers-schlagerparadies.de\/wp-content\/uploads\/2025\/10\/Anna-Maria-Zivkov-Forever-300x300.jpg\" alt=\"\" width=\"300\" height=\"300\" srcset=\"https:\/\/bergers-schlagerparadies.de\/wp-content\/uploads\/2025\/10\/Anna-Maria-Zivkov-Forever-300x300.jpg 300w, https:\/\/bergers-schlagerparadies.de\/wp-content\/uploads\/2025\/10\/Anna-Maria-Zivkov-Forever-150x150.jpg 150w, https:\/\/bergers-schlagerparadies.de\/wp-content\/uploads\/2025\/10\/Anna-Maria-Zivkov-Forever-100x100.jpg 100w, https:\/\/bergers-schlagerparadies.de\/wp-content\/uploads\/2025\/10\/Anna-Maria-Zivkov-Forever.jpg 400w\" sizes=\"auto, (max-width: 300px) 100vw, 300px\" \/>Seit \u00fcber 30 Jahren begeistert Uta Bresan mit ihrer sympathischen Art Millionen am Fernsehbildschirm. Am 26.09. 25 ver\u00f6ffentlichte Uta Bresan ihr neues Album \u201eGef\u00fchle voraus\u201c.<br \/>\nAus diesem abwechslungsreichen Album wird nun der Titel \u201c Das kleine Caf\u00e9\u201c der n\u00e4chste Schwerpunkt.<br \/>\nBei einer Reise nach \u00d6sterreich entstand die Idee zu \u201eDas kleine Caf\u00e9\u201c und Uta Bresan beweist einmal mehr, dass \u00fcberall und zu jeder Zeit wunderbare Titel entstehen k\u00f6nnen: \u201eWir haben in Wien ein altes Kaffeehaus besucht, in dem es aussieht, wie vor 80 Jahren, als es er\u00f6\ufb00net wurde. Es ist nach wie vor in Familienbesitz. Nichts wurde ver\u00e4ndert &#8211; nur die Menschen haben sich ge\u00e4ndert. Es steckt voller Geschichten und Erinnerungen und t\u00e4glich kommen neue dazu. Ein absoluter Wohlf\u00fchlort, an dem die Zeit ein wenig stehengeblieben ist.\u201c<br \/>\nEinf\u00fchlsam und mit einer besonderen W\u00e4rme erz\u00e4hlt Uta Bresan hier diese Geschichte. Auch dieser tolle Songs wurde wieder von Hitschreiber Andr\u00e9 Stade komponiert und produziert.<br \/>\nDie Single Das kleine Caf\u00e9\u201c wird am 31.10. Promoschwerpunkt.<\/p>\n<p><span style=\"color: #800000;\"><strong>Quelle: Telamo<\/strong><\/span><\/p>\n<p><span style=\"color: #800000;\"><strong>Dieses Album ist ab dem 24.10.2025 auf allen Download- und Streaming-Portalen erh\u00e4ltlich.\u00a0<\/strong><\/span><\/p>\n<p><span style=\"color: #800000;\"><strong>Airdate (f\u00fcr Radiosender): 24.10.2025<\/strong><\/span><\/p>\n","protected":false},"excerpt":{"rendered":"<p>Seit \u00fcber 30 Jahren begeistert Uta Bresan mit ihrer sympathischen Art Millionen am Fernsehbildschirm. Am 26.09. 25 ver\u00f6ffentlichte Uta Bresan ihr neues Album \u201eGef\u00fchle voraus\u201c. Aus diesem abwechslungsreichen Album wird nun der Titel \u201c Das kleine Caf\u00e9\u201c der n\u00e4chste Schwerpunkt. Bei einer Reise nach \u00d6sterreich entstand die Idee zu \u201eDas kleine Caf\u00e9\u201c und Uta Bresan beweist einmal mehr, dass \u00fcberall und zu jeder Zeit wunderbare Titel entstehen k\u00f6nnen: \u201eWir haben in Wien ein altes Kaffeehaus besucht, in dem es aussieht, wie vor 80 Jahren, als es er\u00f6\ufb00net wurde. Es ist nach wie vor in Familienbesitz. Nichts wurde ver\u00e4ndert &#8211; nur die Menschen haben sich ge\u00e4ndert&#8230;.<\/p>\n","protected":false},"author":1,"featured_media":39250,"comment_status":"open","ping_status":"open","sticky":false,"template":"","format":"standard","meta":{"footnotes":""},"categories":[3257,3231,2,3239],"tags":[2460],"class_list":["post-39249","post","type-post","status-publish","format-standard","has-post-thumbnail","hentry","category-album","category-bergers-schlagerparadies","category-schlager","category-telamo","tag-anna-maria-zivkov","wpcat-3257-id","wpcat-3231-id","wpcat-2-id","wpcat-3239-id"],"_links":{"self":[{"href":"https:\/\/bergers-schlagerparadies.de\/index.php?rest_route=\/wp\/v2\/posts\/39249","targetHints":{"allow":["GET"]}}],"collection":[{"href":"https:\/\/bergers-schlagerparadies.de\/index.php?rest_route=\/wp\/v2\/posts"}],"about":[{"href":"https:\/\/bergers-schlagerparadies.de\/index.php?rest_route=\/wp\/v2\/types\/post"}],"author":[{"embeddable":true,"href":"https:\/\/bergers-schlagerparadies.de\/index.php?rest_route=\/wp\/v2\/users\/1"}],"replies":[{"embeddable":true,"href":"https:\/\/bergers-schlagerparadies.de\/index.php?rest_route=%2Fwp%2Fv2%2Fcomments&post=39249"}],"version-history":[{"count":1,"href":"https:\/\/bergers-schlagerparadies.de\/index.php?rest_route=\/wp\/v2\/posts\/39249\/revisions"}],"predecessor-version":[{"id":39251,"href":"https:\/\/bergers-schlagerparadies.de\/index.php?rest_route=\/wp\/v2\/posts\/39249\/revisions\/39251"}],"wp:featuredmedia":[{"embeddable":true,"href":"https:\/\/bergers-schlagerparadies.de\/index.php?rest_route=\/wp\/v2\/media\/39250"}],"wp:attachment":[{"href":"https:\/\/bergers-schlagerparadies.de\/index.php?rest_route=%2Fwp%2Fv2%2Fmedia&parent=39249"}],"wp:term":[{"taxonomy":"category","embeddable":true,"href":"https:\/\/bergers-schlagerparadies.de\/index.php?rest_route=%2Fwp%2Fv2%2Fcategories&post=39249"},{"taxonomy":"post_tag","embeddable":true,"href":"https:\/\/bergers-schlagerparadies.de\/index.php?rest_route=%2Fwp%2Fv2%2Ftags&post=39249"}],"curies":[{"name":"wp","href":"https:\/\/api.w.org\/{rel}","templated":true}]}}