{"id":39246,"date":"2025-10-24T01:31:22","date_gmt":"2025-10-23T23:31:22","guid":{"rendered":"https:\/\/bergers-schlagerparadies.de\/?p=39246"},"modified":"2025-10-24T01:31:22","modified_gmt":"2025-10-23T23:31:22","slug":"alexander-pahlke-ich-liebe-dich-von-ganzem-herzen-%c2%b7-bergers-schlagerparadies","status":"publish","type":"post","link":"https:\/\/bergers-schlagerparadies.de\/?p=39246","title":{"rendered":"Alexander Pahlke &#8211; Ich liebe dich von ganzem Herzen \u00b7 Berger\u00b4s Schlagerparadies"},"content":{"rendered":"<p><img loading=\"lazy\" decoding=\"async\" class=\"size-medium wp-image-39247 alignleft\" src=\"https:\/\/bergers-schlagerparadies.de\/wp-content\/uploads\/2025\/10\/Alexander-Pahlke-Ich-liebe-dich-von-ganzem-Herzen-300x300.jpeg\" alt=\"\" width=\"300\" height=\"300\" srcset=\"https:\/\/bergers-schlagerparadies.de\/wp-content\/uploads\/2025\/10\/Alexander-Pahlke-Ich-liebe-dich-von-ganzem-Herzen-300x300.jpeg 300w, https:\/\/bergers-schlagerparadies.de\/wp-content\/uploads\/2025\/10\/Alexander-Pahlke-Ich-liebe-dich-von-ganzem-Herzen-1024x1024.jpeg 1024w, https:\/\/bergers-schlagerparadies.de\/wp-content\/uploads\/2025\/10\/Alexander-Pahlke-Ich-liebe-dich-von-ganzem-Herzen-150x150.jpeg 150w, https:\/\/bergers-schlagerparadies.de\/wp-content\/uploads\/2025\/10\/Alexander-Pahlke-Ich-liebe-dich-von-ganzem-Herzen-768x768.jpeg 768w, https:\/\/bergers-schlagerparadies.de\/wp-content\/uploads\/2025\/10\/Alexander-Pahlke-Ich-liebe-dich-von-ganzem-Herzen-1536x1536.jpeg 1536w, https:\/\/bergers-schlagerparadies.de\/wp-content\/uploads\/2025\/10\/Alexander-Pahlke-Ich-liebe-dich-von-ganzem-Herzen-2048x2048.jpeg 2048w, https:\/\/bergers-schlagerparadies.de\/wp-content\/uploads\/2025\/10\/Alexander-Pahlke-Ich-liebe-dich-von-ganzem-Herzen-1200x1200.jpeg 1200w, https:\/\/bergers-schlagerparadies.de\/wp-content\/uploads\/2025\/10\/Alexander-Pahlke-Ich-liebe-dich-von-ganzem-Herzen-1188x1188.jpeg 1188w, https:\/\/bergers-schlagerparadies.de\/wp-content\/uploads\/2025\/10\/Alexander-Pahlke-Ich-liebe-dich-von-ganzem-Herzen-100x100.jpeg 100w\" sizes=\"auto, (max-width: 300px) 100vw, 300px\" \/>Flei\u00df und Leidenschaft \u2013 daf\u00fcr sind die Schwaben ja bekannt! Und Alexander Pahlke, der sympathische Baden-W\u00fcrttemberger, macht seiner Herkunft alle Ehre. Mit Herzblut und Konsequenz arbeitet er an seiner musikalischen Karriere und pr\u00e4sentiert mit \u201eIch liebe dich von ganzem Herzen\u201c bereits seine dritte Single in diesem Jahr \u2013 ein echter Schlager zum Mitsingen, Mittanzen und Mitf\u00fchlen!<br \/>\nDer erfahrene Radiojournalist, DJ und Moderator verfolgt seinen Traum, auch als Schlagers\u00e4nger durchzustarten, mit beeindruckender Hingabe. Auch diesmal konnte Alexander seine kreativen Ideen f\u00fcr Text und Komposition vollumf\u00e4nglich einbringen. Unterst\u00fctzt wurde er dabei erneut vom bew\u00e4hrten Erfolgs-Team Willy Kl\u00fcter, Manfred Hochholzer und Susan Ebrahimi.<br \/>\nInhaltlich erz\u00e4hlt der Titel von einer Liebe, die tief, ehrlich und voller Vertrauen ist \u2013 ein Gef\u00fchl von Geborgenheit, Freiheit und Leichtigkeit, das stark genug ist, um zwei Menschen f\u00fcr immer zu verbinden.<br \/>\nDas dazugeh\u00f6rige Musikvideo, gedreht im franz\u00f6sischen Metz, f\u00e4ngt diese warme Stimmung perfekt ein: Alexander strahlt dort mit der herbstlichen Sonne um die Wette \u2013 charmant, authentisch und voller Lebensfreude.<br \/>\nSeine Fans werden garantiert dazu sagen: \u201eIch liebe dich von ganzem Herzen\u201c!<\/p>\n<p><span style=\"color: #800000;\"><strong>Quelle: Polyrola<\/strong><\/span><\/p>\n<p><span style=\"color: #800000;\"><strong>Dieser Song ist ab dem 24.10.2025 auf allen Download- und Streaming-Portalen erh\u00e4ltlich.\u00a0<\/strong><\/span><\/p>\n<p><span style=\"color: #800000;\"><strong>Airdate (f\u00fcr Radiosender): 24.10.2025<\/strong><\/span><\/p>\n","protected":false},"excerpt":{"rendered":"<p>Flei\u00df und Leidenschaft \u2013 daf\u00fcr sind die Schwaben ja bekannt! Und Alexander Pahlke, der sympathische Baden-W\u00fcrttemberger, macht seiner Herkunft alle Ehre. Mit Herzblut und Konsequenz arbeitet er an seiner musikalischen Karriere und pr\u00e4sentiert mit \u201eIch liebe dich von ganzem Herzen\u201c bereits seine dritte Single in diesem Jahr \u2013 ein echter Schlager zum Mitsingen, Mittanzen und Mitf\u00fchlen! Der erfahrene Radiojournalist, DJ und Moderator verfolgt seinen Traum, auch als Schlagers\u00e4nger durchzustarten, mit beeindruckender Hingabe. Auch diesmal konnte Alexander seine kreativen Ideen f\u00fcr Text und Komposition vollumf\u00e4nglich einbringen. Unterst\u00fctzt wurde er dabei erneut vom bew\u00e4hrten Erfolgs-Team Willy Kl\u00fcter, Manfred Hochholzer und Susan Ebrahimi. Inhaltlich erz\u00e4hlt der Titel von&#8230;<\/p>\n","protected":false},"author":1,"featured_media":39247,"comment_status":"open","ping_status":"open","sticky":false,"template":"","format":"standard","meta":{"footnotes":""},"categories":[3231,3255,3264],"tags":[3740],"class_list":["post-39246","post","type-post","status-publish","format-standard","has-post-thumbnail","hentry","category-bergers-schlagerparadies","category-deutsch","category-deutsch-pop","tag-alexander-pahlke","wpcat-3231-id","wpcat-3255-id","wpcat-3264-id"],"_links":{"self":[{"href":"https:\/\/bergers-schlagerparadies.de\/index.php?rest_route=\/wp\/v2\/posts\/39246","targetHints":{"allow":["GET"]}}],"collection":[{"href":"https:\/\/bergers-schlagerparadies.de\/index.php?rest_route=\/wp\/v2\/posts"}],"about":[{"href":"https:\/\/bergers-schlagerparadies.de\/index.php?rest_route=\/wp\/v2\/types\/post"}],"author":[{"embeddable":true,"href":"https:\/\/bergers-schlagerparadies.de\/index.php?rest_route=\/wp\/v2\/users\/1"}],"replies":[{"embeddable":true,"href":"https:\/\/bergers-schlagerparadies.de\/index.php?rest_route=%2Fwp%2Fv2%2Fcomments&post=39246"}],"version-history":[{"count":1,"href":"https:\/\/bergers-schlagerparadies.de\/index.php?rest_route=\/wp\/v2\/posts\/39246\/revisions"}],"predecessor-version":[{"id":39248,"href":"https:\/\/bergers-schlagerparadies.de\/index.php?rest_route=\/wp\/v2\/posts\/39246\/revisions\/39248"}],"wp:featuredmedia":[{"embeddable":true,"href":"https:\/\/bergers-schlagerparadies.de\/index.php?rest_route=\/wp\/v2\/media\/39247"}],"wp:attachment":[{"href":"https:\/\/bergers-schlagerparadies.de\/index.php?rest_route=%2Fwp%2Fv2%2Fmedia&parent=39246"}],"wp:term":[{"taxonomy":"category","embeddable":true,"href":"https:\/\/bergers-schlagerparadies.de\/index.php?rest_route=%2Fwp%2Fv2%2Fcategories&post=39246"},{"taxonomy":"post_tag","embeddable":true,"href":"https:\/\/bergers-schlagerparadies.de\/index.php?rest_route=%2Fwp%2Fv2%2Ftags&post=39246"}],"curies":[{"name":"wp","href":"https:\/\/api.w.org\/{rel}","templated":true}]}}