{"id":39184,"date":"2025-11-10T10:30:03","date_gmt":"2025-11-10T09:30:03","guid":{"rendered":"https:\/\/bergers-schlagerparadies.de\/?p=39184"},"modified":"2025-10-22T21:35:33","modified_gmt":"2025-10-22T19:35:33","slug":"phil-schaller-emily-maurer-weck-mich-nicht-auf-%c2%b7-bergers-schlagerparadies","status":"publish","type":"post","link":"https:\/\/bergers-schlagerparadies.de\/?p=39184","title":{"rendered":"Phil Schaller, Emily Maurer &#8211; Weck mich nicht auf \u00b7 Berger\u00b4s Schlagerparadies"},"content":{"rendered":"<p><img loading=\"lazy\" decoding=\"async\" class=\"size-medium wp-image-39185 alignleft\" src=\"https:\/\/bergers-schlagerparadies.de\/wp-content\/uploads\/2025\/10\/Phil-Schaller-Emily-Maurer-Weck-mich-nicht-auf-300x300.jpeg\" alt=\"\" width=\"300\" height=\"300\" srcset=\"https:\/\/bergers-schlagerparadies.de\/wp-content\/uploads\/2025\/10\/Phil-Schaller-Emily-Maurer-Weck-mich-nicht-auf-300x300.jpeg 300w, https:\/\/bergers-schlagerparadies.de\/wp-content\/uploads\/2025\/10\/Phil-Schaller-Emily-Maurer-Weck-mich-nicht-auf-1024x1024.jpeg 1024w, https:\/\/bergers-schlagerparadies.de\/wp-content\/uploads\/2025\/10\/Phil-Schaller-Emily-Maurer-Weck-mich-nicht-auf-150x150.jpeg 150w, https:\/\/bergers-schlagerparadies.de\/wp-content\/uploads\/2025\/10\/Phil-Schaller-Emily-Maurer-Weck-mich-nicht-auf-768x768.jpeg 768w, https:\/\/bergers-schlagerparadies.de\/wp-content\/uploads\/2025\/10\/Phil-Schaller-Emily-Maurer-Weck-mich-nicht-auf-1536x1536.jpeg 1536w, https:\/\/bergers-schlagerparadies.de\/wp-content\/uploads\/2025\/10\/Phil-Schaller-Emily-Maurer-Weck-mich-nicht-auf-2048x2048.jpeg 2048w, https:\/\/bergers-schlagerparadies.de\/wp-content\/uploads\/2025\/10\/Phil-Schaller-Emily-Maurer-Weck-mich-nicht-auf-1200x1200.jpeg 1200w, https:\/\/bergers-schlagerparadies.de\/wp-content\/uploads\/2025\/10\/Phil-Schaller-Emily-Maurer-Weck-mich-nicht-auf-1188x1188.jpeg 1188w, https:\/\/bergers-schlagerparadies.de\/wp-content\/uploads\/2025\/10\/Phil-Schaller-Emily-Maurer-Weck-mich-nicht-auf-100x100.jpeg 100w\" sizes=\"auto, (max-width: 300px) 100vw, 300px\" \/>Weck mich nicht auf\u201c von Phil Schaller &amp; Emily Maurer erz\u00e4hlt von diesem Gef\u00fchl, wenn man nach Jahren immer noch Schmetterlinge im Bauch hat, sobald man sich sieht. Es geht um echte N\u00e4he, Vertrauen und darum, dass sich Liebe einfach richtig anf\u00fchlen kann \u2013 so richtig, dass man gar nicht will, dass es aufh\u00f6rt. Ein ehrlicher, moderner Popsong \u00fcber Liebe, die bleibt\u2026 und \u00fcber das kleine innere Kind, das dabei endlich zur Ruhe kommt. Wenn das ein Traum ist \u2013 bitte weck uns nicht auf.<\/p>\n<p>&nbsp;<\/p>\n<p>&nbsp;<\/p>\n<p>&nbsp;<\/p>\n<p><span style=\"color: #800000;\"><strong>Quelle: Phil Schaller<\/strong><\/span><\/p>\n<p><span style=\"color: #800000;\"><strong>Dieser Song ist ab dem 14.11.2025 auf allen Download- und Streaming-Portalen erh\u00e4ltlich.\u00a0<\/strong><\/span><\/p>\n<p><span style=\"color: #800000;\"><strong>Airdate (f\u00fcr Radiosender): 14.11.2025<\/strong><\/span><\/p>\n","protected":false},"excerpt":{"rendered":"<p>Weck mich nicht auf\u201c von Phil Schaller &amp; Emily Maurer erz\u00e4hlt von diesem Gef\u00fchl, wenn man nach Jahren immer noch Schmetterlinge im Bauch hat, sobald man sich sieht. Es geht um echte N\u00e4he, Vertrauen und darum, dass sich Liebe einfach richtig anf\u00fchlen kann \u2013 so richtig, dass man gar nicht will, dass es aufh\u00f6rt. Ein ehrlicher, moderner Popsong \u00fcber Liebe, die bleibt\u2026 und \u00fcber das kleine innere Kind, das dabei endlich zur Ruhe kommt. Wenn das ein Traum ist \u2013 bitte weck uns nicht auf. &nbsp; &nbsp; &nbsp; Quelle: Phil Schaller Dieser Song ist ab dem 14.11.2025 auf allen Download- und Streaming-Portalen erh\u00e4ltlich.\u00a0 Airdate (f\u00fcr&#8230;<\/p>\n","protected":false},"author":1,"featured_media":39185,"comment_status":"open","ping_status":"open","sticky":false,"template":"","format":"standard","meta":{"footnotes":""},"categories":[3231,3842,3298],"tags":[4363,1516],"class_list":["post-39184","post","type-post","status-publish","format-standard","has-post-thumbnail","hentry","category-bergers-schlagerparadies","category-independent","category-pop-deutschsprachig","tag-emily-maurer","tag-phil-schaller","wpcat-3231-id","wpcat-3842-id","wpcat-3298-id"],"_links":{"self":[{"href":"https:\/\/bergers-schlagerparadies.de\/index.php?rest_route=\/wp\/v2\/posts\/39184","targetHints":{"allow":["GET"]}}],"collection":[{"href":"https:\/\/bergers-schlagerparadies.de\/index.php?rest_route=\/wp\/v2\/posts"}],"about":[{"href":"https:\/\/bergers-schlagerparadies.de\/index.php?rest_route=\/wp\/v2\/types\/post"}],"author":[{"embeddable":true,"href":"https:\/\/bergers-schlagerparadies.de\/index.php?rest_route=\/wp\/v2\/users\/1"}],"replies":[{"embeddable":true,"href":"https:\/\/bergers-schlagerparadies.de\/index.php?rest_route=%2Fwp%2Fv2%2Fcomments&post=39184"}],"version-history":[{"count":1,"href":"https:\/\/bergers-schlagerparadies.de\/index.php?rest_route=\/wp\/v2\/posts\/39184\/revisions"}],"predecessor-version":[{"id":39186,"href":"https:\/\/bergers-schlagerparadies.de\/index.php?rest_route=\/wp\/v2\/posts\/39184\/revisions\/39186"}],"wp:featuredmedia":[{"embeddable":true,"href":"https:\/\/bergers-schlagerparadies.de\/index.php?rest_route=\/wp\/v2\/media\/39185"}],"wp:attachment":[{"href":"https:\/\/bergers-schlagerparadies.de\/index.php?rest_route=%2Fwp%2Fv2%2Fmedia&parent=39184"}],"wp:term":[{"taxonomy":"category","embeddable":true,"href":"https:\/\/bergers-schlagerparadies.de\/index.php?rest_route=%2Fwp%2Fv2%2Fcategories&post=39184"},{"taxonomy":"post_tag","embeddable":true,"href":"https:\/\/bergers-schlagerparadies.de\/index.php?rest_route=%2Fwp%2Fv2%2Ftags&post=39184"}],"curies":[{"name":"wp","href":"https:\/\/api.w.org\/{rel}","templated":true}]}}