{"id":39099,"date":"2025-10-17T01:49:17","date_gmt":"2025-10-16T23:49:17","guid":{"rendered":"https:\/\/bergers-schlagerparadies.de\/?p=39099"},"modified":"2025-10-17T01:49:17","modified_gmt":"2025-10-16T23:49:17","slug":"sabrina-sauder-liebe-ist-radio-edit-%c2%b7-bergers-schlagerparadies","status":"publish","type":"post","link":"https:\/\/bergers-schlagerparadies.de\/?p=39099","title":{"rendered":"Sabrina Sauder &#8211; Liebe ist&#8230; (Radio Edit) \u00b7 Berger\u00b4s Schlagerparadies"},"content":{"rendered":"<p><img loading=\"lazy\" decoding=\"async\" class=\"size-medium wp-image-39100 alignleft\" src=\"https:\/\/bergers-schlagerparadies.de\/wp-content\/uploads\/2025\/10\/Sabrina-Sauder-Liebe-ist.-Radio-Edit-300x300.jpeg\" alt=\"\" width=\"300\" height=\"300\" srcset=\"https:\/\/bergers-schlagerparadies.de\/wp-content\/uploads\/2025\/10\/Sabrina-Sauder-Liebe-ist.-Radio-Edit-300x300.jpeg 300w, https:\/\/bergers-schlagerparadies.de\/wp-content\/uploads\/2025\/10\/Sabrina-Sauder-Liebe-ist.-Radio-Edit-1024x1024.jpeg 1024w, https:\/\/bergers-schlagerparadies.de\/wp-content\/uploads\/2025\/10\/Sabrina-Sauder-Liebe-ist.-Radio-Edit-150x150.jpeg 150w, https:\/\/bergers-schlagerparadies.de\/wp-content\/uploads\/2025\/10\/Sabrina-Sauder-Liebe-ist.-Radio-Edit-768x768.jpeg 768w, https:\/\/bergers-schlagerparadies.de\/wp-content\/uploads\/2025\/10\/Sabrina-Sauder-Liebe-ist.-Radio-Edit-1536x1536.jpeg 1536w, https:\/\/bergers-schlagerparadies.de\/wp-content\/uploads\/2025\/10\/Sabrina-Sauder-Liebe-ist.-Radio-Edit-2048x2048.jpeg 2048w, https:\/\/bergers-schlagerparadies.de\/wp-content\/uploads\/2025\/10\/Sabrina-Sauder-Liebe-ist.-Radio-Edit-1200x1200.jpeg 1200w, https:\/\/bergers-schlagerparadies.de\/wp-content\/uploads\/2025\/10\/Sabrina-Sauder-Liebe-ist.-Radio-Edit-1188x1188.jpeg 1188w, https:\/\/bergers-schlagerparadies.de\/wp-content\/uploads\/2025\/10\/Sabrina-Sauder-Liebe-ist.-Radio-Edit-100x100.jpeg 100w\" sizes=\"auto, (max-width: 300px) 100vw, 300px\" \/>Nach dem beachtlichen Erfolg der letzten Radiosingle \u00abDas bin ich\u00bb bringt \u00abSabrina Sauder\u00bb erneut einen Meilenstein des Pop-Schlagers<br \/>\nauf den Markt.<\/p>\n<p>Wer \u00abSabrina Sauder\u00bb kennt, weiss, dass sie gerne \u00fcber ihre Grenzen hinausw\u00e4chst, und auch dieses Mal ist das der Teilnehmerin<br \/>\nvon \u00abThe Voice of Germany 2023\u00bb grandios gelungen.<\/p>\n<p>Mit der neuen Radiosingle \u00abLiebe ist\u00bb zeigt sich \u00abSabrina Sauder\u00bb von ihrer st\u00e4rksten Seite.<\/p>\n<p>Funkig, modern, gro\u00df, zeitgem\u00e4\u00df und groovig kommt die neue Single in einem grandiosen Soundkleid daher und sorgt mit der<br \/>\ngro\u00dfartigen Stimme von \u00abSabrina Sauder\u00bb f\u00fcr den absoluten WOW-Effekt. Nat\u00fcrlich ist auch die neue Fl\u00f6te von Sabrina wieder zu h\u00f6ren.<\/p>\n<p>Die neue Single \u00abLiebe ist\u2026\u00bb, welche die S\u00e4ngerin &amp; Popfl\u00f6tistin \u00abSabrina Sauder\u00bb wieder gemeinsam mit ihrem Produzenten Charly Bereiter geschrieben hat, erf\u00fcllt alles, was es zum absoluten Power-Hit braucht.<\/p>\n<p><span style=\"color: #800000;\"><strong>Quelle: B-exstage Music<\/strong><\/span><\/p>\n<p><span style=\"color: #800000;\"><strong>Dieser Song ist ab dem 17.11.2025 auf allen Download- und Streaming-Portalen erh\u00e4ltlich.\u00a0<\/strong><\/span><\/p>\n<p><span style=\"color: #800000;\"><strong>Airdate (f\u00fcr Radiosender): 17.10.2025<\/strong><\/span><\/p>\n","protected":false},"excerpt":{"rendered":"<p>Nach dem beachtlichen Erfolg der letzten Radiosingle \u00abDas bin ich\u00bb bringt \u00abSabrina Sauder\u00bb erneut einen Meilenstein des Pop-Schlagers auf den Markt. Wer \u00abSabrina Sauder\u00bb kennt, weiss, dass sie gerne \u00fcber ihre Grenzen hinausw\u00e4chst, und auch dieses Mal ist das der Teilnehmerin von \u00abThe Voice of Germany 2023\u00bb grandios gelungen. Mit der neuen Radiosingle \u00abLiebe ist\u00bb zeigt sich \u00abSabrina Sauder\u00bb von ihrer st\u00e4rksten Seite. Funkig, modern, gro\u00df, zeitgem\u00e4\u00df und groovig kommt die neue Single in einem grandiosen Soundkleid daher und sorgt mit der gro\u00dfartigen Stimme von \u00abSabrina Sauder\u00bb f\u00fcr den absoluten WOW-Effekt. Nat\u00fcrlich ist auch die neue Fl\u00f6te von Sabrina wieder zu h\u00f6ren. Die neue Single&#8230;<\/p>\n","protected":false},"author":1,"featured_media":39100,"comment_status":"open","ping_status":"open","sticky":false,"template":"","format":"standard","meta":{"footnotes":""},"categories":[3299,3231,3255,3264,2],"tags":[3580],"class_list":["post-39099","post","type-post","status-publish","format-standard","has-post-thumbnail","hentry","category-b-exstage-music","category-bergers-schlagerparadies","category-deutsch","category-deutsch-pop","category-schlager","tag-sabrina-sauder","wpcat-3299-id","wpcat-3231-id","wpcat-3255-id","wpcat-3264-id","wpcat-2-id"],"_links":{"self":[{"href":"https:\/\/bergers-schlagerparadies.de\/index.php?rest_route=\/wp\/v2\/posts\/39099","targetHints":{"allow":["GET"]}}],"collection":[{"href":"https:\/\/bergers-schlagerparadies.de\/index.php?rest_route=\/wp\/v2\/posts"}],"about":[{"href":"https:\/\/bergers-schlagerparadies.de\/index.php?rest_route=\/wp\/v2\/types\/post"}],"author":[{"embeddable":true,"href":"https:\/\/bergers-schlagerparadies.de\/index.php?rest_route=\/wp\/v2\/users\/1"}],"replies":[{"embeddable":true,"href":"https:\/\/bergers-schlagerparadies.de\/index.php?rest_route=%2Fwp%2Fv2%2Fcomments&post=39099"}],"version-history":[{"count":1,"href":"https:\/\/bergers-schlagerparadies.de\/index.php?rest_route=\/wp\/v2\/posts\/39099\/revisions"}],"predecessor-version":[{"id":39101,"href":"https:\/\/bergers-schlagerparadies.de\/index.php?rest_route=\/wp\/v2\/posts\/39099\/revisions\/39101"}],"wp:featuredmedia":[{"embeddable":true,"href":"https:\/\/bergers-schlagerparadies.de\/index.php?rest_route=\/wp\/v2\/media\/39100"}],"wp:attachment":[{"href":"https:\/\/bergers-schlagerparadies.de\/index.php?rest_route=%2Fwp%2Fv2%2Fmedia&parent=39099"}],"wp:term":[{"taxonomy":"category","embeddable":true,"href":"https:\/\/bergers-schlagerparadies.de\/index.php?rest_route=%2Fwp%2Fv2%2Fcategories&post=39099"},{"taxonomy":"post_tag","embeddable":true,"href":"https:\/\/bergers-schlagerparadies.de\/index.php?rest_route=%2Fwp%2Fv2%2Ftags&post=39099"}],"curies":[{"name":"wp","href":"https:\/\/api.w.org\/{rel}","templated":true}]}}