{"id":39061,"date":"2025-10-20T10:30:25","date_gmt":"2025-10-20T08:30:25","guid":{"rendered":"https:\/\/bergers-schlagerparadies.de\/?p=39061"},"modified":"2025-10-22T21:56:24","modified_gmt":"2025-10-22T19:56:24","slug":"arno-verano-leb-deinen-traum-radio-edit-%c2%b7-bergers-schlagerparadies","status":"publish","type":"post","link":"https:\/\/bergers-schlagerparadies.de\/?p=39061","title":{"rendered":"Arno Verano &#8211; Leb deinen Traum (Radio Edit) \u00b7 Berger\u00b4s Schlagerparadies"},"content":{"rendered":"<p><img loading=\"lazy\" decoding=\"async\" class=\"size-medium wp-image-39062 alignleft\" src=\"https:\/\/bergers-schlagerparadies.de\/wp-content\/uploads\/2025\/10\/Arno-Verano-Leb-deinen-Traum-Radio-Edit-300x300.jpeg\" alt=\"\" width=\"300\" height=\"300\" srcset=\"https:\/\/bergers-schlagerparadies.de\/wp-content\/uploads\/2025\/10\/Arno-Verano-Leb-deinen-Traum-Radio-Edit-300x300.jpeg 300w, https:\/\/bergers-schlagerparadies.de\/wp-content\/uploads\/2025\/10\/Arno-Verano-Leb-deinen-Traum-Radio-Edit-1024x1024.jpeg 1024w, https:\/\/bergers-schlagerparadies.de\/wp-content\/uploads\/2025\/10\/Arno-Verano-Leb-deinen-Traum-Radio-Edit-150x150.jpeg 150w, https:\/\/bergers-schlagerparadies.de\/wp-content\/uploads\/2025\/10\/Arno-Verano-Leb-deinen-Traum-Radio-Edit-768x768.jpeg 768w, https:\/\/bergers-schlagerparadies.de\/wp-content\/uploads\/2025\/10\/Arno-Verano-Leb-deinen-Traum-Radio-Edit-1536x1536.jpeg 1536w, https:\/\/bergers-schlagerparadies.de\/wp-content\/uploads\/2025\/10\/Arno-Verano-Leb-deinen-Traum-Radio-Edit-2048x2048.jpeg 2048w, https:\/\/bergers-schlagerparadies.de\/wp-content\/uploads\/2025\/10\/Arno-Verano-Leb-deinen-Traum-Radio-Edit-1200x1200.jpeg 1200w, https:\/\/bergers-schlagerparadies.de\/wp-content\/uploads\/2025\/10\/Arno-Verano-Leb-deinen-Traum-Radio-Edit-1188x1188.jpeg 1188w, https:\/\/bergers-schlagerparadies.de\/wp-content\/uploads\/2025\/10\/Arno-Verano-Leb-deinen-Traum-Radio-Edit-100x100.jpeg 100w\" sizes=\"auto, (max-width: 300px) 100vw, 300px\" \/>Mit seiner neuen Single \u201eLeb Deinen Traum\u201c verleiht der Hamburger S\u00e4nger einem britischen Popsong<br \/>\neine v\u00f6llig neue Seele.<\/p>\n<p>Die Single basiert auf dem internationalen Popsong \u201eThe Night That\u2019s Never Ending\u201c, den Arno Verano gemeinsam mit Andreas Schulze durch einf\u00fchlsame deutsche Lyrics und einen modernen, frischen Pop-Sound neu interpretiert und zu neuem Leben erweckt hat.<\/p>\n<p>Das Original stammt von der britischen S\u00e4ngerin Sonia, die in den sp\u00e4ten 80er- und fr\u00fchen 90er- Jahren mit ihren Hits und Produktionen von Stock-Aitken-Waterman internationale Erfolge feierte. Der Titel erschien urspr\u00fcnglich 2019 \u2013 nun bekommt er durch Veranos Stimme einen ganz besonderen neuen Anstrich.<\/p>\n<p>In \u201eLeb Deinen Traum\u201c erz\u00e4hlt Arno Verano von der Kraft der eigenen Visionen, dem Mut, seinen Weg zu gehen, und der Hoffnung, die in jedem Neuanfang steckt. Mit eing\u00e4ngiger Melodie, moderner Produktion aus dem Hause C-Base- Music und einem deutschen Text, der unter die Haut geht, wird der Song zu einem echten Mutmacher.<\/p>\n<p><span style=\"color: #800000;\"><strong>Quelle: Fiesta Records<\/strong><\/span><\/p>\n<p><span style=\"color: #800000;\"><strong>Dieser Song ist ab dem 24.11.2025 auf allen Download- und Streaming-Portalen erh\u00e4ltlich.\u00a0<\/strong><\/span><\/p>\n<p><span style=\"color: #800000;\"><strong>Airdate (f\u00fcr Radiosender): 22.10.2025<\/strong><\/span><\/p>\n","protected":false},"excerpt":{"rendered":"<p>Mit seiner neuen Single \u201eLeb Deinen Traum\u201c verleiht der Hamburger S\u00e4nger einem britischen Popsong eine v\u00f6llig neue Seele. Die Single basiert auf dem internationalen Popsong \u201eThe Night That\u2019s Never Ending\u201c, den Arno Verano gemeinsam mit Andreas Schulze durch einf\u00fchlsame deutsche Lyrics und einen modernen, frischen Pop-Sound neu interpretiert und zu neuem Leben erweckt hat. Das Original stammt von der britischen S\u00e4ngerin Sonia, die in den sp\u00e4ten 80er- und fr\u00fchen 90er- Jahren mit ihren Hits und Produktionen von Stock-Aitken-Waterman internationale Erfolge feierte. Der Titel erschien urspr\u00fcnglich 2019 \u2013 nun bekommt er durch Veranos Stimme einen ganz besonderen neuen Anstrich. In \u201eLeb Deinen Traum\u201c erz\u00e4hlt Arno Verano&#8230;<\/p>\n","protected":false},"author":1,"featured_media":39062,"comment_status":"open","ping_status":"open","sticky":false,"template":"","format":"standard","meta":{"footnotes":""},"categories":[3231,3232,2],"tags":[475],"class_list":["post-39061","post","type-post","status-publish","format-standard","has-post-thumbnail","hentry","category-bergers-schlagerparadies","category-fiesta-records","category-schlager","tag-arno-verano","wpcat-3231-id","wpcat-3232-id","wpcat-2-id"],"_links":{"self":[{"href":"https:\/\/bergers-schlagerparadies.de\/index.php?rest_route=\/wp\/v2\/posts\/39061","targetHints":{"allow":["GET"]}}],"collection":[{"href":"https:\/\/bergers-schlagerparadies.de\/index.php?rest_route=\/wp\/v2\/posts"}],"about":[{"href":"https:\/\/bergers-schlagerparadies.de\/index.php?rest_route=\/wp\/v2\/types\/post"}],"author":[{"embeddable":true,"href":"https:\/\/bergers-schlagerparadies.de\/index.php?rest_route=\/wp\/v2\/users\/1"}],"replies":[{"embeddable":true,"href":"https:\/\/bergers-schlagerparadies.de\/index.php?rest_route=%2Fwp%2Fv2%2Fcomments&post=39061"}],"version-history":[{"count":2,"href":"https:\/\/bergers-schlagerparadies.de\/index.php?rest_route=\/wp\/v2\/posts\/39061\/revisions"}],"predecessor-version":[{"id":39190,"href":"https:\/\/bergers-schlagerparadies.de\/index.php?rest_route=\/wp\/v2\/posts\/39061\/revisions\/39190"}],"wp:featuredmedia":[{"embeddable":true,"href":"https:\/\/bergers-schlagerparadies.de\/index.php?rest_route=\/wp\/v2\/media\/39062"}],"wp:attachment":[{"href":"https:\/\/bergers-schlagerparadies.de\/index.php?rest_route=%2Fwp%2Fv2%2Fmedia&parent=39061"}],"wp:term":[{"taxonomy":"category","embeddable":true,"href":"https:\/\/bergers-schlagerparadies.de\/index.php?rest_route=%2Fwp%2Fv2%2Fcategories&post=39061"},{"taxonomy":"post_tag","embeddable":true,"href":"https:\/\/bergers-schlagerparadies.de\/index.php?rest_route=%2Fwp%2Fv2%2Ftags&post=39061"}],"curies":[{"name":"wp","href":"https:\/\/api.w.org\/{rel}","templated":true}]}}