{"id":39005,"date":"2025-10-14T22:22:00","date_gmt":"2025-10-14T20:22:00","guid":{"rendered":"https:\/\/bergers-schlagerparadies.de\/?p=39005"},"modified":"2025-10-14T22:22:00","modified_gmt":"2025-10-14T20:22:00","slug":"florian-bunke-sag-mir-wie-%c2%b7-bergers-schlagerparadies","status":"publish","type":"post","link":"https:\/\/bergers-schlagerparadies.de\/?p=39005","title":{"rendered":"Florian Bunke &#8211; Sag mir wie \u00b7 Berger\u00b4s Schlagerparadies"},"content":{"rendered":"<p><img loading=\"lazy\" decoding=\"async\" class=\"size-medium wp-image-39006 alignleft\" src=\"https:\/\/bergers-schlagerparadies.de\/wp-content\/uploads\/2025\/10\/Florian-Bunke-Sag-mir-wie-300x300.jpeg\" alt=\"\" width=\"300\" height=\"300\" srcset=\"https:\/\/bergers-schlagerparadies.de\/wp-content\/uploads\/2025\/10\/Florian-Bunke-Sag-mir-wie-300x300.jpeg 300w, https:\/\/bergers-schlagerparadies.de\/wp-content\/uploads\/2025\/10\/Florian-Bunke-Sag-mir-wie-1024x1024.jpeg 1024w, https:\/\/bergers-schlagerparadies.de\/wp-content\/uploads\/2025\/10\/Florian-Bunke-Sag-mir-wie-150x150.jpeg 150w, https:\/\/bergers-schlagerparadies.de\/wp-content\/uploads\/2025\/10\/Florian-Bunke-Sag-mir-wie-768x768.jpeg 768w, https:\/\/bergers-schlagerparadies.de\/wp-content\/uploads\/2025\/10\/Florian-Bunke-Sag-mir-wie-1188x1188.jpeg 1188w, https:\/\/bergers-schlagerparadies.de\/wp-content\/uploads\/2025\/10\/Florian-Bunke-Sag-mir-wie-100x100.jpeg 100w, https:\/\/bergers-schlagerparadies.de\/wp-content\/uploads\/2025\/10\/Florian-Bunke-Sag-mir-wie.jpeg 1200w\" sizes=\"auto, (max-width: 300px) 100vw, 300px\" \/>Florian Bunke ver\u00f6ffentlicht gef\u00fchlvolle Deutsch-Pop-Single \u201eSag mir wie\u201c<br \/>\nV\u00d6: 17. Oktober 2025<\/p>\n<p>Mit seiner neuen Single \u201eSag mir wie\u201c pr\u00e4sentiert Florian Bunke einen emotionalen Deutsch-Pop-Song, der mitten ins Herz trifft. Der Titel erz\u00e4hlt von der schmerzlichen Phase nach einer Trennung \u2013 von Erinnerungen, die nicht verblassen wollen, und der Frage, wie man jemanden vergessen soll, der einst alles bedeutet hat.<br \/>\nMusikalisch verbindet Bunke eing\u00e4ngige Melodien mit modernen Pop-Elementen und einer authentischen Stimme, die Verletzlichkeit und St\u00e4rke zugleich transportiert. \u201eSag mir wie\u201c zeigt, dass ehrliche Gef\u00fchle zeitlos sind \u2013 ein Song f\u00fcr alle, die schon einmal zwischen Loslassen und Festhalten standen.<\/p>\n<p>\u201eIch wollte den Moment einfangen, in dem man merkt, dass Liebe nicht einfach verschwindet \u2013 selbst wenn sie vorbei ist\u201c, sagt Florian Bunke \u00fcber seine neue Single.<\/p>\n<p>Mit \u201eSag mir wie\u201c kn\u00fcpft der S\u00e4nger an seine bisherigen Ver\u00f6ffentlichungen an und beweist erneut, dass emotionaler Deutsch-Pop auch 2025 nichts von seiner Kraft verloren hat. Der Song erscheint am 17. Oktober 2025 auf allen g\u00e4ngigen Streaming-Plattformen und ist ein weiterer Vorbote vom Album \u201eA24\u201c, das am 20. Februar 2026 erscheint.<\/p>\n<p><span style=\"color: #800000;\"><strong>Quelle: Hoernsenmusic<\/strong><\/span><\/p>\n<p><span style=\"color: #800000;\"><strong>Dieser Song ist ab dem 17.10.2025 auf allen Download- und Streaming-Portalen erh\u00e4ltlich.\u00a0<\/strong><\/span><\/p>\n<p><span style=\"color: #800000;\"><strong>Airdate (f\u00fcr Radiosender): 17.10.2025<\/strong><\/span><\/p>\n","protected":false},"excerpt":{"rendered":"<p>Florian Bunke ver\u00f6ffentlicht gef\u00fchlvolle Deutsch-Pop-Single \u201eSag mir wie\u201c V\u00d6: 17. Oktober 2025 Mit seiner neuen Single \u201eSag mir wie\u201c pr\u00e4sentiert Florian Bunke einen emotionalen Deutsch-Pop-Song, der mitten ins Herz trifft. Der Titel erz\u00e4hlt von der schmerzlichen Phase nach einer Trennung \u2013 von Erinnerungen, die nicht verblassen wollen, und der Frage, wie man jemanden vergessen soll, der einst alles bedeutet hat. Musikalisch verbindet Bunke eing\u00e4ngige Melodien mit modernen Pop-Elementen und einer authentischen Stimme, die Verletzlichkeit und St\u00e4rke zugleich transportiert. \u201eSag mir wie\u201c zeigt, dass ehrliche Gef\u00fchle zeitlos sind \u2013 ein Song f\u00fcr alle, die schon einmal zwischen Loslassen und Festhalten standen. \u201eIch wollte den Moment einfangen,&#8230;<\/p>\n","protected":false},"author":1,"featured_media":39006,"comment_status":"open","ping_status":"open","sticky":false,"template":"","format":"standard","meta":{"footnotes":""},"categories":[3231,3255,3264,4334,2],"tags":[4335],"class_list":["post-39005","post","type-post","status-publish","format-standard","has-post-thumbnail","hentry","category-bergers-schlagerparadies","category-deutsch","category-deutsch-pop","category-hoernsenmusic","category-schlager","tag-florian-bunke","wpcat-3231-id","wpcat-3255-id","wpcat-3264-id","wpcat-4334-id","wpcat-2-id"],"_links":{"self":[{"href":"https:\/\/bergers-schlagerparadies.de\/index.php?rest_route=\/wp\/v2\/posts\/39005","targetHints":{"allow":["GET"]}}],"collection":[{"href":"https:\/\/bergers-schlagerparadies.de\/index.php?rest_route=\/wp\/v2\/posts"}],"about":[{"href":"https:\/\/bergers-schlagerparadies.de\/index.php?rest_route=\/wp\/v2\/types\/post"}],"author":[{"embeddable":true,"href":"https:\/\/bergers-schlagerparadies.de\/index.php?rest_route=\/wp\/v2\/users\/1"}],"replies":[{"embeddable":true,"href":"https:\/\/bergers-schlagerparadies.de\/index.php?rest_route=%2Fwp%2Fv2%2Fcomments&post=39005"}],"version-history":[{"count":1,"href":"https:\/\/bergers-schlagerparadies.de\/index.php?rest_route=\/wp\/v2\/posts\/39005\/revisions"}],"predecessor-version":[{"id":39007,"href":"https:\/\/bergers-schlagerparadies.de\/index.php?rest_route=\/wp\/v2\/posts\/39005\/revisions\/39007"}],"wp:featuredmedia":[{"embeddable":true,"href":"https:\/\/bergers-schlagerparadies.de\/index.php?rest_route=\/wp\/v2\/media\/39006"}],"wp:attachment":[{"href":"https:\/\/bergers-schlagerparadies.de\/index.php?rest_route=%2Fwp%2Fv2%2Fmedia&parent=39005"}],"wp:term":[{"taxonomy":"category","embeddable":true,"href":"https:\/\/bergers-schlagerparadies.de\/index.php?rest_route=%2Fwp%2Fv2%2Fcategories&post=39005"},{"taxonomy":"post_tag","embeddable":true,"href":"https:\/\/bergers-schlagerparadies.de\/index.php?rest_route=%2Fwp%2Fv2%2Ftags&post=39005"}],"curies":[{"name":"wp","href":"https:\/\/api.w.org\/{rel}","templated":true}]}}