{"id":38984,"date":"2025-10-13T22:06:28","date_gmt":"2025-10-13T20:06:28","guid":{"rendered":"https:\/\/bergers-schlagerparadies.de\/?p=38984"},"modified":"2025-10-13T22:06:28","modified_gmt":"2025-10-13T20:06:28","slug":"marcella-carin-seelenenergie-album-%c2%b7-bergers-schlagerparadies","status":"publish","type":"post","link":"https:\/\/bergers-schlagerparadies.de\/?p=38984","title":{"rendered":"Marcella Carin &#8211; Seelenenergie (Album) \u00b7 Berger\u00b4s Schlagerparadies"},"content":{"rendered":"<p><img loading=\"lazy\" decoding=\"async\" class=\"size-medium wp-image-38985 alignleft\" src=\"https:\/\/bergers-schlagerparadies.de\/wp-content\/uploads\/2025\/10\/Marcella-Carin-Seelenenergie-Album-300x300.jpeg\" alt=\"\" width=\"300\" height=\"300\" srcset=\"https:\/\/bergers-schlagerparadies.de\/wp-content\/uploads\/2025\/10\/Marcella-Carin-Seelenenergie-Album-300x300.jpeg 300w, https:\/\/bergers-schlagerparadies.de\/wp-content\/uploads\/2025\/10\/Marcella-Carin-Seelenenergie-Album-1024x1024.jpeg 1024w, https:\/\/bergers-schlagerparadies.de\/wp-content\/uploads\/2025\/10\/Marcella-Carin-Seelenenergie-Album-150x150.jpeg 150w, https:\/\/bergers-schlagerparadies.de\/wp-content\/uploads\/2025\/10\/Marcella-Carin-Seelenenergie-Album-768x768.jpeg 768w, https:\/\/bergers-schlagerparadies.de\/wp-content\/uploads\/2025\/10\/Marcella-Carin-Seelenenergie-Album-1536x1536.jpeg 1536w, https:\/\/bergers-schlagerparadies.de\/wp-content\/uploads\/2025\/10\/Marcella-Carin-Seelenenergie-Album-1200x1200.jpeg 1200w, https:\/\/bergers-schlagerparadies.de\/wp-content\/uploads\/2025\/10\/Marcella-Carin-Seelenenergie-Album-1188x1188.jpeg 1188w, https:\/\/bergers-schlagerparadies.de\/wp-content\/uploads\/2025\/10\/Marcella-Carin-Seelenenergie-Album-100x100.jpeg 100w, https:\/\/bergers-schlagerparadies.de\/wp-content\/uploads\/2025\/10\/Marcella-Carin-Seelenenergie-Album.jpeg 2000w\" sizes=\"auto, (max-width: 300px) 100vw, 300px\" \/>Das neue Album &#8222;Seelenenergie&#8220; samt Musikvideo von Marcella Carin wird am 17.10.2025 ver\u00f6ffentlicht. Es enth\u00e4lt insgesamt 13 Songs, welche von pr\u00e4genden und allt\u00e4glichen Lebensthemen handeln. Musikalisch verbindet das Album modernen Schlager mit emotionaler Tiefe und Leichtigkeit, eing\u00e4ngigen Melodien und einer Stimme, die ber\u00fchrt.<\/p>\n<p><span style=\"color: #800000;\"><strong>Quelle: Cellarin Musikverlag &amp; records<\/strong><\/span><\/p>\n<p><span style=\"color: #800000;\"><strong>Dieses Album ist ab dem 17.10.2025 auf allen Download- und Streaming-Portalen erh\u00e4ltlich.\u00a0<\/strong><\/span><\/p>\n<p><span style=\"color: #800000;\"><strong>Airdate (f\u00fcr Radiosender): 13.10.2025<\/strong><\/span><\/p>\n","protected":false},"excerpt":{"rendered":"<p>Das neue Album &#8222;Seelenenergie&#8220; samt Musikvideo von Marcella Carin wird am 17.10.2025 ver\u00f6ffentlicht. Es enth\u00e4lt insgesamt 13 Songs, welche von pr\u00e4genden und allt\u00e4glichen Lebensthemen handeln. Musikalisch verbindet das Album modernen Schlager mit emotionaler Tiefe und Leichtigkeit, eing\u00e4ngigen Melodien und einer Stimme, die ber\u00fchrt. Quelle: Cellarin Musikverlag &amp; records Dieses Album ist ab dem 17.10.2025 auf allen Download- und Streaming-Portalen erh\u00e4ltlich.\u00a0 Airdate (f\u00fcr Radiosender): 13.10.2025<\/p>\n","protected":false},"author":1,"featured_media":38985,"comment_status":"open","ping_status":"open","sticky":false,"template":"","format":"standard","meta":{"footnotes":""},"categories":[3257,3231,4331,3255,2],"tags":[655],"class_list":["post-38984","post","type-post","status-publish","format-standard","has-post-thumbnail","hentry","category-album","category-bergers-schlagerparadies","category-cellarin-musikverlag-records","category-deutsch","category-schlager","tag-marcella-carin","wpcat-3257-id","wpcat-3231-id","wpcat-4331-id","wpcat-3255-id","wpcat-2-id"],"_links":{"self":[{"href":"https:\/\/bergers-schlagerparadies.de\/index.php?rest_route=\/wp\/v2\/posts\/38984","targetHints":{"allow":["GET"]}}],"collection":[{"href":"https:\/\/bergers-schlagerparadies.de\/index.php?rest_route=\/wp\/v2\/posts"}],"about":[{"href":"https:\/\/bergers-schlagerparadies.de\/index.php?rest_route=\/wp\/v2\/types\/post"}],"author":[{"embeddable":true,"href":"https:\/\/bergers-schlagerparadies.de\/index.php?rest_route=\/wp\/v2\/users\/1"}],"replies":[{"embeddable":true,"href":"https:\/\/bergers-schlagerparadies.de\/index.php?rest_route=%2Fwp%2Fv2%2Fcomments&post=38984"}],"version-history":[{"count":1,"href":"https:\/\/bergers-schlagerparadies.de\/index.php?rest_route=\/wp\/v2\/posts\/38984\/revisions"}],"predecessor-version":[{"id":38986,"href":"https:\/\/bergers-schlagerparadies.de\/index.php?rest_route=\/wp\/v2\/posts\/38984\/revisions\/38986"}],"wp:featuredmedia":[{"embeddable":true,"href":"https:\/\/bergers-schlagerparadies.de\/index.php?rest_route=\/wp\/v2\/media\/38985"}],"wp:attachment":[{"href":"https:\/\/bergers-schlagerparadies.de\/index.php?rest_route=%2Fwp%2Fv2%2Fmedia&parent=38984"}],"wp:term":[{"taxonomy":"category","embeddable":true,"href":"https:\/\/bergers-schlagerparadies.de\/index.php?rest_route=%2Fwp%2Fv2%2Fcategories&post=38984"},{"taxonomy":"post_tag","embeddable":true,"href":"https:\/\/bergers-schlagerparadies.de\/index.php?rest_route=%2Fwp%2Fv2%2Ftags&post=38984"}],"curies":[{"name":"wp","href":"https:\/\/api.w.org\/{rel}","templated":true}]}}