{"id":38907,"date":"2025-10-13T10:30:29","date_gmt":"2025-10-13T08:30:29","guid":{"rendered":"https:\/\/bergers-schlagerparadies.de\/?p=38907"},"modified":"2025-10-15T20:36:58","modified_gmt":"2025-10-15T18:36:58","slug":"conny-mess-lass-uns-fliegen-%c2%b7-bergers-schlagerparadies","status":"publish","type":"post","link":"https:\/\/bergers-schlagerparadies.de\/?p=38907","title":{"rendered":"Conny Mess &#8211; Lass uns fliegen \u00b7 Berger\u00b4s Schlagerparadies"},"content":{"rendered":"<p><img loading=\"lazy\" decoding=\"async\" class=\"size-medium wp-image-38908 alignleft\" src=\"https:\/\/bergers-schlagerparadies.de\/wp-content\/uploads\/2025\/10\/Conny-Mess-Lass-uns-fliegen-300x300.jpeg\" alt=\"\" width=\"300\" height=\"300\" srcset=\"https:\/\/bergers-schlagerparadies.de\/wp-content\/uploads\/2025\/10\/Conny-Mess-Lass-uns-fliegen-300x300.jpeg 300w, https:\/\/bergers-schlagerparadies.de\/wp-content\/uploads\/2025\/10\/Conny-Mess-Lass-uns-fliegen-1024x1024.jpeg 1024w, https:\/\/bergers-schlagerparadies.de\/wp-content\/uploads\/2025\/10\/Conny-Mess-Lass-uns-fliegen-150x150.jpeg 150w, https:\/\/bergers-schlagerparadies.de\/wp-content\/uploads\/2025\/10\/Conny-Mess-Lass-uns-fliegen-768x768.jpeg 768w, https:\/\/bergers-schlagerparadies.de\/wp-content\/uploads\/2025\/10\/Conny-Mess-Lass-uns-fliegen-1536x1536.jpeg 1536w, https:\/\/bergers-schlagerparadies.de\/wp-content\/uploads\/2025\/10\/Conny-Mess-Lass-uns-fliegen-2048x2048.jpeg 2048w, https:\/\/bergers-schlagerparadies.de\/wp-content\/uploads\/2025\/10\/Conny-Mess-Lass-uns-fliegen-1200x1200.jpeg 1200w, https:\/\/bergers-schlagerparadies.de\/wp-content\/uploads\/2025\/10\/Conny-Mess-Lass-uns-fliegen-1188x1188.jpeg 1188w, https:\/\/bergers-schlagerparadies.de\/wp-content\/uploads\/2025\/10\/Conny-Mess-Lass-uns-fliegen-100x100.jpeg 100w\" sizes=\"auto, (max-width: 300px) 100vw, 300px\" \/>Mit \u201eLass uns fliegen\u201c pr\u00e4sentiert der \u00d6sterreicher S\u00e4nger Conny Mess aus Burgenland die neue Single und zugleich den Titelsong seines gleichnamigen f\u00fcnften Albums \u2013 das wohl pers\u00f6nlichste und spannendste seiner Karriere.<\/p>\n<p>Der moderne Song verbindet einen tiefgehenden, hoffnungsvollen Text mit einer leichten Schlager-Pop-Melodie und erz\u00e4hlt vom Loslassen des Alten und dem mutigen Aufbruch in eine neue Zeit voller Liebe.<\/p>\n<p>Komponiert und getextet wurde das St\u00fcck von Christopher Mesgolits, dem Sohn des K\u00fcnstlers, produziert wurde es in \u00d6sterreich vom renommierten Hitproduzenten Christian Ziehrhofe, welcher unter anderem Titel von Andy Borg, Die Paldauer, Nockalm Quintett, Nino de Angelo und Francine Jordi produziert hat.<\/p>\n<p>Das neue Album \u201eLass uns fliegen\u201c wird im Rahmen einer feierlichen CD-Pr\u00e4sentation im Portofino in Wien vorgestellt \u2013 ein besonderer Abend, zu dem Freunde und Medien herzlich eingeladen sind.<\/p>\n<p>Ganz nach dem Lebensmotto von Conny Mess: Ohne Liebe ist alles nichts!<\/p>\n<p><span style=\"color: #800000;\"><strong>Quelle: Fiesta Records<\/strong><\/span><\/p>\n<p><span style=\"color: #800000;\"><strong>Dieser Song ist ab dem 17.10.2025 auf allen Download- und Streaming-Portalen erh\u00e4ltlich.\u00a0<\/strong><\/span><\/p>\n<p><span style=\"color: #800000;\"><strong>Airdate (f\u00fcr Radiosender): 15.10.2025<\/strong><\/span><\/p>\n","protected":false},"excerpt":{"rendered":"<p>Mit \u201eLass uns fliegen\u201c pr\u00e4sentiert der \u00d6sterreicher S\u00e4nger Conny Mess aus Burgenland die neue Single und zugleich den Titelsong seines gleichnamigen f\u00fcnften Albums \u2013 das wohl pers\u00f6nlichste und spannendste seiner Karriere. Der moderne Song verbindet einen tiefgehenden, hoffnungsvollen Text mit einer leichten Schlager-Pop-Melodie und erz\u00e4hlt vom Loslassen des Alten und dem mutigen Aufbruch in eine neue Zeit voller Liebe. Komponiert und getextet wurde das St\u00fcck von Christopher Mesgolits, dem Sohn des K\u00fcnstlers, produziert wurde es in \u00d6sterreich vom renommierten Hitproduzenten Christian Ziehrhofe, welcher unter anderem Titel von Andy Borg, Die Paldauer, Nockalm Quintett, Nino de Angelo und Francine Jordi produziert hat. Das neue Album \u201eLass&#8230;<\/p>\n","protected":false},"author":1,"featured_media":38908,"comment_status":"open","ping_status":"open","sticky":false,"template":"","format":"standard","meta":{"footnotes":""},"categories":[3231,3232,2],"tags":[2304],"class_list":["post-38907","post","type-post","status-publish","format-standard","has-post-thumbnail","hentry","category-bergers-schlagerparadies","category-fiesta-records","category-schlager","tag-conny-mess","wpcat-3231-id","wpcat-3232-id","wpcat-2-id"],"_links":{"self":[{"href":"https:\/\/bergers-schlagerparadies.de\/index.php?rest_route=\/wp\/v2\/posts\/38907","targetHints":{"allow":["GET"]}}],"collection":[{"href":"https:\/\/bergers-schlagerparadies.de\/index.php?rest_route=\/wp\/v2\/posts"}],"about":[{"href":"https:\/\/bergers-schlagerparadies.de\/index.php?rest_route=\/wp\/v2\/types\/post"}],"author":[{"embeddable":true,"href":"https:\/\/bergers-schlagerparadies.de\/index.php?rest_route=\/wp\/v2\/users\/1"}],"replies":[{"embeddable":true,"href":"https:\/\/bergers-schlagerparadies.de\/index.php?rest_route=%2Fwp%2Fv2%2Fcomments&post=38907"}],"version-history":[{"count":2,"href":"https:\/\/bergers-schlagerparadies.de\/index.php?rest_route=\/wp\/v2\/posts\/38907\/revisions"}],"predecessor-version":[{"id":39031,"href":"https:\/\/bergers-schlagerparadies.de\/index.php?rest_route=\/wp\/v2\/posts\/38907\/revisions\/39031"}],"wp:featuredmedia":[{"embeddable":true,"href":"https:\/\/bergers-schlagerparadies.de\/index.php?rest_route=\/wp\/v2\/media\/38908"}],"wp:attachment":[{"href":"https:\/\/bergers-schlagerparadies.de\/index.php?rest_route=%2Fwp%2Fv2%2Fmedia&parent=38907"}],"wp:term":[{"taxonomy":"category","embeddable":true,"href":"https:\/\/bergers-schlagerparadies.de\/index.php?rest_route=%2Fwp%2Fv2%2Fcategories&post=38907"},{"taxonomy":"post_tag","embeddable":true,"href":"https:\/\/bergers-schlagerparadies.de\/index.php?rest_route=%2Fwp%2Fv2%2Ftags&post=38907"}],"curies":[{"name":"wp","href":"https:\/\/api.w.org\/{rel}","templated":true}]}}