{"id":38839,"date":"2025-10-09T23:53:13","date_gmt":"2025-10-09T21:53:13","guid":{"rendered":"https:\/\/bergers-schlagerparadies.de\/?p=38839"},"modified":"2025-10-09T23:53:23","modified_gmt":"2025-10-09T21:53:23","slug":"marvin-markel-zwischen-himmel-und-hoelle-%c2%b7-bergers-schlagerparadies","status":"publish","type":"post","link":"https:\/\/bergers-schlagerparadies.de\/?p=38839","title":{"rendered":"Marvin Markel &#8211; Zwischen Himmel und H\u00f6lle \u00b7 Berger\u00b4s Schlagerparadies"},"content":{"rendered":"<p><img loading=\"lazy\" decoding=\"async\" class=\"size-medium wp-image-38840 alignleft\" src=\"https:\/\/bergers-schlagerparadies.de\/wp-content\/uploads\/2025\/10\/Marvin-Markel-Zwischen-Himmel-und-Hoelle-300x300.jpg\" alt=\"\" width=\"300\" height=\"300\" srcset=\"https:\/\/bergers-schlagerparadies.de\/wp-content\/uploads\/2025\/10\/Marvin-Markel-Zwischen-Himmel-und-Hoelle-300x300.jpg 300w, https:\/\/bergers-schlagerparadies.de\/wp-content\/uploads\/2025\/10\/Marvin-Markel-Zwischen-Himmel-und-Hoelle-1024x1024.jpg 1024w, https:\/\/bergers-schlagerparadies.de\/wp-content\/uploads\/2025\/10\/Marvin-Markel-Zwischen-Himmel-und-Hoelle-150x150.jpg 150w, https:\/\/bergers-schlagerparadies.de\/wp-content\/uploads\/2025\/10\/Marvin-Markel-Zwischen-Himmel-und-Hoelle-768x768.jpg 768w, https:\/\/bergers-schlagerparadies.de\/wp-content\/uploads\/2025\/10\/Marvin-Markel-Zwischen-Himmel-und-Hoelle-1536x1536.jpg 1536w, https:\/\/bergers-schlagerparadies.de\/wp-content\/uploads\/2025\/10\/Marvin-Markel-Zwischen-Himmel-und-Hoelle-2048x2048.jpg 2048w, https:\/\/bergers-schlagerparadies.de\/wp-content\/uploads\/2025\/10\/Marvin-Markel-Zwischen-Himmel-und-Hoelle-1200x1200.jpg 1200w, https:\/\/bergers-schlagerparadies.de\/wp-content\/uploads\/2025\/10\/Marvin-Markel-Zwischen-Himmel-und-Hoelle-1188x1188.jpg 1188w, https:\/\/bergers-schlagerparadies.de\/wp-content\/uploads\/2025\/10\/Marvin-Markel-Zwischen-Himmel-und-Hoelle-100x100.jpg 100w\" sizes=\"auto, (max-width: 300px) 100vw, 300px\" \/>Musik ist f\u00fcr Marvin Markel nicht nur Klang, sondern Sprache &#8211; eine M\u00f6glichkeit, Dinge auszudrucken, die man nicht einfach sagen kann. Der S\u00e4nger aus der N\u00e4he von Stuttgart steht f\u00fcr modernen Schlager, der ber\u00fchrt, aufr\u00fcttelt und dabei nie an Tiefe verliert. Mit seiner klaren Stimme, seiner emotionalen Art und einem Gesp\u00fcr f\u00fcr starke Themen hat er sich in kurzer Zeit einen Namen gemacht und zeigt mit jeder neuen Ver\u00f6ffentlichung, wohin sein Weg f\u00fchrt. In seiner Musik liegt eine stille Klarheit, die direkt ins Herz trifft.<\/p>\n<p>Bereits in jungen Jahren entdeckte Marvin seine Leidenschaft f\u00fcr Musik. Erste Auftritte mit dem Akkordeon, sp\u00e4ter am Keyboard, Schlagzeug und Saxophon &#8211; sein Talent war vielseitig und fr\u00fch sp\u00fcrbar. 2024 trat er bei \u201eDeutschland sucht den Superstar&#8220; auf und erhielt dort nicht nur starkes Feedback f\u00fcr seine Stimme, sondern auch f\u00fcr sein Gesp\u00fcr beim Songwriting. Und zwar von Dieter Bohlen h\u00f6chstpers\u00f6nlich.<\/p>\n<p>Durch die Zusammenarbeit mit dem Promoter Uwe Omland entwickelte sich seine musikalische Laufbahn kontinuierlich weiter. Mit Songs wie \u201eLiebestattoo\u201c und \u201eAuf den Fl\u00fcgeln des lkarus\u201c gelangen ihm erste Radio-Erfolge, die seine k\u00fcnstlerische Richtung festigten und ihm Sichtbarkeit innerhalb der Musikszene verschafften.<\/p>\n<p>Mit seiner aktuellen Single \u201eZwischen Himmel und H\u00f6lle\u201c zeigt Marvin Markel eine neue Facette: ein moderner Schlagersong mit klarer Bildsprache, starkem Refrain und einer Geschichte voller Anziehung, Zweifel und Starke. Es geht um eine N\u00e4he, die tief wirkt und lange nachhallt.<\/p>\n<p>Marvin Markel bleibt sich treu &#8211; musikalisch wie menschlich: ehrlich, emotional und immer einen Schritt weiter auf seinem Weg Richtung Zukunft.<\/p>\n<p><span style=\"color: #800000;\"><strong>Quelle: Fiesta Records<\/strong><\/span><\/p>\n<p><span style=\"color: #800000;\"><strong>Dieser Song ist ab dem 10.10.2025 auf allen Download- und Streaming-Portalen erh\u00e4ltlich.\u00a0<\/strong><\/span><\/p>\n<p><span style=\"color: #800000;\"><strong>Airdate (f\u00fcr Radiosender): 09.10.2025<\/strong><\/span><\/p>\n","protected":false},"excerpt":{"rendered":"<p>Musik ist f\u00fcr Marvin Markel nicht nur Klang, sondern Sprache &#8211; eine M\u00f6glichkeit, Dinge auszudrucken, die man nicht einfach sagen kann. Der S\u00e4nger aus der N\u00e4he von Stuttgart steht f\u00fcr modernen Schlager, der ber\u00fchrt, aufr\u00fcttelt und dabei nie an Tiefe verliert. Mit seiner klaren Stimme, seiner emotionalen Art und einem Gesp\u00fcr f\u00fcr starke Themen hat er sich in kurzer Zeit einen Namen gemacht und zeigt mit jeder neuen Ver\u00f6ffentlichung, wohin sein Weg f\u00fchrt. In seiner Musik liegt eine stille Klarheit, die direkt ins Herz trifft. Bereits in jungen Jahren entdeckte Marvin seine Leidenschaft f\u00fcr Musik. Erste Auftritte mit dem Akkordeon, sp\u00e4ter am Keyboard, Schlagzeug und&#8230;<\/p>\n","protected":false},"author":1,"featured_media":38840,"comment_status":"open","ping_status":"open","sticky":false,"template":"","format":"standard","meta":{"footnotes":""},"categories":[3231,3232,2],"tags":[2203],"class_list":["post-38839","post","type-post","status-publish","format-standard","has-post-thumbnail","hentry","category-bergers-schlagerparadies","category-fiesta-records","category-schlager","tag-marvin-markel","wpcat-3231-id","wpcat-3232-id","wpcat-2-id"],"_links":{"self":[{"href":"https:\/\/bergers-schlagerparadies.de\/index.php?rest_route=\/wp\/v2\/posts\/38839","targetHints":{"allow":["GET"]}}],"collection":[{"href":"https:\/\/bergers-schlagerparadies.de\/index.php?rest_route=\/wp\/v2\/posts"}],"about":[{"href":"https:\/\/bergers-schlagerparadies.de\/index.php?rest_route=\/wp\/v2\/types\/post"}],"author":[{"embeddable":true,"href":"https:\/\/bergers-schlagerparadies.de\/index.php?rest_route=\/wp\/v2\/users\/1"}],"replies":[{"embeddable":true,"href":"https:\/\/bergers-schlagerparadies.de\/index.php?rest_route=%2Fwp%2Fv2%2Fcomments&post=38839"}],"version-history":[{"count":1,"href":"https:\/\/bergers-schlagerparadies.de\/index.php?rest_route=\/wp\/v2\/posts\/38839\/revisions"}],"predecessor-version":[{"id":38841,"href":"https:\/\/bergers-schlagerparadies.de\/index.php?rest_route=\/wp\/v2\/posts\/38839\/revisions\/38841"}],"wp:featuredmedia":[{"embeddable":true,"href":"https:\/\/bergers-schlagerparadies.de\/index.php?rest_route=\/wp\/v2\/media\/38840"}],"wp:attachment":[{"href":"https:\/\/bergers-schlagerparadies.de\/index.php?rest_route=%2Fwp%2Fv2%2Fmedia&parent=38839"}],"wp:term":[{"taxonomy":"category","embeddable":true,"href":"https:\/\/bergers-schlagerparadies.de\/index.php?rest_route=%2Fwp%2Fv2%2Fcategories&post=38839"},{"taxonomy":"post_tag","embeddable":true,"href":"https:\/\/bergers-schlagerparadies.de\/index.php?rest_route=%2Fwp%2Fv2%2Ftags&post=38839"}],"curies":[{"name":"wp","href":"https:\/\/api.w.org\/{rel}","templated":true}]}}