{"id":38794,"date":"2025-10-06T21:54:40","date_gmt":"2025-10-06T19:54:40","guid":{"rendered":"https:\/\/bergers-schlagerparadies.de\/?p=38794"},"modified":"2025-10-06T21:54:59","modified_gmt":"2025-10-06T19:54:59","slug":"dj-casandro-stark-zu-zweit-%c2%b7-bergers-schlagerparadies","status":"publish","type":"post","link":"https:\/\/bergers-schlagerparadies.de\/?p=38794","title":{"rendered":"DJ Casandro &#8211; Stark zu zweit \u00b7 Berger\u00b4s Schlagerparadies"},"content":{"rendered":"<p><img loading=\"lazy\" decoding=\"async\" class=\"size-medium wp-image-38795 alignleft\" src=\"https:\/\/bergers-schlagerparadies.de\/wp-content\/uploads\/2025\/10\/DJ-Casandro-Stark-zu-zweit-300x300.jpeg\" alt=\"\" width=\"300\" height=\"300\" srcset=\"https:\/\/bergers-schlagerparadies.de\/wp-content\/uploads\/2025\/10\/DJ-Casandro-Stark-zu-zweit-300x300.jpeg 300w, https:\/\/bergers-schlagerparadies.de\/wp-content\/uploads\/2025\/10\/DJ-Casandro-Stark-zu-zweit-1024x1024.jpeg 1024w, https:\/\/bergers-schlagerparadies.de\/wp-content\/uploads\/2025\/10\/DJ-Casandro-Stark-zu-zweit-150x150.jpeg 150w, https:\/\/bergers-schlagerparadies.de\/wp-content\/uploads\/2025\/10\/DJ-Casandro-Stark-zu-zweit-768x768.jpeg 768w, https:\/\/bergers-schlagerparadies.de\/wp-content\/uploads\/2025\/10\/DJ-Casandro-Stark-zu-zweit-1536x1536.jpeg 1536w, https:\/\/bergers-schlagerparadies.de\/wp-content\/uploads\/2025\/10\/DJ-Casandro-Stark-zu-zweit-2048x2048.jpeg 2048w, https:\/\/bergers-schlagerparadies.de\/wp-content\/uploads\/2025\/10\/DJ-Casandro-Stark-zu-zweit-1200x1200.jpeg 1200w, https:\/\/bergers-schlagerparadies.de\/wp-content\/uploads\/2025\/10\/DJ-Casandro-Stark-zu-zweit-1188x1188.jpeg 1188w, https:\/\/bergers-schlagerparadies.de\/wp-content\/uploads\/2025\/10\/DJ-Casandro-Stark-zu-zweit-100x100.jpeg 100w\" sizes=\"auto, (max-width: 300px) 100vw, 300px\" \/>Mit seiner neuen Maxi-Single \u201eStark zu zweit\u201c pr\u00e4sentiert DJ Casandro eine mitrei\u00dfende Hommage an die unvergessene und allzu fr\u00fch verstorbene Andrea J\u00fcrgens, die mit diesem Song damals im Jahr 1993 einen v\u00f6llig neuen musikalischen Stil einschlug. Die Neuauflage greift den emotionalen Kern des Originals auf und verwandelt ihn in moderne, tanzbare Arrangements, die zugleich respektvoll und zeitgem\u00e4\u00df klingen.<br \/>\nDie Maxi-Single umfasst drei Versionen: den flotten Dance-Mix, die schwungvolle Schlagerfloor-Edition sowie die gef\u00fchlvolle \u201eZweisamkeit-Version\u201c, ein Duett mit Elisabeth, das dem Titel eine besondere emotionale Note verleiht. Damit gelingt DJ Casandro der Spagat zwischen Tradition und Moderne \u2013 eine musikalische Verneigung vor Andrea J\u00fcrgens und ihrem einzigartigen Beitrag zur deutschen Musikgeschichte.<br \/>\n\u201eStark zu zweit\u201c erscheint am 10. Oktober 2025 und ist auf s\u00e4mtlichen Download- und Streamingportalen erh\u00e4ltlich. Die Ver\u00f6ffentlichung l\u00e4dt Fans des deutschen Schlagers ebenso zum Tanzen wie zum Erinnern ein \u2013 eine kraftvolle Hommage an eine K\u00fcnstlerin, die bis heute ber\u00fchrt.<\/p>\n<p><span style=\"color: #800000;\"><strong>Quelle: Taskforce Music<\/strong><\/span><\/p>\n<p><span style=\"color: #800000;\"><strong>Dieser Song ist ab dem 10.10.2025 auf allen Download- und Streaming-Portalen erh\u00e4ltlich.\u00a0<\/strong><\/span><\/p>\n<p><span style=\"color: #800000;\"><strong>Airdate (f\u00fcr Radiosender): 10.10.2025<\/strong><\/span><\/p>\n","protected":false},"excerpt":{"rendered":"<p>Mit seiner neuen Maxi-Single \u201eStark zu zweit\u201c pr\u00e4sentiert DJ Casandro eine mitrei\u00dfende Hommage an die unvergessene und allzu fr\u00fch verstorbene Andrea J\u00fcrgens, die mit diesem Song damals im Jahr 1993 einen v\u00f6llig neuen musikalischen Stil einschlug. Die Neuauflage greift den emotionalen Kern des Originals auf und verwandelt ihn in moderne, tanzbare Arrangements, die zugleich respektvoll und zeitgem\u00e4\u00df klingen. Die Maxi-Single umfasst drei Versionen: den flotten Dance-Mix, die schwungvolle Schlagerfloor-Edition sowie die gef\u00fchlvolle \u201eZweisamkeit-Version\u201c, ein Duett mit Elisabeth, das dem Titel eine besondere emotionale Note verleiht. Damit gelingt DJ Casandro der Spagat zwischen Tradition und Moderne \u2013 eine musikalische Verneigung vor Andrea J\u00fcrgens und ihrem einzigartigen&#8230;<\/p>\n","protected":false},"author":1,"featured_media":38795,"comment_status":"open","ping_status":"open","sticky":false,"template":"","format":"standard","meta":{"footnotes":""},"categories":[3231,3343,3298,2,3445],"tags":[1885],"class_list":["post-38794","post","type-post","status-publish","format-standard","has-post-thumbnail","hentry","category-bergers-schlagerparadies","category-dance-electronic","category-pop-deutschsprachig","category-schlager","category-taskforce-music","tag-dj-casandro","wpcat-3231-id","wpcat-3343-id","wpcat-3298-id","wpcat-2-id","wpcat-3445-id"],"_links":{"self":[{"href":"https:\/\/bergers-schlagerparadies.de\/index.php?rest_route=\/wp\/v2\/posts\/38794","targetHints":{"allow":["GET"]}}],"collection":[{"href":"https:\/\/bergers-schlagerparadies.de\/index.php?rest_route=\/wp\/v2\/posts"}],"about":[{"href":"https:\/\/bergers-schlagerparadies.de\/index.php?rest_route=\/wp\/v2\/types\/post"}],"author":[{"embeddable":true,"href":"https:\/\/bergers-schlagerparadies.de\/index.php?rest_route=\/wp\/v2\/users\/1"}],"replies":[{"embeddable":true,"href":"https:\/\/bergers-schlagerparadies.de\/index.php?rest_route=%2Fwp%2Fv2%2Fcomments&post=38794"}],"version-history":[{"count":1,"href":"https:\/\/bergers-schlagerparadies.de\/index.php?rest_route=\/wp\/v2\/posts\/38794\/revisions"}],"predecessor-version":[{"id":38796,"href":"https:\/\/bergers-schlagerparadies.de\/index.php?rest_route=\/wp\/v2\/posts\/38794\/revisions\/38796"}],"wp:featuredmedia":[{"embeddable":true,"href":"https:\/\/bergers-schlagerparadies.de\/index.php?rest_route=\/wp\/v2\/media\/38795"}],"wp:attachment":[{"href":"https:\/\/bergers-schlagerparadies.de\/index.php?rest_route=%2Fwp%2Fv2%2Fmedia&parent=38794"}],"wp:term":[{"taxonomy":"category","embeddable":true,"href":"https:\/\/bergers-schlagerparadies.de\/index.php?rest_route=%2Fwp%2Fv2%2Fcategories&post=38794"},{"taxonomy":"post_tag","embeddable":true,"href":"https:\/\/bergers-schlagerparadies.de\/index.php?rest_route=%2Fwp%2Fv2%2Ftags&post=38794"}],"curies":[{"name":"wp","href":"https:\/\/api.w.org\/{rel}","templated":true}]}}