{"id":38727,"date":"2025-10-06T10:30:49","date_gmt":"2025-10-06T08:30:49","guid":{"rendered":"https:\/\/bergers-schlagerparadies.de\/?p=38727"},"modified":"2025-10-08T21:24:37","modified_gmt":"2025-10-08T19:24:37","slug":"nadine-sieben-maenner-%c2%b7-bergers-schlagerparadies","status":"publish","type":"post","link":"https:\/\/bergers-schlagerparadies.de\/?p=38727","title":{"rendered":"Nadine Sieben &#8211; M\u00e4nner \u00b7 Berger\u00b4s Schlagerparadies"},"content":{"rendered":"<p><img loading=\"lazy\" decoding=\"async\" class=\"size-medium wp-image-38728 alignleft\" src=\"https:\/\/bergers-schlagerparadies.de\/wp-content\/uploads\/2025\/10\/Nadine-Sieben-Maenner-300x300.jpeg\" alt=\"\" width=\"300\" height=\"300\" srcset=\"https:\/\/bergers-schlagerparadies.de\/wp-content\/uploads\/2025\/10\/Nadine-Sieben-Maenner-300x300.jpeg 300w, https:\/\/bergers-schlagerparadies.de\/wp-content\/uploads\/2025\/10\/Nadine-Sieben-Maenner-1024x1024.jpeg 1024w, https:\/\/bergers-schlagerparadies.de\/wp-content\/uploads\/2025\/10\/Nadine-Sieben-Maenner-150x150.jpeg 150w, https:\/\/bergers-schlagerparadies.de\/wp-content\/uploads\/2025\/10\/Nadine-Sieben-Maenner-768x768.jpeg 768w, https:\/\/bergers-schlagerparadies.de\/wp-content\/uploads\/2025\/10\/Nadine-Sieben-Maenner-1536x1536.jpeg 1536w, https:\/\/bergers-schlagerparadies.de\/wp-content\/uploads\/2025\/10\/Nadine-Sieben-Maenner-2048x2048.jpeg 2048w, https:\/\/bergers-schlagerparadies.de\/wp-content\/uploads\/2025\/10\/Nadine-Sieben-Maenner-1200x1200.jpeg 1200w, https:\/\/bergers-schlagerparadies.de\/wp-content\/uploads\/2025\/10\/Nadine-Sieben-Maenner-1188x1188.jpeg 1188w, https:\/\/bergers-schlagerparadies.de\/wp-content\/uploads\/2025\/10\/Nadine-Sieben-Maenner-100x100.jpeg 100w\" sizes=\"auto, (max-width: 300px) 100vw, 300px\" \/>Seit Jahrzehnten ist Herbert Gr\u00f6nemeyers \u201eM\u00e4nner\u201c ein Klassiker, der l\u00e4ngst Kultstatus erreicht hat. Nun verleiht S\u00e4ngerin Nadine Sieben dem Song einen ganz neuen Glanz \u2013 frisch, modern und mit einer gro\u00dfen Portion Augenzwinkern.<br \/>\nMit ihrer Version von \u201eM\u00e4nner\u201c beweist Nadine einmal mehr, wie vielseitig sie ist. Ob Pop, Schlager oder Kinderlieder \u2013 die K\u00fcnstlerin liebt es, Genregrenzen spielerisch zu \u00fcberschreiten und ihr Publikum immer wieder zu \u00fcberraschen.<br \/>\nNadine Sieben bringt mit \u201eM\u00e4nner\u201c einen Song, der sofort h\u00e4ngen bleibt und sich als perfekter Ohrwurm f\u00fcr Radio und Tanzfl\u00e4che erweist.<\/p>\n<p><span style=\"color: #800000;\"><strong>Quelle: Fiesta Records<\/strong><\/span><\/p>\n<p><span style=\"color: #800000;\"><strong>Dieser Song ist ab dem 10.10.2025 auf allen Download- und Streaming-Portalen erh\u00e4ltlich.\u00a0<\/strong><\/span><\/p>\n<p><span style=\"color: #800000;\"><strong>Airdate (f\u00fcr Radiosender): 08.10.2025<\/strong><\/span><\/p>\n","protected":false},"excerpt":{"rendered":"<p>Seit Jahrzehnten ist Herbert Gr\u00f6nemeyers \u201eM\u00e4nner\u201c ein Klassiker, der l\u00e4ngst Kultstatus erreicht hat. Nun verleiht S\u00e4ngerin Nadine Sieben dem Song einen ganz neuen Glanz \u2013 frisch, modern und mit einer gro\u00dfen Portion Augenzwinkern. Mit ihrer Version von \u201eM\u00e4nner\u201c beweist Nadine einmal mehr, wie vielseitig sie ist. Ob Pop, Schlager oder Kinderlieder \u2013 die K\u00fcnstlerin liebt es, Genregrenzen spielerisch zu \u00fcberschreiten und ihr Publikum immer wieder zu \u00fcberraschen. Nadine Sieben bringt mit \u201eM\u00e4nner\u201c einen Song, der sofort h\u00e4ngen bleibt und sich als perfekter Ohrwurm f\u00fcr Radio und Tanzfl\u00e4che erweist. Quelle: Fiesta Records Dieser Song ist ab dem 10.10.2025 auf allen Download- und Streaming-Portalen erh\u00e4ltlich.\u00a0 Airdate (f\u00fcr&#8230;<\/p>\n","protected":false},"author":1,"featured_media":38728,"comment_status":"open","ping_status":"open","sticky":false,"template":"","format":"standard","meta":{"footnotes":""},"categories":[3231,3232,2],"tags":[1304],"class_list":["post-38727","post","type-post","status-publish","format-standard","has-post-thumbnail","hentry","category-bergers-schlagerparadies","category-fiesta-records","category-schlager","tag-nadine-sieben","wpcat-3231-id","wpcat-3232-id","wpcat-2-id"],"_links":{"self":[{"href":"https:\/\/bergers-schlagerparadies.de\/index.php?rest_route=\/wp\/v2\/posts\/38727","targetHints":{"allow":["GET"]}}],"collection":[{"href":"https:\/\/bergers-schlagerparadies.de\/index.php?rest_route=\/wp\/v2\/posts"}],"about":[{"href":"https:\/\/bergers-schlagerparadies.de\/index.php?rest_route=\/wp\/v2\/types\/post"}],"author":[{"embeddable":true,"href":"https:\/\/bergers-schlagerparadies.de\/index.php?rest_route=\/wp\/v2\/users\/1"}],"replies":[{"embeddable":true,"href":"https:\/\/bergers-schlagerparadies.de\/index.php?rest_route=%2Fwp%2Fv2%2Fcomments&post=38727"}],"version-history":[{"count":2,"href":"https:\/\/bergers-schlagerparadies.de\/index.php?rest_route=\/wp\/v2\/posts\/38727\/revisions"}],"predecessor-version":[{"id":38828,"href":"https:\/\/bergers-schlagerparadies.de\/index.php?rest_route=\/wp\/v2\/posts\/38727\/revisions\/38828"}],"wp:featuredmedia":[{"embeddable":true,"href":"https:\/\/bergers-schlagerparadies.de\/index.php?rest_route=\/wp\/v2\/media\/38728"}],"wp:attachment":[{"href":"https:\/\/bergers-schlagerparadies.de\/index.php?rest_route=%2Fwp%2Fv2%2Fmedia&parent=38727"}],"wp:term":[{"taxonomy":"category","embeddable":true,"href":"https:\/\/bergers-schlagerparadies.de\/index.php?rest_route=%2Fwp%2Fv2%2Fcategories&post=38727"},{"taxonomy":"post_tag","embeddable":true,"href":"https:\/\/bergers-schlagerparadies.de\/index.php?rest_route=%2Fwp%2Fv2%2Ftags&post=38727"}],"curies":[{"name":"wp","href":"https:\/\/api.w.org\/{rel}","templated":true}]}}