{"id":38520,"date":"2025-09-23T09:55:36","date_gmt":"2025-09-23T07:55:36","guid":{"rendered":"https:\/\/bergers-schlagerparadies.de\/?p=38520"},"modified":"2025-09-23T09:55:36","modified_gmt":"2025-09-23T07:55:36","slug":"marco-sommer-liebe-bleibt-%c2%b7-bergers-schlagerparadies","status":"publish","type":"post","link":"https:\/\/bergers-schlagerparadies.de\/?p=38520","title":{"rendered":"Marco Sommer &#8211; Liebe bleibt \u00b7 Berger\u00b4s Schlagerparadies"},"content":{"rendered":"<p><img loading=\"lazy\" decoding=\"async\" class=\"size-medium wp-image-38521 alignleft\" src=\"https:\/\/bergers-schlagerparadies.de\/wp-content\/uploads\/2025\/09\/Marco-Sommer-Liebe-bleibt-300x300.jpeg\" alt=\"\" width=\"300\" height=\"300\" srcset=\"https:\/\/bergers-schlagerparadies.de\/wp-content\/uploads\/2025\/09\/Marco-Sommer-Liebe-bleibt-300x300.jpeg 300w, https:\/\/bergers-schlagerparadies.de\/wp-content\/uploads\/2025\/09\/Marco-Sommer-Liebe-bleibt-1024x1024.jpeg 1024w, https:\/\/bergers-schlagerparadies.de\/wp-content\/uploads\/2025\/09\/Marco-Sommer-Liebe-bleibt-150x150.jpeg 150w, https:\/\/bergers-schlagerparadies.de\/wp-content\/uploads\/2025\/09\/Marco-Sommer-Liebe-bleibt-768x768.jpeg 768w, https:\/\/bergers-schlagerparadies.de\/wp-content\/uploads\/2025\/09\/Marco-Sommer-Liebe-bleibt-1536x1536.jpeg 1536w, https:\/\/bergers-schlagerparadies.de\/wp-content\/uploads\/2025\/09\/Marco-Sommer-Liebe-bleibt-2048x2048.jpeg 2048w, https:\/\/bergers-schlagerparadies.de\/wp-content\/uploads\/2025\/09\/Marco-Sommer-Liebe-bleibt-1200x1200.jpeg 1200w, https:\/\/bergers-schlagerparadies.de\/wp-content\/uploads\/2025\/09\/Marco-Sommer-Liebe-bleibt-1188x1188.jpeg 1188w, https:\/\/bergers-schlagerparadies.de\/wp-content\/uploads\/2025\/09\/Marco-Sommer-Liebe-bleibt-100x100.jpeg 100w\" sizes=\"auto, (max-width: 300px) 100vw, 300px\" \/>Marco Sommer ist zur\u00fcck \u2013 mit \u201eLiebe bleibt\u201c!<\/p>\n<p>Ein up-tempo Song voller Gef\u00fchl im K\u00fcstenpopstil.<\/p>\n<p>Nach zwei Jahren kreativer Stille meldet sich Marco Sommer eindrucksvoll zur\u00fcck \u2013 mit einem Song, der Erinnerungen weckt, N\u00e4he schafft und mitten ins Herz trifft. \u201eLiebe bleibt\u201c erz\u00e4hlt von verpassten Chancen, bleibenden Gef\u00fchlen und der Frage, ob das Leben einen Plan f\u00fcr uns bereith\u00e4lt. Es ist ein musikalischer R\u00fcckblick, der gleichzeitig nach vorn schaut.<\/p>\n<p>Marco Sommer ist mehr als ein S\u00e4nger \u2013 er ist ein Publikumsmagnet. Seine Fans sind treue CD-K\u00e4ufer, echte Konzertbesucher und Menschen, die seine sympathische Art lieben. Wo Marco auftritt, bleibt er nicht nur in Erinnerung \u2013 er wird erwartet.<br \/>\nF\u00fcr die neue Produktion hat Marco Sommer selbst komponiert und sich mit Christoph Leis-Bendorff einen erfahrenen Produzenten an die Seite geholt. Der Text entstand in Zusammenarbeit mit Karsten Ruddigkeit, einem kreativen Kopf mit Gesp\u00fcr f\u00fcr emotionale Tiefe. F\u00fcr Radio und TV-Sender: \u201eLiebe bleibt\u201c ist ein Song, der sich nicht aufdr\u00e4ngt aber bleibt. Ideal f\u00fcr Playlists mit Herz, Interviews mit Substanz und Sendungen, die echte Geschichten erz\u00e4hlen wollen.<\/p>\n<p><span style=\"color: #800000;\"><strong>Quelle: GREJO Records<\/strong><\/span><\/p>\n<p><span style=\"color: #800000;\"><strong>Dieser Song ist ab dem 26.09.2025 auf allen Download- und Streaming-Portalen erh\u00e4ltlich.\u00a0<\/strong><\/span><\/p>\n<p><span style=\"color: #800000;\"><strong>Airdate (f\u00fcr Radiosender): 26.09.2025<\/strong><\/span><\/p>\n","protected":false},"excerpt":{"rendered":"<p>Marco Sommer ist zur\u00fcck \u2013 mit \u201eLiebe bleibt\u201c! Ein up-tempo Song voller Gef\u00fchl im K\u00fcstenpopstil. Nach zwei Jahren kreativer Stille meldet sich Marco Sommer eindrucksvoll zur\u00fcck \u2013 mit einem Song, der Erinnerungen weckt, N\u00e4he schafft und mitten ins Herz trifft. \u201eLiebe bleibt\u201c erz\u00e4hlt von verpassten Chancen, bleibenden Gef\u00fchlen und der Frage, ob das Leben einen Plan f\u00fcr uns bereith\u00e4lt. Es ist ein musikalischer R\u00fcckblick, der gleichzeitig nach vorn schaut. Marco Sommer ist mehr als ein S\u00e4nger \u2013 er ist ein Publikumsmagnet. Seine Fans sind treue CD-K\u00e4ufer, echte Konzertbesucher und Menschen, die seine sympathische Art lieben. Wo Marco auftritt, bleibt er nicht nur in Erinnerung \u2013&#8230;<\/p>\n","protected":false},"author":1,"featured_media":38521,"comment_status":"open","ping_status":"open","sticky":false,"template":"","format":"standard","meta":{"footnotes":""},"categories":[3231,4290,2],"tags":[1236],"class_list":["post-38520","post","type-post","status-publish","format-standard","has-post-thumbnail","hentry","category-bergers-schlagerparadies","category-grejo-records","category-schlager","tag-marco-sommer","wpcat-3231-id","wpcat-4290-id","wpcat-2-id"],"_links":{"self":[{"href":"https:\/\/bergers-schlagerparadies.de\/index.php?rest_route=\/wp\/v2\/posts\/38520","targetHints":{"allow":["GET"]}}],"collection":[{"href":"https:\/\/bergers-schlagerparadies.de\/index.php?rest_route=\/wp\/v2\/posts"}],"about":[{"href":"https:\/\/bergers-schlagerparadies.de\/index.php?rest_route=\/wp\/v2\/types\/post"}],"author":[{"embeddable":true,"href":"https:\/\/bergers-schlagerparadies.de\/index.php?rest_route=\/wp\/v2\/users\/1"}],"replies":[{"embeddable":true,"href":"https:\/\/bergers-schlagerparadies.de\/index.php?rest_route=%2Fwp%2Fv2%2Fcomments&post=38520"}],"version-history":[{"count":1,"href":"https:\/\/bergers-schlagerparadies.de\/index.php?rest_route=\/wp\/v2\/posts\/38520\/revisions"}],"predecessor-version":[{"id":38523,"href":"https:\/\/bergers-schlagerparadies.de\/index.php?rest_route=\/wp\/v2\/posts\/38520\/revisions\/38523"}],"wp:featuredmedia":[{"embeddable":true,"href":"https:\/\/bergers-schlagerparadies.de\/index.php?rest_route=\/wp\/v2\/media\/38521"}],"wp:attachment":[{"href":"https:\/\/bergers-schlagerparadies.de\/index.php?rest_route=%2Fwp%2Fv2%2Fmedia&parent=38520"}],"wp:term":[{"taxonomy":"category","embeddable":true,"href":"https:\/\/bergers-schlagerparadies.de\/index.php?rest_route=%2Fwp%2Fv2%2Fcategories&post=38520"},{"taxonomy":"post_tag","embeddable":true,"href":"https:\/\/bergers-schlagerparadies.de\/index.php?rest_route=%2Fwp%2Fv2%2Ftags&post=38520"}],"curies":[{"name":"wp","href":"https:\/\/api.w.org\/{rel}","templated":true}]}}