{"id":38436,"date":"2025-09-19T12:34:38","date_gmt":"2025-09-19T10:34:38","guid":{"rendered":"https:\/\/bergers-schlagerparadies.de\/?p=38436"},"modified":"2025-09-19T12:34:38","modified_gmt":"2025-09-19T10:34:38","slug":"paso-doble-dafuer-lieb-ich-dich-%c2%b7-bergers-schlagerparadies","status":"publish","type":"post","link":"https:\/\/bergers-schlagerparadies.de\/?p=38436","title":{"rendered":"Paso Doble &#8211; Daf\u00fcr lieb ich Dich \u00b7 Berger\u00b4s Schlagerparadies"},"content":{"rendered":"<p><img loading=\"lazy\" decoding=\"async\" class=\"size-medium wp-image-38437 alignleft\" src=\"https:\/\/bergers-schlagerparadies.de\/wp-content\/uploads\/2025\/09\/Paso-Doble-Dafuer-lieb-ich-Dich-300x300.jpeg\" alt=\"\" width=\"300\" height=\"300\" srcset=\"https:\/\/bergers-schlagerparadies.de\/wp-content\/uploads\/2025\/09\/Paso-Doble-Dafuer-lieb-ich-Dich-300x300.jpeg 300w, https:\/\/bergers-schlagerparadies.de\/wp-content\/uploads\/2025\/09\/Paso-Doble-Dafuer-lieb-ich-Dich-1024x1024.jpeg 1024w, https:\/\/bergers-schlagerparadies.de\/wp-content\/uploads\/2025\/09\/Paso-Doble-Dafuer-lieb-ich-Dich-150x150.jpeg 150w, https:\/\/bergers-schlagerparadies.de\/wp-content\/uploads\/2025\/09\/Paso-Doble-Dafuer-lieb-ich-Dich-768x768.jpeg 768w, https:\/\/bergers-schlagerparadies.de\/wp-content\/uploads\/2025\/09\/Paso-Doble-Dafuer-lieb-ich-Dich-1188x1188.jpeg 1188w, https:\/\/bergers-schlagerparadies.de\/wp-content\/uploads\/2025\/09\/Paso-Doble-Dafuer-lieb-ich-Dich-100x100.jpeg 100w, https:\/\/bergers-schlagerparadies.de\/wp-content\/uploads\/2025\/09\/Paso-Doble-Dafuer-lieb-ich-Dich.jpeg 1200w\" sizes=\"auto, (max-width: 300px) 100vw, 300px\" \/>Vier Jahrzehnte nach der Erstver\u00f6ffentlichung kehrt das Deb\u00fctalbum \u201eFantasie\u201c des Hamburger Kult-Duos Paso Doble als aufwendig remasterte Jubil\u00e4ums-Edition zur\u00fcck \u2013 erweitert um drei bislang unver\u00f6ffentlichte Songs. Ein Muss f\u00fcr Fans der Neuen Deutschen Welle und ein faszinierender Einstieg f\u00fcr neue H\u00f6rer.<\/p>\n<p>Bekannt durch NDW-Klassiker wie \u201eComputerliebe\u201c und \u201eHerz an Herz\u201c, feiern Rale und Frank Oberpichler mit der 40th Anniversary Edition nicht nur ihre Anf\u00e4nge, sondern \u00f6ffnen ihr kreatives Archiv:<br \/>\nDie neue Single \u201eDaf\u00fcr lieb ich Dich\u201c (ab 19.09.) stammt aus den fr\u00fchen 80ern und wurde gemeinsam mit Original-Tonmeister Frank Reinke neu produziert \u2013 inklusive einem Synthesizer-Solo von Frank.<br \/>\nMit \u201eMega-Herz\u201c und \u201eOase\u201c folgen zwei weitere Bonustracks, die einmal mehr den unverwechselbaren Sound von Paso Doble unterstreichen: energiegeladen, poetisch, elektronisch und immer emotional.<\/p>\n<p>Ein besonderes Highlight: Ein QR-Code auf dem Albumcover f\u00fchrt zu einer multimedialen Website mit Fotos, Videos und pers\u00f6nlichen Einblicken in die Entstehungsgeschichte des Duos.<\/p>\n<p>Mit dem Album \u201eFantasie (40th Anniversary Edition)\u201d schlagen Paso Doble eine Br\u00fccke zwischen Vergangenheit und Gegenwart \u2013 ein zeitloses Werk, das Klang\u00e4sthetik, Emotion und Authentizit\u00e4t vereint.<\/p>\n<p>\u00dcber Paso Doble<br \/>\nGegr\u00fcndet 1983, z\u00e4hlen Paso Doble zu den stilpr\u00e4genden Acts der Neuen Deutschen Welle. Mit ihrem futuristischen Sound, ikonischen TV-Auftritten und Hits wie \u201eComputerliebe\u201c oder \u201eHerz an Herz\u201c pr\u00e4gten sie eine ganze \u00c4ra \u2013 sowohl als K\u00fcnstler wie auch als Songwriter und Produzenten. Sie arbeiteten u.\u202fa. mit Peter Schilling, Bl\u00fcmchen, Juliane Werding, Rio Reiser und Rolf Zuckowski. Auch im Bereich der Kinderlieder (u.\u202fa. \u201eRolfs Vogelhochzeit\u201c, \u201ePettersson und Findus\u201c) erreichten sie Millionenpublikum. Seit 2004 wieder vermehrt live aktiv, ver\u00f6ffentlichen Rale und Frank bis heute neue Musik \u2013 verbunden durch ihre kreative Partnerschaft und eine \u00fcber 40-j\u00e4hrige Liebesgeschichte.<\/p>\n<p><span style=\"color: #800000;\"><strong>Quelle: Warner Music International<\/strong><\/span><\/p>\n<p><span style=\"color: #800000;\"><strong>Dieser Song ist ab dem 19.09.2025 auf allen Download- und Streaming-Portalen erh\u00e4ltlich.\u00a0<\/strong><\/span><\/p>\n<p><span style=\"color: #800000;\"><strong>Airdate (f\u00fcr Radiosender): 19.09.2025<\/strong><\/span><\/p>\n","protected":false},"excerpt":{"rendered":"<p>Vier Jahrzehnte nach der Erstver\u00f6ffentlichung kehrt das Deb\u00fctalbum \u201eFantasie\u201c des Hamburger Kult-Duos Paso Doble als aufwendig remasterte Jubil\u00e4ums-Edition zur\u00fcck \u2013 erweitert um drei bislang unver\u00f6ffentlichte Songs. Ein Muss f\u00fcr Fans der Neuen Deutschen Welle und ein faszinierender Einstieg f\u00fcr neue H\u00f6rer. Bekannt durch NDW-Klassiker wie \u201eComputerliebe\u201c und \u201eHerz an Herz\u201c, feiern Rale und Frank Oberpichler mit der 40th Anniversary Edition nicht nur ihre Anf\u00e4nge, sondern \u00f6ffnen ihr kreatives Archiv: Die neue Single \u201eDaf\u00fcr lieb ich Dich\u201c (ab 19.09.) stammt aus den fr\u00fchen 80ern und wurde gemeinsam mit Original-Tonmeister Frank Reinke neu produziert \u2013 inklusive einem Synthesizer-Solo von Frank. Mit \u201eMega-Herz\u201c und \u201eOase\u201c folgen zwei weitere&#8230;<\/p>\n","protected":false},"author":1,"featured_media":38437,"comment_status":"open","ping_status":"open","sticky":false,"template":"","format":"standard","meta":{"footnotes":""},"categories":[3231,3298,3456],"tags":[1650],"class_list":["post-38436","post","type-post","status-publish","format-standard","has-post-thumbnail","hentry","category-bergers-schlagerparadies","category-pop-deutschsprachig","category-warner-music-international","tag-paso-doble","wpcat-3231-id","wpcat-3298-id","wpcat-3456-id"],"_links":{"self":[{"href":"https:\/\/bergers-schlagerparadies.de\/index.php?rest_route=\/wp\/v2\/posts\/38436","targetHints":{"allow":["GET"]}}],"collection":[{"href":"https:\/\/bergers-schlagerparadies.de\/index.php?rest_route=\/wp\/v2\/posts"}],"about":[{"href":"https:\/\/bergers-schlagerparadies.de\/index.php?rest_route=\/wp\/v2\/types\/post"}],"author":[{"embeddable":true,"href":"https:\/\/bergers-schlagerparadies.de\/index.php?rest_route=\/wp\/v2\/users\/1"}],"replies":[{"embeddable":true,"href":"https:\/\/bergers-schlagerparadies.de\/index.php?rest_route=%2Fwp%2Fv2%2Fcomments&post=38436"}],"version-history":[{"count":1,"href":"https:\/\/bergers-schlagerparadies.de\/index.php?rest_route=\/wp\/v2\/posts\/38436\/revisions"}],"predecessor-version":[{"id":38438,"href":"https:\/\/bergers-schlagerparadies.de\/index.php?rest_route=\/wp\/v2\/posts\/38436\/revisions\/38438"}],"wp:featuredmedia":[{"embeddable":true,"href":"https:\/\/bergers-schlagerparadies.de\/index.php?rest_route=\/wp\/v2\/media\/38437"}],"wp:attachment":[{"href":"https:\/\/bergers-schlagerparadies.de\/index.php?rest_route=%2Fwp%2Fv2%2Fmedia&parent=38436"}],"wp:term":[{"taxonomy":"category","embeddable":true,"href":"https:\/\/bergers-schlagerparadies.de\/index.php?rest_route=%2Fwp%2Fv2%2Fcategories&post=38436"},{"taxonomy":"post_tag","embeddable":true,"href":"https:\/\/bergers-schlagerparadies.de\/index.php?rest_route=%2Fwp%2Fv2%2Ftags&post=38436"}],"curies":[{"name":"wp","href":"https:\/\/api.w.org\/{rel}","templated":true}]}}