{"id":38383,"date":"2025-09-22T10:30:52","date_gmt":"2025-09-22T08:30:52","guid":{"rendered":"https:\/\/bergers-schlagerparadies.de\/?p=38383"},"modified":"2025-09-19T10:04:04","modified_gmt":"2025-09-19T08:04:04","slug":"eli-melinda-wenn-du-nicht-da-bist-%c2%b7-bergers-schlagerparadies","status":"publish","type":"post","link":"https:\/\/bergers-schlagerparadies.de\/?p=38383","title":{"rendered":"Eli Melinda &#8211; Wenn Du nicht da bist \u00b7 Berger\u00b4s Schlagerparadies"},"content":{"rendered":"<p><img loading=\"lazy\" decoding=\"async\" class=\"size-medium wp-image-38384 alignleft\" src=\"https:\/\/bergers-schlagerparadies.de\/wp-content\/uploads\/2025\/09\/Eli-Melinda-Wenn-Du-nicht-da-bist-300x300.jpeg\" alt=\"\" width=\"300\" height=\"300\" srcset=\"https:\/\/bergers-schlagerparadies.de\/wp-content\/uploads\/2025\/09\/Eli-Melinda-Wenn-Du-nicht-da-bist-300x300.jpeg 300w, https:\/\/bergers-schlagerparadies.de\/wp-content\/uploads\/2025\/09\/Eli-Melinda-Wenn-Du-nicht-da-bist-1024x1024.jpeg 1024w, https:\/\/bergers-schlagerparadies.de\/wp-content\/uploads\/2025\/09\/Eli-Melinda-Wenn-Du-nicht-da-bist-150x150.jpeg 150w, https:\/\/bergers-schlagerparadies.de\/wp-content\/uploads\/2025\/09\/Eli-Melinda-Wenn-Du-nicht-da-bist-768x768.jpeg 768w, https:\/\/bergers-schlagerparadies.de\/wp-content\/uploads\/2025\/09\/Eli-Melinda-Wenn-Du-nicht-da-bist-1536x1536.jpeg 1536w, https:\/\/bergers-schlagerparadies.de\/wp-content\/uploads\/2025\/09\/Eli-Melinda-Wenn-Du-nicht-da-bist-2048x2048.jpeg 2048w, https:\/\/bergers-schlagerparadies.de\/wp-content\/uploads\/2025\/09\/Eli-Melinda-Wenn-Du-nicht-da-bist-1200x1200.jpeg 1200w, https:\/\/bergers-schlagerparadies.de\/wp-content\/uploads\/2025\/09\/Eli-Melinda-Wenn-Du-nicht-da-bist-1188x1188.jpeg 1188w, https:\/\/bergers-schlagerparadies.de\/wp-content\/uploads\/2025\/09\/Eli-Melinda-Wenn-Du-nicht-da-bist-100x100.jpeg 100w\" sizes=\"auto, (max-width: 300px) 100vw, 300px\" \/>Charme, Stimme und Charisma \u2013 das ist die Erfolgsmischung von Eli Melinda!<\/p>\n<p>Bereits mit ihrer ersten Herz7-Ver\u00f6ffentlichung sorgte Eli Melinda f\u00fcr viel Furore: \u201eIch freu mich\u201c \u2013 ein locker-lieblicher Popschlager, erreichte fast 1000 (!) Radio Plays, diverse Chartplatzierungen bei den Austrian-, DDP- und Amazon-Charts. Und sie selbst lie\u00df den Bl\u00e4tterwald rauschen, l\u00e4chelte gar wochenlang von der Titelseite eines arrivierten Yellow-Press Magazins.<\/p>\n<p>Ihr neuer Titel \u201eWenn Du nicht da bist\u201c, ebenfalls von Produzententeam Felice Pedull\u00e1 und Hubert Nitsch aufgenommen, wird, so ist sich die Fachwelt sicher, an diese Erfolge ankn\u00fcpfen.<\/p>\n<p>\u201eDer Song zeigt, wie tief und intensiv Liebe empfunden werden kann. Das sch\u00f6nste Gef\u00fchl im Leben. Gleichzeitig ist sie jedoch zerbrechlich wie d\u00fcnnes Glas \u2013 so fragil, dass aus diesem Gef\u00fchl des Gl\u00fccks auch Angst entstehen kann. Denn die Liebe bringt nicht nur Licht, sondern auch die Sorge, den geliebten Menschen zu verlieren.\u201c \u2013 so die S\u00e4ngerin zu ihrem aktuellen Titel, der diese beiden Gef\u00fchlswelten, die so beieinander sein k\u00f6nnen, vereint.<\/p>\n<p><span style=\"color: #800000;\"><strong>Quelle: Herz7<\/strong><\/span><\/p>\n<p><span style=\"color: #800000;\"><strong>Dieser Song ist ab dem 19.09.2025 auf allen Download- und Streaming-Portalen erh\u00e4ltlich.\u00a0<\/strong><\/span><\/p>\n<p><span style=\"color: #800000;\"><strong>Airdate (f\u00fcr Radiosender): 26.09.2025<\/strong><\/span><\/p>\n","protected":false},"excerpt":{"rendered":"<p>Charme, Stimme und Charisma \u2013 das ist die Erfolgsmischung von Eli Melinda! Bereits mit ihrer ersten Herz7-Ver\u00f6ffentlichung sorgte Eli Melinda f\u00fcr viel Furore: \u201eIch freu mich\u201c \u2013 ein locker-lieblicher Popschlager, erreichte fast 1000 (!) Radio Plays, diverse Chartplatzierungen bei den Austrian-, DDP- und Amazon-Charts. Und sie selbst lie\u00df den Bl\u00e4tterwald rauschen, l\u00e4chelte gar wochenlang von der Titelseite eines arrivierten Yellow-Press Magazins. Ihr neuer Titel \u201eWenn Du nicht da bist\u201c, ebenfalls von Produzententeam Felice Pedull\u00e1 und Hubert Nitsch aufgenommen, wird, so ist sich die Fachwelt sicher, an diese Erfolge ankn\u00fcpfen. \u201eDer Song zeigt, wie tief und intensiv Liebe empfunden werden kann. Das sch\u00f6nste Gef\u00fchl im Leben&#8230;.<\/p>\n","protected":false},"author":1,"featured_media":38384,"comment_status":"open","ping_status":"open","sticky":false,"template":"","format":"standard","meta":{"footnotes":""},"categories":[3231,3451,3298,2],"tags":[1237],"class_list":["post-38383","post","type-post","status-publish","format-standard","has-post-thumbnail","hentry","category-bergers-schlagerparadies","category-herz7","category-pop-deutschsprachig","category-schlager","tag-eli-melinda","wpcat-3231-id","wpcat-3451-id","wpcat-3298-id","wpcat-2-id"],"_links":{"self":[{"href":"https:\/\/bergers-schlagerparadies.de\/index.php?rest_route=\/wp\/v2\/posts\/38383","targetHints":{"allow":["GET"]}}],"collection":[{"href":"https:\/\/bergers-schlagerparadies.de\/index.php?rest_route=\/wp\/v2\/posts"}],"about":[{"href":"https:\/\/bergers-schlagerparadies.de\/index.php?rest_route=\/wp\/v2\/types\/post"}],"author":[{"embeddable":true,"href":"https:\/\/bergers-schlagerparadies.de\/index.php?rest_route=\/wp\/v2\/users\/1"}],"replies":[{"embeddable":true,"href":"https:\/\/bergers-schlagerparadies.de\/index.php?rest_route=%2Fwp%2Fv2%2Fcomments&post=38383"}],"version-history":[{"count":1,"href":"https:\/\/bergers-schlagerparadies.de\/index.php?rest_route=\/wp\/v2\/posts\/38383\/revisions"}],"predecessor-version":[{"id":38385,"href":"https:\/\/bergers-schlagerparadies.de\/index.php?rest_route=\/wp\/v2\/posts\/38383\/revisions\/38385"}],"wp:featuredmedia":[{"embeddable":true,"href":"https:\/\/bergers-schlagerparadies.de\/index.php?rest_route=\/wp\/v2\/media\/38384"}],"wp:attachment":[{"href":"https:\/\/bergers-schlagerparadies.de\/index.php?rest_route=%2Fwp%2Fv2%2Fmedia&parent=38383"}],"wp:term":[{"taxonomy":"category","embeddable":true,"href":"https:\/\/bergers-schlagerparadies.de\/index.php?rest_route=%2Fwp%2Fv2%2Fcategories&post=38383"},{"taxonomy":"post_tag","embeddable":true,"href":"https:\/\/bergers-schlagerparadies.de\/index.php?rest_route=%2Fwp%2Fv2%2Ftags&post=38383"}],"curies":[{"name":"wp","href":"https:\/\/api.w.org\/{rel}","templated":true}]}}