{"id":38335,"date":"2025-09-18T10:20:08","date_gmt":"2025-09-18T08:20:08","guid":{"rendered":"https:\/\/bergers-schlagerparadies.de\/?p=38335"},"modified":"2025-09-18T10:20:30","modified_gmt":"2025-09-18T08:20:30","slug":"unheilig-wunderschoen-%c2%b7-bergers-schlagerparadies","status":"publish","type":"post","link":"https:\/\/bergers-schlagerparadies.de\/?p=38335","title":{"rendered":"Unheilig  &#8211; Wundersch\u00f6n \u00b7 Berger\u00b4s Schlagerparadies"},"content":{"rendered":"<div class=\"_3Y0Lj\"><img loading=\"lazy\" decoding=\"async\" class=\"size-medium wp-image-38337 alignleft\" src=\"https:\/\/bergers-schlagerparadies.de\/wp-content\/uploads\/2025\/09\/Unheilig-Wunderschoen-300x298.jpg\" alt=\"\" width=\"300\" height=\"298\" srcset=\"https:\/\/bergers-schlagerparadies.de\/wp-content\/uploads\/2025\/09\/Unheilig-Wunderschoen-300x298.jpg 300w, https:\/\/bergers-schlagerparadies.de\/wp-content\/uploads\/2025\/09\/Unheilig-Wunderschoen-150x150.jpg 150w, https:\/\/bergers-schlagerparadies.de\/wp-content\/uploads\/2025\/09\/Unheilig-Wunderschoen-100x100.jpg 100w, https:\/\/bergers-schlagerparadies.de\/wp-content\/uploads\/2025\/09\/Unheilig-Wunderschoen.jpg 768w\" sizes=\"auto, (max-width: 300px) 100vw, 300px\" \/>Nach neun langen Jahren meldet sich der Graf mit seiner Formation UNHEILIG endlich mit neuer Musik zur\u00fcck und k\u00fcndigt eine umfangreiche Arena Tour f\u00fcr den Herbst\/Winter 2026\/2027 an. Die Comeback-Single \u201eWundersch\u00f6n\u201c<em>\u00a0<\/em>erscheint, begleitet von einem Musikvideo und einem Live-Auftritt im Rahmen der Preisverleihung \u201eGoldene Henne\u201c in Leipzig am 12.09.2026. Ein brandneues Studioalbum mit dem Titel LIEBE GLAUBE MONSTER wird im M\u00e4rz 2026 ver\u00f6ffentlicht.<\/div>\n<div class=\"_3Y0Lj\">Das sagt der Graf \u00fcber seine Comeback-Single \u201eWundersch\u00f6n\u201c:<\/div>\n<div class=\"_3Y0Lj\">\n<p>\u201eWundersch\u00f6n\u201c<em>\u00a0ist ein Song \u00fcber die Freundschaft und Verbundenheit. Und das wunderbare Gef\u00fchl und Geschenk, sich nach einer l\u00e4ngeren Zeit, in der man sich nicht gesehen hat, wieder in die Arme zu schlie\u00dfen. Erinnerungen zu teilen, sich geborgen zu f\u00fchlen, gemeinsam in die Zukunft zu schauen, Zeit miteinander zu verbringen, sich einander nah zu f\u00fchlen. Ich glaube, dass wir uns alle nach solchen Momenten und Gef\u00fchlen sehnen. Und gl\u00fccklich sind, wenn wir sie erfahren. Nach meinem Abschied hatte ich diese Momente und diese gemeinsame Zeit. Mit meiner Familie, mit Freunden, mit Menschen, die ich lange Zeit nicht gesehen hatte. Jetzt freue ich mich aber auch ungemein darauf, diese Gef\u00fchle und Momente wieder mit meinen Fans teilen zu k\u00f6nnen. Die ich in all den Jahren nat\u00fcrlich auch vermisst habe. Und mit Menschen, die mir \u00fcber die ganzen Jahre wichtig geworden sind. Die ich aber in meiner Zeit als Privatperson nicht so h\u00e4ufig gesehen habe. Dieses \u201eWundersch\u00f6n\u201c-Gef\u00fchl musste ich einfach in einem Lied festhalten.\u201c<\/em><\/p>\n<\/div>\n<div class=\"_3Y0Lj\">\u201eWundersch\u00f6n\u201c<em>\u00a0<\/em>ist der erste musikalische Vorgeschmack auf das neue Album\u00a0LIEBE GLAUBE MONSTER, auf den die Fans seit der Comeback-Ank\u00fcndigung des Grafen im Februar bereits sehns\u00fcchtig gewartet haben. Und sie werden nicht entt\u00e4uscht! \u201eWundersch\u00f6n\u201c kn\u00fcpft musikalisch nahtlos an die gro\u00dfen emotionalen Songs und Live-Momente an, mit denen sich der Graf und Unheilig in seiner beispiellosen Karriere in die Herzen von Millionen Fans gespielt hatte, bevor im Rahmen eines tief bewegenden Konzertes im Rhein-Energie-Stadion in K\u00f6ln am 10. September 2016 zun\u00e4chst der letzte Vorhang fiel. Genau auf den Tag neun Jahre sp\u00e4ter hebt sich der Vorhang erneut mit der Ank\u00fcndigung des neuen Albums, der gro\u00dfen Arena-Tournee und der Ver\u00f6ffentlichung der \u00a0Comeback-Single zwei Tage sp\u00e4ter. Es beginnt ein neues Kapitel in der bemerkenswerten Geschichte von Der Graf und\u00a0UNHEILIG.<\/div>\n<div class=\"_3Y0Lj\"><strong>\u00a0<\/strong><\/div>\n<div class=\"_3Y0Lj\">So beschreibt der Graf das neue Album:<\/div>\n<div class=\"_3Y0Lj\"><em>\u201eWie jedes\u00a0<\/em>UNHEILIG<em>-Album, so ist auch das neue Studioalbum\u00a0<\/em>LIEBE GLAUBE MONSTER\u00a0<em>ein Konzeptalbum. Ich hatte in den vergangenen neun Jahren viel Zeit, um meine Inspiration und die kreativen Ideen zu sammeln und in Musik zu fassen. Es sind die Themen und Facetten meines Lebens, die ich mit den Menschen teilen m\u00f6chte. Meine Gedanken, Erfahrungen, Tr\u00e4ume, Erlebnisse, \u00c4ngste und Emotionen. Musik war immer meine Sprache, und mit Musik geht das f\u00fcr mich am besten. Und der Albumtitel erschien mir passend, all das, worum es in meinen neuen Songs geht, zu vereinen\u201c<\/em><\/div>\n<div class=\"_3Y0Lj\">UNHEILIG<em> hat sich schon immer durch eine sehr gro\u00dfe musikalische Bandbreite ausgezeichnet. Von Metall \u00fcber Pop, Rock und Balladen zu Schlager und Punkrock oder Alternative Musik und Electro findet sich alles in der Musikalit\u00e4t bei <\/em>UNHEILIG<em>\u00a0wieder. Wir sind fr\u00fcher in Wacken und bei Carmen Nebel aufgetreten, dieser scheinbare Spagat ist Teil der\u00a0<\/em>UNHEILIG-DNA<em>\u00a0und dies bleibt auch\u00a0<\/em>LIEBE GLAUBE MONSTER <em>so. Demnach wird es auf dem Album eine bunte Mischung aus schnellen Songs, h\u00e4rteren Songs, Balladen, Midtempo Songs oder auch schlageresken Titeln geben. Das alles ist Teil von\u00a0<\/em>UNHEILIG<em>.\u201c<\/em><\/div>\n<div class=\"_3Y0Lj\"><em>\u00a0<\/em><\/div>\n<div class=\"_3Y0Lj\">UNHEILIG werden auf in den n\u00e4chsten Monaten auf umfangreiche Tourneen gehen. Im Herbst und Winter 2025\/2026 stehen die weitestgehend ausverkauften Comeback-Konzerte an, die im Sommer durch zahlreiche Open Air-Shows fortgesetzt werden. Im Herbst\/Winter 2026\/2027 folgt eine gro\u00dfe Arena-Tour zum neuen Album LIEBE GLAUBE MONSTER mit Stationen in Deutschland, \u00d6sterreich und in der Schweiz.<\/div>\n<div class=\"_3Y0Lj\">TV-Premiere \u201eWundersch\u00f6n\u201c und gro\u00dfes\u00a0UNHEILIG<strong>&#8211;<\/strong>Comeback bei der \u201eGoldenen Henne\u201c am Freitag, den 12.09.2025 um 20:15 Uhr in der ARD.<\/div>\n<div><\/div>\n<div class=\"_3Y0Lj\"><span style=\"color: #800000;\"><strong>WIEDER ZUR\u00dcCK \u2013 DIE COMEBACK KONZERTE 2025\/26<\/strong><\/span><\/div>\n<div><\/div>\n<div class=\"_3Y0Lj\">13.11.2025 \u00a0\u00a0 Leipzig \u2013 Haus Auensee (<em>ausverkauft)<\/em><\/div>\n<div class=\"_3Y0Lj\">14.11.2025 \u00a0\u00a0 Leipzig \u2013 Haus Auensee (<em>ausverkauft)<\/em><\/div>\n<div class=\"_3Y0Lj\">20.11.2025 \u00a0\u00a0 Leipzig \u2013 Haus Auensee (<em>ausverkauft)<\/em><\/div>\n<div class=\"_3Y0Lj\">21.11.2025 \u00a0\u00a0 Leipzig \u2013 Haus Auensee (<em>ausverkauft)<\/em><\/div>\n<div class=\"_3Y0Lj\">06.12.2025 \u00a0\u00a0 Hamburg \u2013 Inselpark Arena (<em>ausverkauft)<\/em><\/div>\n<div class=\"_3Y0Lj\">17.12.2025 \u00a0\u00a0 M\u00fcnchen \u2013 Zenith (<em>ausverkauft)<\/em><\/div>\n<div class=\"_3Y0Lj\">18.12.2025 \u00a0\u00a0 M\u00fcnchen \u2013 Zenith (<em>ausverkauft)<\/em><\/div>\n<div class=\"_3Y0Lj\">20.12.2025 \u00a0\u00a0 Berlin \u2013 Uber Eats Music Hall (<em>ausverkauft)<\/em><\/div>\n<div class=\"_3Y0Lj\">21.12.2025 \u00a0\u00a0 Berlin \u2013 Uber Eats Music Hall (<em>ausverkauft)<\/em><\/div>\n<div class=\"_3Y0Lj\">22.12.2025 \u00a0\u00a0 K\u00f6ln \u2013 Palladium (<em>ausverkauft)<\/em><\/div>\n<div class=\"_3Y0Lj\">23.12.2025 \u00a0\u00a0 K\u00f6ln \u2013 Palladium (<em>ausverkauft)<\/em><\/div>\n<div class=\"_3Y0Lj\">29.12.2025 \u00a0\u00a0 Oberhausen \u2013 Turbinenhalle (<em>ausverkauft)<\/em><\/div>\n<div class=\"_3Y0Lj\">30.12.2025 \u00a0\u00a0 Oberhausen \u2013 Turbinenhalle (<em>ausverkauft)<\/em><\/div>\n<div class=\"_3Y0Lj\">08.01.2026 \u00a0\u00a0 Hamburg \u2013 Inselpark Arena (<em>ausverkauft)<\/em><\/div>\n<div class=\"_3Y0Lj\">09.01.2026 \u00a0\u00a0 Hamburg \u2013 Inselpark Arena (<em>ausverkauft)<\/em><\/div>\n<div class=\"_3Y0Lj\">15.01.2026 \u00a0\u00a0 Oberhausen \u2013 Turbinenhalle (<em>ausverkauft)<\/em><\/div>\n<div class=\"_3Y0Lj\">16.01.2026 \u00a0\u00a0 Oberhausen \u2013 Turbinenhalle (<em>ausverkauft)<\/em><\/div>\n<div class=\"_3Y0Lj\"><\/div>\n<div class=\"_3Y0Lj\"><span style=\"color: #800000;\"><strong>WUNDERSCH\u00d6N \u2013 DIE COMEBACK KONZERTE 2026<\/strong><\/span><\/div>\n<div><\/div>\n<div class=\"_3Y0Lj\">04.06.2026 \u00a0\u00a0 Saarbr\u00fccken \u2013 Saarlandhalle<\/div>\n<div class=\"_3Y0Lj\">05.06.2026 \u00a0\u00a0 Saarbr\u00fccken \u2013 Saarlandhalle<\/div>\n<div class=\"_3Y0Lj\">06.06.2026 \u00a0\u00a0 Tettnang am Bodensee \u2013 Schlossplatz<\/div>\n<div class=\"_3Y0Lj\">07.06.2026 \u00a0\u00a0 CH \u2013 Bern \u2013 Festhalle (<em>ausverkauft)<\/em><\/div>\n<div class=\"_3Y0Lj\">13.06.2026 \u00a0\u00a0 Berlin \u2013 Parkb\u00fchne Wuhlheide (<em>ausverkauft)<\/em><\/div>\n<div class=\"_3Y0Lj\">20.06.2026 \u00a0\u00a0 M\u00f6nchengladbach \u2013 Sparkassenpark<\/div>\n<div class=\"_3Y0Lj\">26.06.2026 \u00a0\u00a0 A \u2013 Graz \u2013 Freiluftarena<\/div>\n<div class=\"_3Y0Lj\">27.06.2026 \u00a0\u00a0 A \u2013 Clam \u2013 Burg Clam (<em>ausverkauft)<\/em><\/div>\n<div class=\"_3Y0Lj\">28.08.2026 \u00a0\u00a0 Dresden \u2013 Filmn\u00e4chte am Elbufer (<em>ausverkauft)<\/em><\/div>\n<div class=\"_3Y0Lj\">29.08.2026 \u00a0\u00a0 Dresden \u2013 Filmn\u00e4chte am Elbufer (<em>ausverkauft)<\/em><\/div>\n<div class=\"_3Y0Lj\"><\/div>\n<div class=\"_3Y0Lj\"><span style=\"color: #800000;\"><strong>TOUR DATEN LIEBE GLAUBE MONSTER ARENA TOUR<\/strong><\/span><\/div>\n<div><\/div>\n<div class=\"_3Y0Lj\">Offizieller Ticket VVK Start: Freitag, 12.09., 12 Uhr<\/div>\n<div class=\"_3Y0Lj\"><\/div>\n<div class=\"_3Y0Lj\">14.11.2026\u00a0\u00a0\u00a0 Bremen \u2013 \u00d6VB-Arena<\/div>\n<div class=\"_3Y0Lj\">20.11.2026\u00a0\u00a0\u00a0 Leipzig \u2013 QUARTERBACK Immobilien ARENA<\/div>\n<div class=\"_3Y0Lj\">21.11.2026\u00a0\u00a0\u00a0 Bamberg \u2013 Brose Arena<\/div>\n<div class=\"_3Y0Lj\">27.11.2026\u00a0\u00a0\u00a0 Frankfurt \u2013 Festhalle Messe Frankfurt<\/div>\n<div class=\"_3Y0Lj\">28.11.2026\u00a0\u00a0\u00a0 Erfurt \u2013 Messe \/ Halle 1<\/div>\n<div class=\"_3Y0Lj\">03.12.2026\u00a0\u00a0\u00a0 Cottbus \u2013 Messe<\/div>\n<div class=\"_3Y0Lj\">04.12.2026\u00a0\u00a0\u00a0 Magdeburg \u2013 GETEC-Arena<\/div>\n<div class=\"_3Y0Lj\">17.12.2026\u00a0\u00a0\u00a0 K\u00f6ln \u2013 Lanxess Arena<\/div>\n<div class=\"_3Y0Lj\">18.12.2026\u00a0\u00a0\u00a0 Hannover \u2013 ZAG Arena<\/div>\n<div class=\"_3Y0Lj\">19.12.2026\u00a0\u00a0\u00a0 Rostock \u2013 Stadt Halle<\/div>\n<div class=\"_3Y0Lj\">28.12.2026\u00a0\u00a0\u00a0 Dortmund \u2013 Westfalenhalle 1<\/div>\n<div class=\"_3Y0Lj\">16.01.2027\u00a0\u00a0\u00a0 M\u00fcnchen \u2013 Zenith<\/div>\n<div class=\"_3Y0Lj\">21.01.2027\u00a0\u00a0\u00a0 CH-Z\u00fcrich \u2013 Hallenstadion<\/div>\n<div class=\"_3Y0Lj\">22.01.2027\u00a0\u00a0\u00a0 Kempten \u2013 bigBOX ALLG\u00c4U<\/div>\n<div class=\"_3Y0Lj\">29.01.2027\u00a0\u00a0\u00a0 Hamburg \u2013 Barclays Arena<\/div>\n<div class=\"_3Y0Lj\">30.01.2027\u00a0\u00a0\u00a0 Kiel \u2013 Wunderino Arena<\/div>\n<div class=\"_3Y0Lj\">05.02.2027\u00a0\u00a0\u00a0 Kassel \u2013 Nordhessen Arena<\/div>\n<div class=\"_3Y0Lj\">06.02.2027\u00a0\u00a0\u00a0 Berlin \u2013 Uber Arena<\/div>\n<div class=\"_3Y0Lj\">12.02.2027\u00a0\u00a0\u00a0 Lingen \u2013 Emsland Arena<\/div>\n<div class=\"_3Y0Lj\">13.02.2027\u00a0\u00a0\u00a0 Stuttgart \u2013 Hanns-Martin-Schleyer-Halle<\/div>\n<div class=\"_3Y0Lj\">18.02.2027\u00a0\u00a0\u00a0 Mannheim \u2013 SAP Arena<\/div>\n<div class=\"_3Y0Lj\">19.02.2027\u00a0\u00a0\u00a0 Trier \u2013 SWT Arena<\/div>\n<div class=\"_3Y0Lj\">20.02.2027\u00a0\u00a0\u00a0 Freiburg \u2013 SICK-ARENA<\/div>\n<div class=\"_3Y0Lj\">25.02.2027\u00a0\u00a0\u00a0 Regensburg \u2013 das Stadtwerk. Donau-Arena<\/div>\n<div class=\"_3Y0Lj\">26.02.2027\u00a0\u00a0\u00a0 A \u2013 Wien \u2013 Stadthalle<\/div>\n<div class=\"_3Y0Lj\">27.02.2027\u00a0\u00a0\u00a0 \u00a0A \u2013 Innsbruck \u2013 Olympiahalle<\/div>\n<p><span style=\"color: #800000;\"><strong>Quelle: Universal Music Group<\/strong><\/span><\/p>\n<p><span style=\"color: #800000;\"><strong>Dieser Song ist ab dem 12.09.2025 auf allen Download- und Streaming-Portalen erh\u00e4ltlich.\u00a0<\/strong><\/span><\/p>\n<p><span style=\"color: #800000;\"><strong>Airdate (f\u00fcr Radiosender): 12.09.2025<\/strong><\/span><\/p>\n","protected":false},"excerpt":{"rendered":"<p>Nach neun langen Jahren meldet sich der Graf mit seiner Formation UNHEILIG endlich mit neuer Musik zur\u00fcck und k\u00fcndigt eine umfangreiche Arena Tour f\u00fcr den Herbst\/Winter 2026\/2027 an. Die Comeback-Single \u201eWundersch\u00f6n\u201c\u00a0erscheint, begleitet von einem Musikvideo und einem Live-Auftritt im Rahmen der Preisverleihung \u201eGoldene Henne\u201c in Leipzig am 12.09.2026. Ein brandneues Studioalbum mit dem Titel LIEBE GLAUBE MONSTER wird im M\u00e4rz 2026 ver\u00f6ffentlicht. Das sagt der Graf \u00fcber seine Comeback-Single \u201eWundersch\u00f6n\u201c: \u201eWundersch\u00f6n\u201c\u00a0ist ein Song \u00fcber die Freundschaft und Verbundenheit. Und das wunderbare Gef\u00fchl und Geschenk, sich nach einer l\u00e4ngeren Zeit, in der man sich nicht gesehen hat, wieder in die Arme zu schlie\u00dfen. Erinnerungen zu teilen,&#8230;<\/p>\n","protected":false},"author":1,"featured_media":38337,"comment_status":"open","ping_status":"open","sticky":false,"template":"","format":"standard","meta":{"footnotes":""},"categories":[3995,3231,3298,2,3402],"tags":[316],"class_list":["post-38335","post","type-post","status-publish","format-standard","has-post-thumbnail","hentry","category-ballade","category-bergers-schlagerparadies","category-pop-deutschsprachig","category-schlager","category-universal-music-group","tag-unheilig","wpcat-3995-id","wpcat-3231-id","wpcat-3298-id","wpcat-2-id","wpcat-3402-id"],"_links":{"self":[{"href":"https:\/\/bergers-schlagerparadies.de\/index.php?rest_route=\/wp\/v2\/posts\/38335","targetHints":{"allow":["GET"]}}],"collection":[{"href":"https:\/\/bergers-schlagerparadies.de\/index.php?rest_route=\/wp\/v2\/posts"}],"about":[{"href":"https:\/\/bergers-schlagerparadies.de\/index.php?rest_route=\/wp\/v2\/types\/post"}],"author":[{"embeddable":true,"href":"https:\/\/bergers-schlagerparadies.de\/index.php?rest_route=\/wp\/v2\/users\/1"}],"replies":[{"embeddable":true,"href":"https:\/\/bergers-schlagerparadies.de\/index.php?rest_route=%2Fwp%2Fv2%2Fcomments&post=38335"}],"version-history":[{"count":3,"href":"https:\/\/bergers-schlagerparadies.de\/index.php?rest_route=\/wp\/v2\/posts\/38335\/revisions"}],"predecessor-version":[{"id":38340,"href":"https:\/\/bergers-schlagerparadies.de\/index.php?rest_route=\/wp\/v2\/posts\/38335\/revisions\/38340"}],"wp:featuredmedia":[{"embeddable":true,"href":"https:\/\/bergers-schlagerparadies.de\/index.php?rest_route=\/wp\/v2\/media\/38337"}],"wp:attachment":[{"href":"https:\/\/bergers-schlagerparadies.de\/index.php?rest_route=%2Fwp%2Fv2%2Fmedia&parent=38335"}],"wp:term":[{"taxonomy":"category","embeddable":true,"href":"https:\/\/bergers-schlagerparadies.de\/index.php?rest_route=%2Fwp%2Fv2%2Fcategories&post=38335"},{"taxonomy":"post_tag","embeddable":true,"href":"https:\/\/bergers-schlagerparadies.de\/index.php?rest_route=%2Fwp%2Fv2%2Ftags&post=38335"}],"curies":[{"name":"wp","href":"https:\/\/api.w.org\/{rel}","templated":true}]}}