{"id":38122,"date":"2025-09-08T20:49:52","date_gmt":"2025-09-08T18:49:52","guid":{"rendered":"https:\/\/bergers-schlagerparadies.de\/?p=38122"},"modified":"2025-09-08T20:49:52","modified_gmt":"2025-09-08T18:49:52","slug":"martina-nur-du-und-i-%c2%b7-bergers-schlagerparadies","status":"publish","type":"post","link":"https:\/\/bergers-schlagerparadies.de\/?p=38122","title":{"rendered":"MARTINA &#8211; Nur du und i \u00b7 Berger\u00b4s Schlagerparadies"},"content":{"rendered":"<p><img loading=\"lazy\" decoding=\"async\" class=\"size-medium wp-image-38123 alignleft\" src=\"https:\/\/bergers-schlagerparadies.de\/wp-content\/uploads\/2025\/09\/MARTINA-Nur-du-und-i-300x300.jpeg\" alt=\"\" width=\"300\" height=\"300\" srcset=\"https:\/\/bergers-schlagerparadies.de\/wp-content\/uploads\/2025\/09\/MARTINA-Nur-du-und-i-300x300.jpeg 300w, https:\/\/bergers-schlagerparadies.de\/wp-content\/uploads\/2025\/09\/MARTINA-Nur-du-und-i-1024x1024.jpeg 1024w, https:\/\/bergers-schlagerparadies.de\/wp-content\/uploads\/2025\/09\/MARTINA-Nur-du-und-i-150x150.jpeg 150w, https:\/\/bergers-schlagerparadies.de\/wp-content\/uploads\/2025\/09\/MARTINA-Nur-du-und-i-768x768.jpeg 768w, https:\/\/bergers-schlagerparadies.de\/wp-content\/uploads\/2025\/09\/MARTINA-Nur-du-und-i-1188x1188.jpeg 1188w, https:\/\/bergers-schlagerparadies.de\/wp-content\/uploads\/2025\/09\/MARTINA-Nur-du-und-i-100x100.jpeg 100w, https:\/\/bergers-schlagerparadies.de\/wp-content\/uploads\/2025\/09\/MARTINA-Nur-du-und-i.jpeg 1200w\" sizes=\"auto, (max-width: 300px) 100vw, 300px\" \/>Mit ihrer neuen Single \u201eNur du und i\u201c pr\u00e4sentiert die niederbayerische S\u00e4ngerin MARTINA einen Song, der vielen Menschen aus dem Herzen spricht. Entstanden ist er gemeinsam mit Erfolgsproduzent Andr\u00e9 Stade, der mit seiner Erfahrung MARTINAs Musik auf das n\u00e4chste Level bringt.<br \/>\n\u201eNur du und i\u201c erz\u00e4hlt von der St\u00e4rke, trotz aller Zweifel von au\u00dfen seinen eigenen Weg zu gehen. Der Song widmet sich all jenen, die vielleicht f\u00fcr ihre Entscheidungen kritisiert werden \u2013 sei es die Wahl des Partners oder einfach die Art, wie sie ihr Leben gestalten.<br \/>\nGerade auf dem Land, wo oft z\u00e4hlt, was die Nachbarn denken, stellt sich die Frage: Macht es wirklich gl\u00fccklich, nach den Vorstellungen anderer zu leben? Oder nicht vielmehr, dem Herzen zu folgen und das eigene Gl\u00fcck zu suchen?<br \/>\n\u201eLASST UNS GEMEINSAM DIE MOMENTE Genie\u00dfen UND UNS EINFACH MAL NICHT DRUM K\u00dcMMERN, WAS DIE LEUTE SAGEN.\u201c<br \/>\n\u201eNur du und i\u201c ist ein moderner Mundart-Song zum Mitsingen, F\u00fchlen und Loslassen.<\/p>\n<p><span style=\"color: #800000;\"><strong>Quelle: Martina Musik<\/strong><\/span><\/p>\n<p><span style=\"color: #800000;\"><strong>Dieser Song ist ab dem 12.09.2025 auf allen Download- und Streaming-Portalen erh\u00e4ltlich.\u00a0<\/strong><\/span><\/p>\n<p><span style=\"color: #800000;\"><strong>Airdate (f\u00fcr Radiosender): 11.09.2025<\/strong><\/span><\/p>\n","protected":false},"excerpt":{"rendered":"<p>Mit ihrer neuen Single \u201eNur du und i\u201c pr\u00e4sentiert die niederbayerische S\u00e4ngerin MARTINA einen Song, der vielen Menschen aus dem Herzen spricht. Entstanden ist er gemeinsam mit Erfolgsproduzent Andr\u00e9 Stade, der mit seiner Erfahrung MARTINAs Musik auf das n\u00e4chste Level bringt. \u201eNur du und i\u201c erz\u00e4hlt von der St\u00e4rke, trotz aller Zweifel von au\u00dfen seinen eigenen Weg zu gehen. Der Song widmet sich all jenen, die vielleicht f\u00fcr ihre Entscheidungen kritisiert werden \u2013 sei es die Wahl des Partners oder einfach die Art, wie sie ihr Leben gestalten. Gerade auf dem Land, wo oft z\u00e4hlt, was die Nachbarn denken, stellt sich die Frage: Macht es&#8230;<\/p>\n","protected":false},"author":1,"featured_media":38123,"comment_status":"open","ping_status":"open","sticky":false,"template":"","format":"standard","meta":{"footnotes":""},"categories":[3231,3255,4244,3530,3265],"tags":[1672],"class_list":["post-38122","post","type-post","status-publish","format-standard","has-post-thumbnail","hentry","category-bergers-schlagerparadies","category-deutsch","category-martina-musik","category-mundart-pop","category-schlager-party","tag-martina","wpcat-3231-id","wpcat-3255-id","wpcat-4244-id","wpcat-3530-id","wpcat-3265-id"],"_links":{"self":[{"href":"https:\/\/bergers-schlagerparadies.de\/index.php?rest_route=\/wp\/v2\/posts\/38122","targetHints":{"allow":["GET"]}}],"collection":[{"href":"https:\/\/bergers-schlagerparadies.de\/index.php?rest_route=\/wp\/v2\/posts"}],"about":[{"href":"https:\/\/bergers-schlagerparadies.de\/index.php?rest_route=\/wp\/v2\/types\/post"}],"author":[{"embeddable":true,"href":"https:\/\/bergers-schlagerparadies.de\/index.php?rest_route=\/wp\/v2\/users\/1"}],"replies":[{"embeddable":true,"href":"https:\/\/bergers-schlagerparadies.de\/index.php?rest_route=%2Fwp%2Fv2%2Fcomments&post=38122"}],"version-history":[{"count":1,"href":"https:\/\/bergers-schlagerparadies.de\/index.php?rest_route=\/wp\/v2\/posts\/38122\/revisions"}],"predecessor-version":[{"id":38124,"href":"https:\/\/bergers-schlagerparadies.de\/index.php?rest_route=\/wp\/v2\/posts\/38122\/revisions\/38124"}],"wp:featuredmedia":[{"embeddable":true,"href":"https:\/\/bergers-schlagerparadies.de\/index.php?rest_route=\/wp\/v2\/media\/38123"}],"wp:attachment":[{"href":"https:\/\/bergers-schlagerparadies.de\/index.php?rest_route=%2Fwp%2Fv2%2Fmedia&parent=38122"}],"wp:term":[{"taxonomy":"category","embeddable":true,"href":"https:\/\/bergers-schlagerparadies.de\/index.php?rest_route=%2Fwp%2Fv2%2Fcategories&post=38122"},{"taxonomy":"post_tag","embeddable":true,"href":"https:\/\/bergers-schlagerparadies.de\/index.php?rest_route=%2Fwp%2Fv2%2Ftags&post=38122"}],"curies":[{"name":"wp","href":"https:\/\/api.w.org\/{rel}","templated":true}]}}