{"id":38087,"date":"2025-09-08T10:30:13","date_gmt":"2025-09-08T08:30:13","guid":{"rendered":"https:\/\/bergers-schlagerparadies.de\/?p=38087"},"modified":"2025-09-05T16:16:22","modified_gmt":"2025-09-05T14:16:22","slug":"franziska-mit-haut-und-haar-%c2%b7-bergers-schlagerparadies","status":"publish","type":"post","link":"https:\/\/bergers-schlagerparadies.de\/?p=38087","title":{"rendered":"Franziska &#8211; Mit Haut und Haar \u00b7 Berger\u00b4s Schlagerparadies"},"content":{"rendered":"<p><img loading=\"lazy\" decoding=\"async\" class=\"size-medium wp-image-38088 alignleft\" src=\"https:\/\/bergers-schlagerparadies.de\/wp-content\/uploads\/2025\/09\/Franziska-Mit-Haut-und-Haar-300x300.jpeg\" alt=\"\" width=\"300\" height=\"300\" srcset=\"https:\/\/bergers-schlagerparadies.de\/wp-content\/uploads\/2025\/09\/Franziska-Mit-Haut-und-Haar-300x300.jpeg 300w, https:\/\/bergers-schlagerparadies.de\/wp-content\/uploads\/2025\/09\/Franziska-Mit-Haut-und-Haar-1024x1024.jpeg 1024w, https:\/\/bergers-schlagerparadies.de\/wp-content\/uploads\/2025\/09\/Franziska-Mit-Haut-und-Haar-150x150.jpeg 150w, https:\/\/bergers-schlagerparadies.de\/wp-content\/uploads\/2025\/09\/Franziska-Mit-Haut-und-Haar-768x768.jpeg 768w, https:\/\/bergers-schlagerparadies.de\/wp-content\/uploads\/2025\/09\/Franziska-Mit-Haut-und-Haar-1200x1200.jpeg 1200w, https:\/\/bergers-schlagerparadies.de\/wp-content\/uploads\/2025\/09\/Franziska-Mit-Haut-und-Haar-1188x1188.jpeg 1188w, https:\/\/bergers-schlagerparadies.de\/wp-content\/uploads\/2025\/09\/Franziska-Mit-Haut-und-Haar-100x100.jpeg 100w, https:\/\/bergers-schlagerparadies.de\/wp-content\/uploads\/2025\/09\/Franziska-Mit-Haut-und-Haar.jpeg 1440w\" sizes=\"auto, (max-width: 300px) 100vw, 300px\" \/>Mit ihrem neuen Titel \u201eMit Haut und Haar\u201c liefert Franziska eine gef\u00fchlvolle Hymne auf die Liebe in ihrer reinsten Form \u2013 ehrlich, kompromisslos und voller Leidenschaft.<\/p>\n<p>Der Song erz\u00e4hlt von dem tiefen Wunsch nach einer Beziehung, die keine halben Sachen kennt. \u201eIch will dich lieben, ganz und gar\u201c \u2013 diese Zeile bringt die Botschaft auf den Punkt: wahre Liebe bedeutet, sich mit allem, was man ist, hinzugeben \u2013 mit Kopf, Herz und Bauch.<br \/>\nMusikalisch verbindet der Song eing\u00e4ngige Melodien mit emotionalem Ausdruck und schafft so einen Sound, der direkt ins Herz geht. \u201eMit Haut und Haar\u201c ist ein Pl\u00e4doyer f\u00fcr die Liebe, die keine Kompromisse kennt, und l\u00e4dt dazu ein, sich dem Leben und seinen Gef\u00fchlen vollst\u00e4ndig hinzugeben.<br \/>\nEin Titel, der ber\u00fchrt, inspiriert und bleibt \u2013 \u201eMit Haut und Haar\u201c, der neue Song von Franziska.<\/p>\n<p><span style=\"color: #800000;\"><strong>Quelle: Osnaton Records<\/strong><\/span><\/p>\n<p><span style=\"color: #800000;\"><strong>Dieser Song ist ab dem 12.09.2025 auf allen Download- und Streaming-Portalen erh\u00e4ltlich.\u00a0<\/strong><\/span><\/p>\n<p><span style=\"color: #800000;\"><strong>Airdate (f\u00fcr Radiosender): 12.09.2025<\/strong><\/span><\/p>\n","protected":false},"excerpt":{"rendered":"<p>Mit ihrem neuen Titel \u201eMit Haut und Haar\u201c liefert Franziska eine gef\u00fchlvolle Hymne auf die Liebe in ihrer reinsten Form \u2013 ehrlich, kompromisslos und voller Leidenschaft. Der Song erz\u00e4hlt von dem tiefen Wunsch nach einer Beziehung, die keine halben Sachen kennt. \u201eIch will dich lieben, ganz und gar\u201c \u2013 diese Zeile bringt die Botschaft auf den Punkt: wahre Liebe bedeutet, sich mit allem, was man ist, hinzugeben \u2013 mit Kopf, Herz und Bauch. Musikalisch verbindet der Song eing\u00e4ngige Melodien mit emotionalem Ausdruck und schafft so einen Sound, der direkt ins Herz geht. \u201eMit Haut und Haar\u201c ist ein Pl\u00e4doyer f\u00fcr die Liebe, die keine Kompromisse&#8230;<\/p>\n","protected":false},"author":1,"featured_media":38088,"comment_status":"open","ping_status":"open","sticky":false,"template":"","format":"standard","meta":{"footnotes":""},"categories":[3231,3267,3298,2],"tags":[944],"class_list":["post-38087","post","type-post","status-publish","format-standard","has-post-thumbnail","hentry","category-bergers-schlagerparadies","category-osnaton-records","category-pop-deutschsprachig","category-schlager","tag-franziska","wpcat-3231-id","wpcat-3267-id","wpcat-3298-id","wpcat-2-id"],"_links":{"self":[{"href":"https:\/\/bergers-schlagerparadies.de\/index.php?rest_route=\/wp\/v2\/posts\/38087","targetHints":{"allow":["GET"]}}],"collection":[{"href":"https:\/\/bergers-schlagerparadies.de\/index.php?rest_route=\/wp\/v2\/posts"}],"about":[{"href":"https:\/\/bergers-schlagerparadies.de\/index.php?rest_route=\/wp\/v2\/types\/post"}],"author":[{"embeddable":true,"href":"https:\/\/bergers-schlagerparadies.de\/index.php?rest_route=\/wp\/v2\/users\/1"}],"replies":[{"embeddable":true,"href":"https:\/\/bergers-schlagerparadies.de\/index.php?rest_route=%2Fwp%2Fv2%2Fcomments&post=38087"}],"version-history":[{"count":1,"href":"https:\/\/bergers-schlagerparadies.de\/index.php?rest_route=\/wp\/v2\/posts\/38087\/revisions"}],"predecessor-version":[{"id":38089,"href":"https:\/\/bergers-schlagerparadies.de\/index.php?rest_route=\/wp\/v2\/posts\/38087\/revisions\/38089"}],"wp:featuredmedia":[{"embeddable":true,"href":"https:\/\/bergers-schlagerparadies.de\/index.php?rest_route=\/wp\/v2\/media\/38088"}],"wp:attachment":[{"href":"https:\/\/bergers-schlagerparadies.de\/index.php?rest_route=%2Fwp%2Fv2%2Fmedia&parent=38087"}],"wp:term":[{"taxonomy":"category","embeddable":true,"href":"https:\/\/bergers-schlagerparadies.de\/index.php?rest_route=%2Fwp%2Fv2%2Fcategories&post=38087"},{"taxonomy":"post_tag","embeddable":true,"href":"https:\/\/bergers-schlagerparadies.de\/index.php?rest_route=%2Fwp%2Fv2%2Ftags&post=38087"}],"curies":[{"name":"wp","href":"https:\/\/api.w.org\/{rel}","templated":true}]}}