{"id":38003,"date":"2025-09-08T10:30:56","date_gmt":"2025-09-08T08:30:56","guid":{"rendered":"https:\/\/bergers-schlagerparadies.de\/?p=38003"},"modified":"2025-09-08T20:37:06","modified_gmt":"2025-09-08T18:37:06","slug":"alexander-ferro-dann-kamst-du-%c2%b7-bergers-schlagerparadies","status":"publish","type":"post","link":"https:\/\/bergers-schlagerparadies.de\/?p=38003","title":{"rendered":"Alexander Ferro &#8211; Dann kamst Du \u00b7 Berger\u00b4s Schlagerparadies"},"content":{"rendered":"<p><img loading=\"lazy\" decoding=\"async\" class=\"size-medium wp-image-38004 alignleft\" src=\"https:\/\/bergers-schlagerparadies.de\/wp-content\/uploads\/2025\/09\/Alexander-Ferro-Dann-kamst-Du-300x300.jpeg\" alt=\"\" width=\"300\" height=\"300\" srcset=\"https:\/\/bergers-schlagerparadies.de\/wp-content\/uploads\/2025\/09\/Alexander-Ferro-Dann-kamst-Du-300x300.jpeg 300w, https:\/\/bergers-schlagerparadies.de\/wp-content\/uploads\/2025\/09\/Alexander-Ferro-Dann-kamst-Du-1024x1024.jpeg 1024w, https:\/\/bergers-schlagerparadies.de\/wp-content\/uploads\/2025\/09\/Alexander-Ferro-Dann-kamst-Du-150x150.jpeg 150w, https:\/\/bergers-schlagerparadies.de\/wp-content\/uploads\/2025\/09\/Alexander-Ferro-Dann-kamst-Du-768x768.jpeg 768w, https:\/\/bergers-schlagerparadies.de\/wp-content\/uploads\/2025\/09\/Alexander-Ferro-Dann-kamst-Du-1536x1536.jpeg 1536w, https:\/\/bergers-schlagerparadies.de\/wp-content\/uploads\/2025\/09\/Alexander-Ferro-Dann-kamst-Du-2048x2048.jpeg 2048w, https:\/\/bergers-schlagerparadies.de\/wp-content\/uploads\/2025\/09\/Alexander-Ferro-Dann-kamst-Du-1200x1200.jpeg 1200w, https:\/\/bergers-schlagerparadies.de\/wp-content\/uploads\/2025\/09\/Alexander-Ferro-Dann-kamst-Du-1188x1188.jpeg 1188w, https:\/\/bergers-schlagerparadies.de\/wp-content\/uploads\/2025\/09\/Alexander-Ferro-Dann-kamst-Du-100x100.jpeg 100w\" sizes=\"auto, (max-width: 300px) 100vw, 300px\" \/>Alexander Ferro ist zur\u00fcck \u2013 emotionaler, authentischer und kraftvoller denn je!<\/p>\n<p>Nach drei Jahren B\u00fchnenpause meldet sich Alexander Ferro mit seiner Comeback-Single \u201eDann kamst Du\u201c mit neuem Elan und tiefgreifender k\u00fcnstlerischer Vision zur\u00fcck \u2013 und das mit einer Pr\u00e4senz, die kein Format ignorieren kann. Die Schlagerwelt darf sich auf einen gereiften Ausnahmek\u00fcnstler freuen, der seine ganz pers\u00f6nliche Reise in seine Musik einflie\u00dfen l\u00e4sst und damit Herz und Seele seines Publikums trifft.<br \/>\nFerro ist l\u00e4ngst mehr als ein Geheimtipp: Als Komponist und Texter schrieb er f\u00fcr Gr\u00f6\u00dfen wie Die Amigos, Andy Borg und G. G. Anderson. Gold- und Platinauszeichnungen begleiten seinen Weg. Seine eigenen Erfolge sind l\u00e4ngst Kult bei Schlagerfans.<\/p>\n<p>Nach Jahren im Rampenlicht und einer bewusst gew\u00e4hlten Auszeit f\u00fcr seine Familie \u2013 seine Frau und die drei gemeinsamen Kinder \u2013 ist Alexander Ferro nun mit voller emotionaler Kraft zur\u00fcck. \u201eDann kamst du\u201c hei\u00dft sein neuer Titel \u2013 ein moderner Pop-Schlager voller Gef\u00fchl, der den Zeitgeist auf den Punkt bringt.<\/p>\n<p>Seine Musik ist mehr als Unterhaltung \u2013 sie ist echtes Leben in Melodieform. Alexander Ferro verbindet charismatische B\u00fchnenpr\u00e4senz mit k\u00fcnstlerischer Tiefe, seine Songs sind tanzbar und ber\u00fchrend zugleich \u2013 authentisch, zeitgem\u00e4\u00df, voller Herz. Mit seinem Comeback \u00f6ffnet sich ein neues Kapitel: kraftvoll, nahbar und voller musikalischer Leidenschaft.<\/p>\n<p>Musikalisch setzt er den zu Beginn seiner Karriere eingeschlagenen Weg fort. Gentlemen Schlager der ins Ohr geht und auch tanzbar ist. An seine Seite holte er sich niemand geringeren als Jeo Koba, der seinem Track den letzten Schliff gab.<\/p>\n<p><span style=\"color: #800000;\"><strong>Quelle: GREJO Records<\/strong><\/span><\/p>\n<p><span style=\"color: #800000;\"><strong>Dieser Song ist ab dem 15.09.2025 auf allen Download- und Streaming-Portalen erh\u00e4ltlich.\u00a0<\/strong><\/span><\/p>\n<p><span style=\"color: #800000;\"><strong>Airdate (f\u00fcr Radiosender): 12.09.2025<\/strong><\/span><\/p>\n","protected":false},"excerpt":{"rendered":"<p>Alexander Ferro ist zur\u00fcck \u2013 emotionaler, authentischer und kraftvoller denn je! Nach drei Jahren B\u00fchnenpause meldet sich Alexander Ferro mit seiner Comeback-Single \u201eDann kamst Du\u201c mit neuem Elan und tiefgreifender k\u00fcnstlerischer Vision zur\u00fcck \u2013 und das mit einer Pr\u00e4senz, die kein Format ignorieren kann. Die Schlagerwelt darf sich auf einen gereiften Ausnahmek\u00fcnstler freuen, der seine ganz pers\u00f6nliche Reise in seine Musik einflie\u00dfen l\u00e4sst und damit Herz und Seele seines Publikums trifft. Ferro ist l\u00e4ngst mehr als ein Geheimtipp: Als Komponist und Texter schrieb er f\u00fcr Gr\u00f6\u00dfen wie Die Amigos, Andy Borg und G. G. Anderson. Gold- und Platinauszeichnungen begleiten seinen Weg. Seine eigenen Erfolge sind&#8230;<\/p>\n","protected":false},"author":1,"featured_media":38004,"comment_status":"open","ping_status":"open","sticky":false,"template":"","format":"standard","meta":{"footnotes":""},"categories":[3231,2],"tags":[538],"class_list":["post-38003","post","type-post","status-publish","format-standard","has-post-thumbnail","hentry","category-bergers-schlagerparadies","category-schlager","tag-alexander-ferro","wpcat-3231-id","wpcat-2-id"],"_links":{"self":[{"href":"https:\/\/bergers-schlagerparadies.de\/index.php?rest_route=\/wp\/v2\/posts\/38003","targetHints":{"allow":["GET"]}}],"collection":[{"href":"https:\/\/bergers-schlagerparadies.de\/index.php?rest_route=\/wp\/v2\/posts"}],"about":[{"href":"https:\/\/bergers-schlagerparadies.de\/index.php?rest_route=\/wp\/v2\/types\/post"}],"author":[{"embeddable":true,"href":"https:\/\/bergers-schlagerparadies.de\/index.php?rest_route=\/wp\/v2\/users\/1"}],"replies":[{"embeddable":true,"href":"https:\/\/bergers-schlagerparadies.de\/index.php?rest_route=%2Fwp%2Fv2%2Fcomments&post=38003"}],"version-history":[{"count":2,"href":"https:\/\/bergers-schlagerparadies.de\/index.php?rest_route=\/wp\/v2\/posts\/38003\/revisions"}],"predecessor-version":[{"id":38006,"href":"https:\/\/bergers-schlagerparadies.de\/index.php?rest_route=\/wp\/v2\/posts\/38003\/revisions\/38006"}],"wp:featuredmedia":[{"embeddable":true,"href":"https:\/\/bergers-schlagerparadies.de\/index.php?rest_route=\/wp\/v2\/media\/38004"}],"wp:attachment":[{"href":"https:\/\/bergers-schlagerparadies.de\/index.php?rest_route=%2Fwp%2Fv2%2Fmedia&parent=38003"}],"wp:term":[{"taxonomy":"category","embeddable":true,"href":"https:\/\/bergers-schlagerparadies.de\/index.php?rest_route=%2Fwp%2Fv2%2Fcategories&post=38003"},{"taxonomy":"post_tag","embeddable":true,"href":"https:\/\/bergers-schlagerparadies.de\/index.php?rest_route=%2Fwp%2Fv2%2Ftags&post=38003"}],"curies":[{"name":"wp","href":"https:\/\/api.w.org\/{rel}","templated":true}]}}