{"id":37937,"date":"2025-09-01T21:29:13","date_gmt":"2025-09-01T19:29:13","guid":{"rendered":"https:\/\/bergers-schlagerparadies.de\/?p=37937"},"modified":"2025-09-01T21:29:13","modified_gmt":"2025-09-01T19:29:13","slug":"kevin-neon-damals-in-paris-%c2%b7-bergers-schlagerparadies","status":"publish","type":"post","link":"https:\/\/bergers-schlagerparadies.de\/?p=37937","title":{"rendered":"Kevin Neon &#8211; Damals in Paris \u00b7 Berger\u00b4s Schlagerparadies"},"content":{"rendered":"<p><img loading=\"lazy\" decoding=\"async\" class=\"size-medium wp-image-37938 alignleft\" src=\"https:\/\/bergers-schlagerparadies.de\/wp-content\/uploads\/2025\/09\/Kevin-Neon-Damals-in-Paris-300x300.jpeg\" alt=\"\" width=\"300\" height=\"300\" srcset=\"https:\/\/bergers-schlagerparadies.de\/wp-content\/uploads\/2025\/09\/Kevin-Neon-Damals-in-Paris-300x300.jpeg 300w, https:\/\/bergers-schlagerparadies.de\/wp-content\/uploads\/2025\/09\/Kevin-Neon-Damals-in-Paris-1024x1024.jpeg 1024w, https:\/\/bergers-schlagerparadies.de\/wp-content\/uploads\/2025\/09\/Kevin-Neon-Damals-in-Paris-150x150.jpeg 150w, https:\/\/bergers-schlagerparadies.de\/wp-content\/uploads\/2025\/09\/Kevin-Neon-Damals-in-Paris-768x768.jpeg 768w, https:\/\/bergers-schlagerparadies.de\/wp-content\/uploads\/2025\/09\/Kevin-Neon-Damals-in-Paris-1536x1536.jpeg 1536w, https:\/\/bergers-schlagerparadies.de\/wp-content\/uploads\/2025\/09\/Kevin-Neon-Damals-in-Paris-1200x1200.jpeg 1200w, https:\/\/bergers-schlagerparadies.de\/wp-content\/uploads\/2025\/09\/Kevin-Neon-Damals-in-Paris-1188x1188.jpeg 1188w, https:\/\/bergers-schlagerparadies.de\/wp-content\/uploads\/2025\/09\/Kevin-Neon-Damals-in-Paris-100x100.jpeg 100w, https:\/\/bergers-schlagerparadies.de\/wp-content\/uploads\/2025\/09\/Kevin-Neon-Damals-in-Paris.jpeg 2000w\" sizes=\"auto, (max-width: 300px) 100vw, 300px\" \/>Nach dem gro\u00dfen Erfolg seiner letzten Single \u201eIch will rote Lippen\u201c, die es in der ARD<br \/>\nSchlagerwelt bis auf Platz 7schaffte und bei BR Schlager begeistert aufgenommen wurde,<br \/>\nmeldet sich Kevin Neon jetzt mit einem neuen Hit zur\u00fcck: \u201eDamals in Paris\u201c \u2013 ab dem 29.<br \/>\nAugust 2025 \u00fcberall erh\u00e4ltlich.<br \/>\nDer Song erz\u00e4hlt eine echte Liebesgeschichte, die in der Stadt der Liebe begann. Mit nahen,<br \/>\nwarmen Instrumenten und einem gef\u00fchlvollen Refrain nimmt Kevin die H\u00f6rer mit auf eine<br \/>\nReise durch die Stra\u00dfen von Paris \u2013 voller Magie, Emotion und diesem unvergesslichen<br \/>\nMoment, der alles ver\u00e4ndert hat.<br \/>\nEin moderner Popschlager mit franz\u00f6sischem Flair, der mitten ins Herz trifft \u2013 und garantiert<br \/>\nh\u00e4ngenbleibt.<\/p>\n<p><span style=\"color: #800000;\"><strong>Quelle: EINFACH WILD<\/strong><\/span><\/p>\n<p><span style=\"color: #800000;\"><strong>Dieser Song ist ab dem 05.09.2025 auf allen Download- und Streaming-Portalen erh\u00e4ltlich.\u00a0<\/strong><\/span><\/p>\n<p><span style=\"color: #800000;\"><strong>Airdate (f\u00fcr Radiosender): 29.08.2025<\/strong><\/span><\/p>\n","protected":false},"excerpt":{"rendered":"<p>Nach dem gro\u00dfen Erfolg seiner letzten Single \u201eIch will rote Lippen\u201c, die es in der ARD Schlagerwelt bis auf Platz 7schaffte und bei BR Schlager begeistert aufgenommen wurde, meldet sich Kevin Neon jetzt mit einem neuen Hit zur\u00fcck: \u201eDamals in Paris\u201c \u2013 ab dem 29. August 2025 \u00fcberall erh\u00e4ltlich. Der Song erz\u00e4hlt eine echte Liebesgeschichte, die in der Stadt der Liebe begann. Mit nahen, warmen Instrumenten und einem gef\u00fchlvollen Refrain nimmt Kevin die H\u00f6rer mit auf eine Reise durch die Stra\u00dfen von Paris \u2013 voller Magie, Emotion und diesem unvergesslichen Moment, der alles ver\u00e4ndert hat. Ein moderner Popschlager mit franz\u00f6sischem Flair, der mitten ins Herz&#8230;<\/p>\n","protected":false},"author":1,"featured_media":37938,"comment_status":"open","ping_status":"open","sticky":false,"template":"","format":"standard","meta":{"footnotes":""},"categories":[3231,3255,3636,2],"tags":[1349],"class_list":["post-37937","post","type-post","status-publish","format-standard","has-post-thumbnail","hentry","category-bergers-schlagerparadies","category-deutsch","category-einfach-wild","category-schlager","tag-kevin-neon","wpcat-3231-id","wpcat-3255-id","wpcat-3636-id","wpcat-2-id"],"_links":{"self":[{"href":"https:\/\/bergers-schlagerparadies.de\/index.php?rest_route=\/wp\/v2\/posts\/37937","targetHints":{"allow":["GET"]}}],"collection":[{"href":"https:\/\/bergers-schlagerparadies.de\/index.php?rest_route=\/wp\/v2\/posts"}],"about":[{"href":"https:\/\/bergers-schlagerparadies.de\/index.php?rest_route=\/wp\/v2\/types\/post"}],"author":[{"embeddable":true,"href":"https:\/\/bergers-schlagerparadies.de\/index.php?rest_route=\/wp\/v2\/users\/1"}],"replies":[{"embeddable":true,"href":"https:\/\/bergers-schlagerparadies.de\/index.php?rest_route=%2Fwp%2Fv2%2Fcomments&post=37937"}],"version-history":[{"count":1,"href":"https:\/\/bergers-schlagerparadies.de\/index.php?rest_route=\/wp\/v2\/posts\/37937\/revisions"}],"predecessor-version":[{"id":37939,"href":"https:\/\/bergers-schlagerparadies.de\/index.php?rest_route=\/wp\/v2\/posts\/37937\/revisions\/37939"}],"wp:featuredmedia":[{"embeddable":true,"href":"https:\/\/bergers-schlagerparadies.de\/index.php?rest_route=\/wp\/v2\/media\/37938"}],"wp:attachment":[{"href":"https:\/\/bergers-schlagerparadies.de\/index.php?rest_route=%2Fwp%2Fv2%2Fmedia&parent=37937"}],"wp:term":[{"taxonomy":"category","embeddable":true,"href":"https:\/\/bergers-schlagerparadies.de\/index.php?rest_route=%2Fwp%2Fv2%2Fcategories&post=37937"},{"taxonomy":"post_tag","embeddable":true,"href":"https:\/\/bergers-schlagerparadies.de\/index.php?rest_route=%2Fwp%2Fv2%2Ftags&post=37937"}],"curies":[{"name":"wp","href":"https:\/\/api.w.org\/{rel}","templated":true}]}}