{"id":37854,"date":"2025-09-05T10:30:41","date_gmt":"2025-09-05T08:30:41","guid":{"rendered":"https:\/\/bergers-schlagerparadies.de\/?p=37854"},"modified":"2025-08-29T09:46:29","modified_gmt":"2025-08-29T07:46:29","slug":"christian-deussen-der-morgen-danach-%c2%b7-bergers-schlagerparadies","status":"publish","type":"post","link":"https:\/\/bergers-schlagerparadies.de\/?p=37854","title":{"rendered":"Christian Deussen &#8211; Der Morgen Danach \u00b7 Berger\u00b4s Schlagerparadies"},"content":{"rendered":"<figure id=\"attachment_37855\" aria-describedby=\"caption-attachment-37855\" style=\"width: 300px\" class=\"wp-caption alignleft\"><img loading=\"lazy\" decoding=\"async\" class=\"size-medium wp-image-37855\" src=\"https:\/\/bergers-schlagerparadies.de\/wp-content\/uploads\/2025\/08\/Christian-Deussen-Der-Morgen-Danach-300x300.jpeg\" alt=\"\" width=\"300\" height=\"300\" srcset=\"https:\/\/bergers-schlagerparadies.de\/wp-content\/uploads\/2025\/08\/Christian-Deussen-Der-Morgen-Danach-300x300.jpeg 300w, https:\/\/bergers-schlagerparadies.de\/wp-content\/uploads\/2025\/08\/Christian-Deussen-Der-Morgen-Danach-1024x1024.jpeg 1024w, https:\/\/bergers-schlagerparadies.de\/wp-content\/uploads\/2025\/08\/Christian-Deussen-Der-Morgen-Danach-150x150.jpeg 150w, https:\/\/bergers-schlagerparadies.de\/wp-content\/uploads\/2025\/08\/Christian-Deussen-Der-Morgen-Danach-768x768.jpeg 768w, https:\/\/bergers-schlagerparadies.de\/wp-content\/uploads\/2025\/08\/Christian-Deussen-Der-Morgen-Danach-1536x1536.jpeg 1536w, https:\/\/bergers-schlagerparadies.de\/wp-content\/uploads\/2025\/08\/Christian-Deussen-Der-Morgen-Danach-1200x1200.jpeg 1200w, https:\/\/bergers-schlagerparadies.de\/wp-content\/uploads\/2025\/08\/Christian-Deussen-Der-Morgen-Danach-1188x1188.jpeg 1188w, https:\/\/bergers-schlagerparadies.de\/wp-content\/uploads\/2025\/08\/Christian-Deussen-Der-Morgen-Danach-100x100.jpeg 100w, https:\/\/bergers-schlagerparadies.de\/wp-content\/uploads\/2025\/08\/Christian-Deussen-Der-Morgen-Danach.jpeg 2000w\" sizes=\"auto, (max-width: 300px) 100vw, 300px\" \/><figcaption id=\"caption-attachment-37855\" class=\"wp-caption-text\">Sturm Album CD Cover<\/figcaption><\/figure>\n<p>Christian Deussen: Soulpop-Schlager mit Herz &#8211; Musik, die Mut macht<\/p>\n<p>Jeden Tag als neue Chance sehen und den Mut zu haben, weiterzumachen.<br \/>\nDas ist das Motto von Christian Deussen.<br \/>\nDer S\u00e4nger steht f\u00fcr eine neue Generation des deutschen Schlagers und definiert ihn durch seine offene, ehrliche Art, voller Lebensfreude neu. Mit seinem einzigartigen Mix aus Schlager, Swing, Soul und Motown schafft der deutschlandweit bekannte S\u00e4nger seinen ganz eigenen Sound: Soulpop-Schlager mit Herz und Durchschlagskraft.<br \/>\n\u00dcber 440.000 Spotify-Streams, 20 Wochen in den offiziellen Radio Airplay Charts und t\u00e4glicher Rotation im \u00f6ffentlich-rechtlichen Rundfunk sind neben Shows auf den gr\u00f6\u00dften CSDs (Hamburg, Stuttgart, etc.) und tausenden begeisterten Zuschauern auf dem Bartholom\u00e4us Markt in Bad Ems nur einige seiner spektakul\u00e4ren Erfolge!<br \/>\nWer sich zwischen Roger Cicero, Clueso, Joris und Udo J\u00fcrgens musikalisch zu Hause f\u00fchlt, wird von Christian Deussens Klangwelt begeistert sein.<br \/>\nVielen ist er zudem bekannt aus der RTL-Show \u201eZeig uns deine Stimme\u201c oder seinen bewegenden Live-Auftritten in der BR-Abendschau.<br \/>\n\u201eStarke Stimme, charismatische Ausstrahlung und high-end produzierte Pop-Schlager\u201c &#8211; so schrieb bereits das Musikmagazin \u201emusix\u201c \u00fcber Christian Deussen.<\/p>\n<p>Doch Christian Deussen ist weit mehr als ein mit positiver Energie geladener Schlagers\u00e4nger:<br \/>\nEr ist ein Mensch mit Geschichte. Gepr\u00e4gt von R\u00fcckschl\u00e4gen, Herausforderungen und Tiefen wei\u00df er genau, wovon er singt, wenn er in seinen Songs davon erz\u00e4hlt, wie es ist, sich wieder aufzurichten.<br \/>\nIn einem eher konservativen Umfeld aufgewachsen, wurde seine Leidenschaft f\u00fcr Musik stets eher bel\u00e4chelt als gef\u00f6rdert. Sein Coming-out war ein bedeutender Schritt, der ihn eng mit der queeren Community verbindet und bis heute pr\u00e4gt. Auch auf pers\u00f6nlicher Ebene hat er tiefe Einschnitte erlebt: psychische Gewalt in Beziehungen, Untreue und Versuche, ihn in seinem Wesen einzuschr\u00e4nken. Trotz all dieser Erfahrungen hat Christian gelernt, immer wieder aufzustehen und genau diese Kraft spiegelt sich in seiner Musik wider.<\/p>\n<p>\u201eWas dich nicht killt, das macht dich stark \u2013 zur\u00fcck auf Los, wieder an den Start\u201c.<br \/>\nMit seinen Songtexten m\u00f6chte Christian Deussen einen positiven Blick auf das allt\u00e4gliche Leben mit all seinen H\u00f6hen und Tiefen geben und seinen Fans damit Mut machen, sich nicht verstellen zu m\u00fcssen. Niemand sollte sich in eine Schublade stecken lassen, denn er selbst passt mit seiner Musik und seiner Art in keine Schublade \u2013 er baut sich vielmehr seine eigene, mit Platz f\u00fcr alle, die sich verstanden f\u00fchlen wollen. Seine Besonderheit ist seine Nahbarkeit als K\u00fcnstler. F\u00fcr viele, vor allem f\u00fcr Menschen aus der queeren Community aus konservativen Kontexten, ist er eine wichtige Stimme. Er steht auch als Vorbild daf\u00fcr, dass man offen, sensibel und gleichzeitig kraftvoll sein darf.<\/p>\n<p>Seine neue Single \u201eDer Morgen Danach\u201c, die am 05.09.2025 erscheint, ist sein pers\u00f6nliches Pl\u00e4doyer daf\u00fcr, jeden Tag als neue Chance zu sehen und den Mut zu haben, weiterzumachen.<br \/>\nDenn Aufgeben ist keine Option, selbst wenn einen die negativen Gedanken und Sorgen zu erdr\u00fccken scheinen. Manchmal hilft es eine Nacht dar\u00fcber zu schlafen, um am \u201eMorgen danach\u201c mit neuer Energie zu starten und nach vorne zu blicken: \u201eHinter jedem Grau steckt ein Regenbogen \u2013 schau ganz genau und halt den Blick nach oben\u201c<\/p>\n<p>Christian Deussen motiviert seine H\u00f6rer :innen, sich selbst treu zu bleiben, weiterzumachen, aufzustehen und Licht im Dunkel zu sehen. Er schenkt uns einen Song, der bewegt, ber\u00fchrt und Kraft gibt \u2013 f\u00fcr den neuen Tag, f\u00fcr das Weitermachen, f\u00fcr das Leben.<\/p>\n<p><span style=\"color: #800000;\"><strong>Quelle: D7<\/strong><\/span><\/p>\n<p><span style=\"color: #800000;\"><strong>Dieser Song ist ab dem 05.09.2025 auf allen Download- und Streaming-Portalen erh\u00e4ltlich.\u00a0<\/strong><\/span><\/p>\n<p><span style=\"color: #800000;\"><strong>Airdate (f\u00fcr Radiosender): 29.08.2025<\/strong><\/span><\/p>\n","protected":false},"excerpt":{"rendered":"<p>Christian Deussen: Soulpop-Schlager mit Herz &#8211; Musik, die Mut macht Jeden Tag als neue Chance sehen und den Mut zu haben, weiterzumachen. Das ist das Motto von Christian Deussen. Der S\u00e4nger steht f\u00fcr eine neue Generation des deutschen Schlagers und definiert ihn durch seine offene, ehrliche Art, voller Lebensfreude neu. Mit seinem einzigartigen Mix aus Schlager, Swing, Soul und Motown schafft der deutschlandweit bekannte S\u00e4nger seinen ganz eigenen Sound: Soulpop-Schlager mit Herz und Durchschlagskraft. \u00dcber 440.000 Spotify-Streams, 20 Wochen in den offiziellen Radio Airplay Charts und t\u00e4glicher Rotation im \u00f6ffentlich-rechtlichen Rundfunk sind neben Shows auf den gr\u00f6\u00dften CSDs (Hamburg, Stuttgart, etc.) und tausenden begeisterten Zuschauern&#8230;<\/p>\n","protected":false},"author":1,"featured_media":37855,"comment_status":"open","ping_status":"open","sticky":false,"template":"","format":"standard","meta":{"footnotes":""},"categories":[3231,3458,3298,2,3317],"tags":[1475],"class_list":["post-37854","post","type-post","status-publish","format-standard","has-post-thumbnail","hentry","category-bergers-schlagerparadies","category-d7","category-pop-deutschsprachig","category-schlager","category-singer-songwriter","tag-christian-deussen","wpcat-3231-id","wpcat-3458-id","wpcat-3298-id","wpcat-2-id","wpcat-3317-id"],"_links":{"self":[{"href":"https:\/\/bergers-schlagerparadies.de\/index.php?rest_route=\/wp\/v2\/posts\/37854","targetHints":{"allow":["GET"]}}],"collection":[{"href":"https:\/\/bergers-schlagerparadies.de\/index.php?rest_route=\/wp\/v2\/posts"}],"about":[{"href":"https:\/\/bergers-schlagerparadies.de\/index.php?rest_route=\/wp\/v2\/types\/post"}],"author":[{"embeddable":true,"href":"https:\/\/bergers-schlagerparadies.de\/index.php?rest_route=\/wp\/v2\/users\/1"}],"replies":[{"embeddable":true,"href":"https:\/\/bergers-schlagerparadies.de\/index.php?rest_route=%2Fwp%2Fv2%2Fcomments&post=37854"}],"version-history":[{"count":2,"href":"https:\/\/bergers-schlagerparadies.de\/index.php?rest_route=\/wp\/v2\/posts\/37854\/revisions"}],"predecessor-version":[{"id":37857,"href":"https:\/\/bergers-schlagerparadies.de\/index.php?rest_route=\/wp\/v2\/posts\/37854\/revisions\/37857"}],"wp:featuredmedia":[{"embeddable":true,"href":"https:\/\/bergers-schlagerparadies.de\/index.php?rest_route=\/wp\/v2\/media\/37855"}],"wp:attachment":[{"href":"https:\/\/bergers-schlagerparadies.de\/index.php?rest_route=%2Fwp%2Fv2%2Fmedia&parent=37854"}],"wp:term":[{"taxonomy":"category","embeddable":true,"href":"https:\/\/bergers-schlagerparadies.de\/index.php?rest_route=%2Fwp%2Fv2%2Fcategories&post=37854"},{"taxonomy":"post_tag","embeddable":true,"href":"https:\/\/bergers-schlagerparadies.de\/index.php?rest_route=%2Fwp%2Fv2%2Ftags&post=37854"}],"curies":[{"name":"wp","href":"https:\/\/api.w.org\/{rel}","templated":true}]}}