{"id":37850,"date":"2025-09-02T10:30:27","date_gmt":"2025-09-02T08:30:27","guid":{"rendered":"https:\/\/bergers-schlagerparadies.de\/?p=37850"},"modified":"2025-09-03T20:38:04","modified_gmt":"2025-09-03T18:38:04","slug":"andi-stern-in-vino-veritas-%c2%b7-bergers-schlagerparadies","status":"publish","type":"post","link":"https:\/\/bergers-schlagerparadies.de\/?p=37850","title":{"rendered":"Andi Stern &#8211; In Vino Veritas \u00b7 Berger\u00b4s Schlagerparadies"},"content":{"rendered":"<p>02<img loading=\"lazy\" decoding=\"async\" class=\"size-medium wp-image-37851 alignleft\" src=\"https:\/\/bergers-schlagerparadies.de\/wp-content\/uploads\/2025\/08\/Andi-Stern-In-Vino-Veritas-300x300.jpeg\" alt=\"\" width=\"300\" height=\"300\" srcset=\"https:\/\/bergers-schlagerparadies.de\/wp-content\/uploads\/2025\/08\/Andi-Stern-In-Vino-Veritas-300x300.jpeg 300w, https:\/\/bergers-schlagerparadies.de\/wp-content\/uploads\/2025\/08\/Andi-Stern-In-Vino-Veritas-1024x1024.jpeg 1024w, https:\/\/bergers-schlagerparadies.de\/wp-content\/uploads\/2025\/08\/Andi-Stern-In-Vino-Veritas-150x150.jpeg 150w, https:\/\/bergers-schlagerparadies.de\/wp-content\/uploads\/2025\/08\/Andi-Stern-In-Vino-Veritas-768x768.jpeg 768w, https:\/\/bergers-schlagerparadies.de\/wp-content\/uploads\/2025\/08\/Andi-Stern-In-Vino-Veritas-1536x1536.jpeg 1536w, https:\/\/bergers-schlagerparadies.de\/wp-content\/uploads\/2025\/08\/Andi-Stern-In-Vino-Veritas-2048x2048.jpeg 2048w, https:\/\/bergers-schlagerparadies.de\/wp-content\/uploads\/2025\/08\/Andi-Stern-In-Vino-Veritas-1200x1200.jpeg 1200w, https:\/\/bergers-schlagerparadies.de\/wp-content\/uploads\/2025\/08\/Andi-Stern-In-Vino-Veritas-1188x1188.jpeg 1188w, https:\/\/bergers-schlagerparadies.de\/wp-content\/uploads\/2025\/08\/Andi-Stern-In-Vino-Veritas-100x100.jpeg 100w\" sizes=\"auto, (max-width: 300px) 100vw, 300px\" \/>Mit seiner neuen Single \u201eIn Vino Veritas\u201c liefert Andi Stern zu seinem kleinen B\u00fchnenjubil\u00e4um \u201e5 Jahre Andi Stern\u201c einen modernen Popschlager mit tanzbaren Beats und einer romantischen Geschichte, die sofort Bilder im Kopf entstehen l\u00e4sst.<\/p>\n<p>Der Song erz\u00e4hlt von einer schlaflosen Nacht in Rom: Auf der Suche nach einem Glas Wein begegnet der Protagonist einer Frau, die mit den Worten \u201eHerzen l\u00fcgen nicht, wenn du f\u00fchlst, wie ich\u201c eine ganz besondere Begegnung einleitet.<\/p>\n<p>Es ist der Beginn einer Liebe, die so intensiv wie fl\u00fcchtig ist \u2013 eine Nacht voller Emotionen, in der er sich verstanden f\u00fchlt wie nie zuvor.<\/p>\n<p>\u201eIn Vino Veritas\u201c verbindet dieses leidenschaftliche Erlebnis mit eing\u00e4ngigen Melodien und einem mitrei\u00dfenden Sound, der sowohl das Herz ber\u00fchrt als auch die Tanzfl\u00e4chen f\u00fcllt.<\/p>\n<p>Produziert wurde die Single erneut von Marvin Trecha und kn\u00fcpft an Andi Sterns erste Ver\u00f6ffentlichung an \u2013 ein flotter, lockerer Song, der Leichtigkeit und Lebensfreude verspr\u00fcht.<\/p>\n<p><span style=\"color: #800000;\"><strong>Quelle: Fiesta Records<\/strong><\/span><\/p>\n<p><span style=\"color: #800000;\"><strong>Dieser Song ist ab dem 05.09.2025 auf allen Download- und Streaming-Portalen erh\u00e4ltlich.\u00a0<\/strong><\/span><\/p>\n<p><span style=\"color: #800000;\"><strong>Airdate (f\u00fcr Radiosender): 02.09.2025<\/strong><\/span><\/p>\n","protected":false},"excerpt":{"rendered":"<p>02Mit seiner neuen Single \u201eIn Vino Veritas\u201c liefert Andi Stern zu seinem kleinen B\u00fchnenjubil\u00e4um \u201e5 Jahre Andi Stern\u201c einen modernen Popschlager mit tanzbaren Beats und einer romantischen Geschichte, die sofort Bilder im Kopf entstehen l\u00e4sst. Der Song erz\u00e4hlt von einer schlaflosen Nacht in Rom: Auf der Suche nach einem Glas Wein begegnet der Protagonist einer Frau, die mit den Worten \u201eHerzen l\u00fcgen nicht, wenn du f\u00fchlst, wie ich\u201c eine ganz besondere Begegnung einleitet. Es ist der Beginn einer Liebe, die so intensiv wie fl\u00fcchtig ist \u2013 eine Nacht voller Emotionen, in der er sich verstanden f\u00fchlt wie nie zuvor. \u201eIn Vino Veritas\u201c verbindet dieses leidenschaftliche&#8230;<\/p>\n","protected":false},"author":1,"featured_media":37851,"comment_status":"open","ping_status":"open","sticky":false,"template":"","format":"standard","meta":{"footnotes":""},"categories":[3231,3232,2],"tags":[2831],"class_list":["post-37850","post","type-post","status-publish","format-standard","has-post-thumbnail","hentry","category-bergers-schlagerparadies","category-fiesta-records","category-schlager","tag-andi-stern","wpcat-3231-id","wpcat-3232-id","wpcat-2-id"],"_links":{"self":[{"href":"https:\/\/bergers-schlagerparadies.de\/index.php?rest_route=\/wp\/v2\/posts\/37850","targetHints":{"allow":["GET"]}}],"collection":[{"href":"https:\/\/bergers-schlagerparadies.de\/index.php?rest_route=\/wp\/v2\/posts"}],"about":[{"href":"https:\/\/bergers-schlagerparadies.de\/index.php?rest_route=\/wp\/v2\/types\/post"}],"author":[{"embeddable":true,"href":"https:\/\/bergers-schlagerparadies.de\/index.php?rest_route=\/wp\/v2\/users\/1"}],"replies":[{"embeddable":true,"href":"https:\/\/bergers-schlagerparadies.de\/index.php?rest_route=%2Fwp%2Fv2%2Fcomments&post=37850"}],"version-history":[{"count":4,"href":"https:\/\/bergers-schlagerparadies.de\/index.php?rest_route=\/wp\/v2\/posts\/37850\/revisions"}],"predecessor-version":[{"id":37984,"href":"https:\/\/bergers-schlagerparadies.de\/index.php?rest_route=\/wp\/v2\/posts\/37850\/revisions\/37984"}],"wp:featuredmedia":[{"embeddable":true,"href":"https:\/\/bergers-schlagerparadies.de\/index.php?rest_route=\/wp\/v2\/media\/37851"}],"wp:attachment":[{"href":"https:\/\/bergers-schlagerparadies.de\/index.php?rest_route=%2Fwp%2Fv2%2Fmedia&parent=37850"}],"wp:term":[{"taxonomy":"category","embeddable":true,"href":"https:\/\/bergers-schlagerparadies.de\/index.php?rest_route=%2Fwp%2Fv2%2Fcategories&post=37850"},{"taxonomy":"post_tag","embeddable":true,"href":"https:\/\/bergers-schlagerparadies.de\/index.php?rest_route=%2Fwp%2Fv2%2Ftags&post=37850"}],"curies":[{"name":"wp","href":"https:\/\/api.w.org\/{rel}","templated":true}]}}