{"id":37708,"date":"2025-08-22T09:51:11","date_gmt":"2025-08-22T07:51:11","guid":{"rendered":"https:\/\/bergers-schlagerparadies.de\/?p=37708"},"modified":"2025-08-22T09:51:11","modified_gmt":"2025-08-22T07:51:11","slug":"isabel-varell-lass-sie-reden-%c2%b7-bergers-schlagerparadies","status":"publish","type":"post","link":"https:\/\/bergers-schlagerparadies.de\/?p=37708","title":{"rendered":"Isabel Varell &#8211; Lass sie reden \u00b7 Berger\u00b4s Schlagerparadies"},"content":{"rendered":"<p><img loading=\"lazy\" decoding=\"async\" class=\"size-medium wp-image-37709 alignleft\" src=\"https:\/\/bergers-schlagerparadies.de\/wp-content\/uploads\/2025\/08\/Isabel-Varell-Lass-sie-reden-300x300.jpeg\" alt=\"\" width=\"300\" height=\"300\" srcset=\"https:\/\/bergers-schlagerparadies.de\/wp-content\/uploads\/2025\/08\/Isabel-Varell-Lass-sie-reden-300x300.jpeg 300w, https:\/\/bergers-schlagerparadies.de\/wp-content\/uploads\/2025\/08\/Isabel-Varell-Lass-sie-reden-1024x1024.jpeg 1024w, https:\/\/bergers-schlagerparadies.de\/wp-content\/uploads\/2025\/08\/Isabel-Varell-Lass-sie-reden-150x150.jpeg 150w, https:\/\/bergers-schlagerparadies.de\/wp-content\/uploads\/2025\/08\/Isabel-Varell-Lass-sie-reden-768x768.jpeg 768w, https:\/\/bergers-schlagerparadies.de\/wp-content\/uploads\/2025\/08\/Isabel-Varell-Lass-sie-reden-1188x1188.jpeg 1188w, https:\/\/bergers-schlagerparadies.de\/wp-content\/uploads\/2025\/08\/Isabel-Varell-Lass-sie-reden-100x100.jpeg 100w, https:\/\/bergers-schlagerparadies.de\/wp-content\/uploads\/2025\/08\/Isabel-Varell-Lass-sie-reden.jpeg 1200w\" sizes=\"auto, (max-width: 300px) 100vw, 300px\" \/>Freiheit beginnt da, wo uns egal wird, was andere \u00fcber uns sagen. Isabel Varell erhebt genau diese Einstellung zum musikalischen Manifest und zeigt einmal mehr, sie ist eine Frau mit Haltung, Herz und einer unverkennbaren Stimme. Mit ihrer neuen Single \u201eLass sie reden\u201c schenkt sie uns einen Song voller Selbstvertrauen, Unabh\u00e4ngigkeit und der befreienden Erkenntnis, dass man nicht allen gefallen muss, um richtig zu sein. Mit klarer Botschaft und modernem Schlagersound feiert Isabel Varell das Selbst \u2013 mit all seinen Ecken, Kanten und St\u00e4rken.<\/p>\n<p>\u201eLass sie reden\u201c ermutigt dazu, sich frei zu machen von den Meinungen anderer, sich nicht mehr zu verbiegen und stattdessen mutig zu sich selbst zu stehen. Es ist ein Song, der aufr\u00fcttelt, befreit und gleichzeitig zum Tanzen einl\u00e4dt. Eingebettet in moderne Sounds, nach vorn gehende Beats und eine mitrei\u00dfende Hook ist \u201eLass sie reden\u201c aber mehr als ein typischer Schlager. Mit purer Authentizit\u00e4t bringt Isabel Varell n\u00e4mlich ihre ganz pers\u00f6nliche Handschrift mit ein: Tiefgang, der nicht schwer, sondern leichtf\u00fc\u00dfig daherkommt \u2013 und dadurch umso st\u00e4rker wirkt.<br \/>\nNeben der Musik begeistert Isabel Varell seit Jahrzehnten ein breites Publikum und feiert beeindruckende Erfolge als Moderatorin, Schauspielerin und Autorin. Auf den gr\u00f6\u00dften B\u00fchnen, in erfolgreichen TV-Formaten und mit ihrer ehrlichen, warmherzigen Art hat sie sich einen festen Platz im Herzen ihrer Fans gesichert. Mit ihrer Musik erz\u00e4hlt sie Geschichten, die direkt aus dem Leben kommen \u2013 offen, nahbar und voller Gef\u00fchl. \u201eLass sie reden\u201c entstand in Zusammenarbeit mit Hitproduzent Willy Kl\u00fcter und erscheint beim Label VIA Music Germany.<\/p>\n<p>\u201eLass sie reden\u201c ist ein weiterer Beweis daf\u00fcr, dass Isabel Varell als K\u00fcnstlerin auch musikalisch zu den starken Stimmen geh\u00f6rt, die etwas zu sagen haben \u2013 mit Leichtigkeit, aber klarer Haltung. Ein Song wie ein befreiender Atemzug, wie ein Blick in den Spiegel mit einem L\u00e4cheln. Denn am Ende z\u00e4hlt nur eines: sich selbst treu zu bleiben und das Leben so zu tanzen, wie es einem gef\u00e4llt.<\/p>\n<p><span style=\"color: #800000;\"><strong>Quelle: VIA Music<\/strong><\/span><\/p>\n<p><span style=\"color: #800000;\"><strong>Dieser Song ist ab dem 22.08.2025 auf allen Download- und Streaming-Portalen erh\u00e4ltlich.\u00a0<\/strong><\/span><\/p>\n<p><span style=\"color: #800000;\"><strong>Airdate (f\u00fcr Radiosender): 22.08.2025<\/strong><\/span><\/p>\n","protected":false},"excerpt":{"rendered":"<p>Freiheit beginnt da, wo uns egal wird, was andere \u00fcber uns sagen. Isabel Varell erhebt genau diese Einstellung zum musikalischen Manifest und zeigt einmal mehr, sie ist eine Frau mit Haltung, Herz und einer unverkennbaren Stimme. Mit ihrer neuen Single \u201eLass sie reden\u201c schenkt sie uns einen Song voller Selbstvertrauen, Unabh\u00e4ngigkeit und der befreienden Erkenntnis, dass man nicht allen gefallen muss, um richtig zu sein. Mit klarer Botschaft und modernem Schlagersound feiert Isabel Varell das Selbst \u2013 mit all seinen Ecken, Kanten und St\u00e4rken. \u201eLass sie reden\u201c ermutigt dazu, sich frei zu machen von den Meinungen anderer, sich nicht mehr zu verbiegen und stattdessen mutig&#8230;<\/p>\n","protected":false},"author":1,"featured_media":37709,"comment_status":"open","ping_status":"open","sticky":false,"template":"","format":"standard","meta":{"footnotes":""},"categories":[3231,2,3253],"tags":[1607],"class_list":["post-37708","post","type-post","status-publish","format-standard","has-post-thumbnail","hentry","category-bergers-schlagerparadies","category-schlager","category-via-music","tag-isabel-varell","wpcat-3231-id","wpcat-2-id","wpcat-3253-id"],"_links":{"self":[{"href":"https:\/\/bergers-schlagerparadies.de\/index.php?rest_route=\/wp\/v2\/posts\/37708","targetHints":{"allow":["GET"]}}],"collection":[{"href":"https:\/\/bergers-schlagerparadies.de\/index.php?rest_route=\/wp\/v2\/posts"}],"about":[{"href":"https:\/\/bergers-schlagerparadies.de\/index.php?rest_route=\/wp\/v2\/types\/post"}],"author":[{"embeddable":true,"href":"https:\/\/bergers-schlagerparadies.de\/index.php?rest_route=\/wp\/v2\/users\/1"}],"replies":[{"embeddable":true,"href":"https:\/\/bergers-schlagerparadies.de\/index.php?rest_route=%2Fwp%2Fv2%2Fcomments&post=37708"}],"version-history":[{"count":1,"href":"https:\/\/bergers-schlagerparadies.de\/index.php?rest_route=\/wp\/v2\/posts\/37708\/revisions"}],"predecessor-version":[{"id":37710,"href":"https:\/\/bergers-schlagerparadies.de\/index.php?rest_route=\/wp\/v2\/posts\/37708\/revisions\/37710"}],"wp:featuredmedia":[{"embeddable":true,"href":"https:\/\/bergers-schlagerparadies.de\/index.php?rest_route=\/wp\/v2\/media\/37709"}],"wp:attachment":[{"href":"https:\/\/bergers-schlagerparadies.de\/index.php?rest_route=%2Fwp%2Fv2%2Fmedia&parent=37708"}],"wp:term":[{"taxonomy":"category","embeddable":true,"href":"https:\/\/bergers-schlagerparadies.de\/index.php?rest_route=%2Fwp%2Fv2%2Fcategories&post=37708"},{"taxonomy":"post_tag","embeddable":true,"href":"https:\/\/bergers-schlagerparadies.de\/index.php?rest_route=%2Fwp%2Fv2%2Ftags&post=37708"}],"curies":[{"name":"wp","href":"https:\/\/api.w.org\/{rel}","templated":true}]}}