{"id":37669,"date":"2025-08-22T00:33:36","date_gmt":"2025-08-21T22:33:36","guid":{"rendered":"https:\/\/bergers-schlagerparadies.de\/?p=37669"},"modified":"2025-08-22T00:33:36","modified_gmt":"2025-08-21T22:33:36","slug":"steffen-sturm-was-man-samstag-halt-so-macht-%c2%b7-bergers-schlagerparadies","status":"publish","type":"post","link":"https:\/\/bergers-schlagerparadies.de\/?p=37669","title":{"rendered":"Steffen Sturm &#8211; Was man Samstag halt so macht \u00b7 Berger\u00b4s Schlagerparadies"},"content":{"rendered":"<p><img loading=\"lazy\" decoding=\"async\" class=\"size-medium wp-image-37670 alignleft\" src=\"https:\/\/bergers-schlagerparadies.de\/wp-content\/uploads\/2025\/08\/Steffen-Sturm-Was-man-Samstag-halt-so-macht-300x300.jpeg\" alt=\"\" width=\"300\" height=\"300\" srcset=\"https:\/\/bergers-schlagerparadies.de\/wp-content\/uploads\/2025\/08\/Steffen-Sturm-Was-man-Samstag-halt-so-macht-300x300.jpeg 300w, https:\/\/bergers-schlagerparadies.de\/wp-content\/uploads\/2025\/08\/Steffen-Sturm-Was-man-Samstag-halt-so-macht-1024x1024.jpeg 1024w, https:\/\/bergers-schlagerparadies.de\/wp-content\/uploads\/2025\/08\/Steffen-Sturm-Was-man-Samstag-halt-so-macht-150x150.jpeg 150w, https:\/\/bergers-schlagerparadies.de\/wp-content\/uploads\/2025\/08\/Steffen-Sturm-Was-man-Samstag-halt-so-macht-768x768.jpeg 768w, https:\/\/bergers-schlagerparadies.de\/wp-content\/uploads\/2025\/08\/Steffen-Sturm-Was-man-Samstag-halt-so-macht-1536x1536.jpeg 1536w, https:\/\/bergers-schlagerparadies.de\/wp-content\/uploads\/2025\/08\/Steffen-Sturm-Was-man-Samstag-halt-so-macht-2048x2048.jpeg 2048w, https:\/\/bergers-schlagerparadies.de\/wp-content\/uploads\/2025\/08\/Steffen-Sturm-Was-man-Samstag-halt-so-macht-1200x1200.jpeg 1200w, https:\/\/bergers-schlagerparadies.de\/wp-content\/uploads\/2025\/08\/Steffen-Sturm-Was-man-Samstag-halt-so-macht-1188x1188.jpeg 1188w, https:\/\/bergers-schlagerparadies.de\/wp-content\/uploads\/2025\/08\/Steffen-Sturm-Was-man-Samstag-halt-so-macht-100x100.jpeg 100w\" sizes=\"auto, (max-width: 300px) 100vw, 300px\" \/>Er begeisterte beim ZDF in der Sendung &#8222;Hallo Deutschland&#8220; sowie beim SWR Fernsehen in der Landesschau und zahlreichen weiteren TV- und Live Shows in Deutschland und \u00d6sterreich. Er teilte die B\u00fchne bei Gro\u00dfveranstaltungen u.a. mit Andrea Berg, DJ \u00d6tzi, voXXclub und Nicki.<br \/>\nAls Schlagers\u00e4nger ersang er sich mit seinen Liedern seit seinem Solo-Deb\u00fct im Fr\u00fchjahr 2022 sechsstellige Streams und Views bei Spotify und YouTube. Mit seinen Songs und seiner sanften Stimme singt er sich in die Herzen vieler Schlagerfans, was Platzierungen in den Radio Airplay Charts &#8222;Deutschland konservativ Pop\u201c und vielen weiteren Radio-und DJ-Charts eindrucksvoll belegen. In den Amazon Schlager-Charts konnte er sich ebenfalls TOP 10 Platzierungen sichern. Seine Titel geh\u00f6ren mittlerweile zum festen Programm in vielen Radiosendern in Deutschland, \u00d6sterreich und der Schweiz.<\/p>\n<p>Nach seinem Musikstudium i m Hauptfach Schlagzeug war Steffen, Preistr\u00e4ger des Deutschen Rock-und Pop-Preises, als Schlagzeuger mit verschiedenen Bands unterwegs, u.a. als Support-Act von Joe Cocker, Gary Moore, Manfred Man, The Beach Boys, The Boss Hoss, J\u00fcrgen Drews, Gregor Meyle und Joy Flemming. Dar\u00fcber hinaus stand er u.a. mit Musikern von<br \/>\nHerbert Gr\u00f6nemeyer, RTL-DSDS Band, Marius M\u00fcller-Westernhagen und den No Angels auf der B\u00fchne. Auftritte bei Veranstaltungen von Radiosendern SWR1, SWR3, Radio Ton und Radio 7 runden sein vielseitiges Engagement ab. Schon seit seiner Jugend begleitet ihn der deutsche Schlager. Seine ambitionierte Passion ist das Komponieren, Texten und Singen seiner eigenen Lieder.<\/p>\n<p>&#8222;Die Musik und die Energie, die dabei entsteht, ist faszinierend, dann wei\u00df ich immer wieder genau, warum ich mich f\u00fcr die Musik entschieden habe\u201c.<\/p>\n<p><span style=\"color: #800000;\"><strong>Quelle: Herz7<\/strong><\/span><\/p>\n<p><span style=\"color: #800000;\"><strong>Dieser Song ist ab dem 29.08.2025 auf allen Download- und Streaming-Portalen erh\u00e4ltlich.\u00a0<\/strong><\/span><\/p>\n<p><span style=\"color: #800000;\"><strong>Airdate (f\u00fcr Radiosender): 22.08.2025<\/strong><\/span><\/p>\n","protected":false},"excerpt":{"rendered":"<p>Er begeisterte beim ZDF in der Sendung &#8222;Hallo Deutschland&#8220; sowie beim SWR Fernsehen in der Landesschau und zahlreichen weiteren TV- und Live Shows in Deutschland und \u00d6sterreich. Er teilte die B\u00fchne bei Gro\u00dfveranstaltungen u.a. mit Andrea Berg, DJ \u00d6tzi, voXXclub und Nicki. Als Schlagers\u00e4nger ersang er sich mit seinen Liedern seit seinem Solo-Deb\u00fct im Fr\u00fchjahr 2022 sechsstellige Streams und Views bei Spotify und YouTube. Mit seinen Songs und seiner sanften Stimme singt er sich in die Herzen vieler Schlagerfans, was Platzierungen in den Radio Airplay Charts &#8222;Deutschland konservativ Pop\u201c und vielen weiteren Radio-und DJ-Charts eindrucksvoll belegen. In den Amazon Schlager-Charts konnte er sich ebenfalls TOP&#8230;<\/p>\n","protected":false},"author":1,"featured_media":37670,"comment_status":"open","ping_status":"open","sticky":false,"template":"","format":"standard","meta":{"footnotes":""},"categories":[3231,3451,3298,2],"tags":[1238],"class_list":["post-37669","post","type-post","status-publish","format-standard","has-post-thumbnail","hentry","category-bergers-schlagerparadies","category-herz7","category-pop-deutschsprachig","category-schlager","tag-steffen-sturm","wpcat-3231-id","wpcat-3451-id","wpcat-3298-id","wpcat-2-id"],"_links":{"self":[{"href":"https:\/\/bergers-schlagerparadies.de\/index.php?rest_route=\/wp\/v2\/posts\/37669","targetHints":{"allow":["GET"]}}],"collection":[{"href":"https:\/\/bergers-schlagerparadies.de\/index.php?rest_route=\/wp\/v2\/posts"}],"about":[{"href":"https:\/\/bergers-schlagerparadies.de\/index.php?rest_route=\/wp\/v2\/types\/post"}],"author":[{"embeddable":true,"href":"https:\/\/bergers-schlagerparadies.de\/index.php?rest_route=\/wp\/v2\/users\/1"}],"replies":[{"embeddable":true,"href":"https:\/\/bergers-schlagerparadies.de\/index.php?rest_route=%2Fwp%2Fv2%2Fcomments&post=37669"}],"version-history":[{"count":1,"href":"https:\/\/bergers-schlagerparadies.de\/index.php?rest_route=\/wp\/v2\/posts\/37669\/revisions"}],"predecessor-version":[{"id":37671,"href":"https:\/\/bergers-schlagerparadies.de\/index.php?rest_route=\/wp\/v2\/posts\/37669\/revisions\/37671"}],"wp:featuredmedia":[{"embeddable":true,"href":"https:\/\/bergers-schlagerparadies.de\/index.php?rest_route=\/wp\/v2\/media\/37670"}],"wp:attachment":[{"href":"https:\/\/bergers-schlagerparadies.de\/index.php?rest_route=%2Fwp%2Fv2%2Fmedia&parent=37669"}],"wp:term":[{"taxonomy":"category","embeddable":true,"href":"https:\/\/bergers-schlagerparadies.de\/index.php?rest_route=%2Fwp%2Fv2%2Fcategories&post=37669"},{"taxonomy":"post_tag","embeddable":true,"href":"https:\/\/bergers-schlagerparadies.de\/index.php?rest_route=%2Fwp%2Fv2%2Ftags&post=37669"}],"curies":[{"name":"wp","href":"https:\/\/api.w.org\/{rel}","templated":true}]}}